{"id":132038,"date":"2024-07-23T11:15:00","date_gmt":"2024-07-23T14:15:00","guid":{"rendered":"https:\/\/www.elsindical.com.ar\/notas\/?p=132038"},"modified":"2024-08-01T11:19:25","modified_gmt":"2024-08-01T14:19:25","slug":"el-municipio-presento-el-portal-avellaneda","status":"publish","type":"post","link":"https:\/\/www.elsindical.com.ar\/notas\/el-municipio-presento-el-portal-avellaneda\/","title":{"rendered":"El municipio present\u00f3 el \u00abPortal Avellaneda\u00bb"},"content":{"rendered":"\n<figure class=\"wp-block-image size-full\"><a href=\"https:\/\/www.elsindical.com.ar\/notas\/var\/www\/html\/notas\/wp-content\/uploads\/2024\/08\/Portal-Avellaneda.jpg\"><img loading=\"lazy\" decoding=\"async\" width=\"880\" height=\"512\" src=\"https:\/\/www.elsindical.com.ar\/notas\/var\/www\/html\/notas\/wp-content\/uploads\/2024\/08\/Portal-Avellaneda.jpg\" alt=\"\" class=\"wp-image-132039\" srcset=\"https:\/\/www.elsindical.com.ar\/notas\/var\/www\/html\/notas\/wp-content\/uploads\/2024\/08\/Portal-Avellaneda.jpg 880w, https:\/\/www.elsindical.com.ar\/notas\/var\/www\/html\/notas\/wp-content\/uploads\/2024\/08\/Portal-Avellaneda-300x175.jpg 300w, https:\/\/www.elsindical.com.ar\/notas\/var\/www\/html\/notas\/wp-content\/uploads\/2024\/08\/Portal-Avellaneda-768x447.jpg 768w, https:\/\/www.elsindical.com.ar\/notas\/var\/www\/html\/notas\/wp-content\/uploads\/2024\/08\/Portal-Avellaneda-500x291.jpg 500w\" sizes=\"auto, (max-width: 880px) 100vw, 880px\" \/><\/a><\/figure>\n\n\n\n<p class=\"wp-block-paragraph\">&#x200d;Se trata de una herramienta que permite acceder a la boleta digital y pagar las tasas de estos servicios de manera on line.\u00a0<\/p>\n\n\n\n<p class=\"wp-block-paragraph\">La Municipalidad de Avellaneda present\u00f3 el \u00abPortal Avellaneda\u00bb, desde el cual los vecinos y las vecinas podr\u00e1n abonar la Tasa por Servicios Generales, Patente Motoveh\u00edculos, Patente Automotor y Derechos de Cementerio, entre otros servicios.<\/p>\n\n\n\n<p class=\"wp-block-paragraph\">S\u00f3lo tienen que ingresar y registrarse en: <a href=\"https:\/\/portalavellaneda.mda.gob.ar\/\">https:\/\/portalavellaneda.mda.gob.ar\/<\/a><\/p>\n\n\n\n<p class=\"wp-block-paragraph\">\u00abEs r\u00e1pido y c\u00f3modo para los usuarios, y adem\u00e1s reducimos el uso de papel y cuidamos juntos el medio ambiente\u00bb, afirmaron desde el municipio en la presentaci\u00f3n de la nueva herramienta digital.<\/p>\n","protected":false},"excerpt":{"rendered":"<p>&#x200d;Se trata de una herramienta que permite acceder a la boleta digital y pagar las tasas de estos servicios de manera on line.\u00a0 La Municipalidad de Avellaneda present\u00f3 el \u00abPortal Avellaneda\u00bb, desde el cual los vecinos y las vecinas podr\u00e1n abonar la Tasa por Servicios Generales, Patente Motoveh\u00edculos, Patente Automotor y Derechos de Cementerio, entre&hellip;<\/p>\n","protected":false},"author":1,"featured_media":132039,"comment_status":"open","ping_status":"open","sticky":false,"template":"","format":"standard","meta":{"footnotes":""},"categories":[13,25],"tags":[461,2450,43406,8490,33394,986],"class_list":["post-132038","post","type-post","status-publish","format-standard","has-post-thumbnail","hentry","category-politica","category-sociedad","tag-avellaneda","tag-diario-el-sindical","tag-portal-avellaneda","tag-servicios","tag-tramites-online","tag-vecinos"],"_links":{"self":[{"href":"https:\/\/www.elsindical.com.ar\/notas\/wp-json\/wp\/v2\/posts\/132038","targetHints":{"allow":["GET"]}}],"collection":[{"href":"https:\/\/www.elsindical.com.ar\/notas\/wp-json\/wp\/v2\/posts"}],"about":[{"href":"https:\/\/www.elsindical.com.ar\/notas\/wp-json\/wp\/v2\/types\/post"}],"author":[{"embeddable":true,"href":"https:\/\/www.elsindical.com.ar\/notas\/wp-json\/wp\/v2\/users\/1"}],"replies":[{"embeddable":true,"href":"https:\/\/www.elsindical.com.ar\/notas\/wp-json\/wp\/v2\/comments?post=132038"}],"version-history":[{"count":1,"href":"https:\/\/www.elsindical.com.ar\/notas\/wp-json\/wp\/v2\/posts\/132038\/revisions"}],"predecessor-version":[{"id":132040,"href":"https:\/\/www.elsindical.com.ar\/notas\/wp-json\/wp\/v2\/posts\/132038\/revisions\/132040"}],"wp:featuredmedia":[{"embeddable":true,"href":"https:\/\/www.elsindical.com.ar\/notas\/wp-json\/wp\/v2\/media\/132039"}],"wp:attachment":[{"href":"https:\/\/www.elsindical.com.ar\/notas\/wp-json\/wp\/v2\/media?parent=132038"}],"wp:term":[{"taxonomy":"category","embeddable":true,"href":"https:\/\/www.elsindical.com.ar\/notas\/wp-json\/wp\/v2\/categories?post=132038"},{"taxonomy":"post_tag","embeddable":true,"href":"https:\/\/www.elsindical.com.ar\/notas\/wp-json\/wp\/v2\/tags?post=132038"}],"curies":[{"name":"wp","href":"https:\/\/api.w.org\/{rel}","templated":true}]}}