{"id":132026,"date":"2024-07-31T13:50:52","date_gmt":"2024-07-31T16:50:52","guid":{"rendered":"https:\/\/www.elsindical.com.ar\/notas\/?p=132026"},"modified":"2024-07-31T13:50:57","modified_gmt":"2024-07-31T16:50:57","slug":"lomas-de-zamora-en-un-intento-de-robo-mataron-de-dos-balazos-a-un-oficial-de-la-policia-de-la-ciudad","status":"publish","type":"post","link":"https:\/\/www.elsindical.com.ar\/notas\/lomas-de-zamora-en-un-intento-de-robo-mataron-de-dos-balazos-a-un-oficial-de-la-policia-de-la-ciudad\/","title":{"rendered":"Lomas de Zamora: En un intento de robo, mataron de dos balazos a un oficial de la Polic\u00eda de la Ciudad"},"content":{"rendered":"<div class=\"wp-block-image\">\n<figure class=\"aligncenter size-full\"><a href=\"https:\/\/www.elsindical.com.ar\/notas\/var\/www\/html\/notas\/wp-content\/uploads\/2024\/07\/Juan-Manuel-Castelli.jpg\"><img loading=\"lazy\" decoding=\"async\" width=\"516\" height=\"571\" src=\"https:\/\/www.elsindical.com.ar\/notas\/var\/www\/html\/notas\/wp-content\/uploads\/2024\/07\/Juan-Manuel-Castelli.jpg\" alt=\"\" class=\"wp-image-132027\" srcset=\"https:\/\/www.elsindical.com.ar\/notas\/var\/www\/html\/notas\/wp-content\/uploads\/2024\/07\/Juan-Manuel-Castelli.jpg 516w, https:\/\/www.elsindical.com.ar\/notas\/var\/www\/html\/notas\/wp-content\/uploads\/2024\/07\/Juan-Manuel-Castelli-271x300.jpg 271w\" sizes=\"auto, (max-width: 516px) 100vw, 516px\" \/><\/a><\/figure>\n<\/div>\n\n\n<p class=\"wp-block-paragraph\">Juan Manuel Castelli, que ten\u00eda 41 a\u00f1os y era padre de dos hijos, fue interceptado por dos delincuentes en Lomas de Zamora, cuando estaba yendo a trabajar.<\/p>\n\n\n\n<p class=\"wp-block-paragraph\">Como cada d\u00eda que ten\u00eda que ir a trabajar, Juan Manuel Castelli,<strong> un oficial de la Polic\u00eda de la Ciudad de 41 a\u00f1os, casado y padre de dos hijos, se subi\u00f3 a su moto<\/strong>. Pero nunca lleg\u00f3 a destino. En Lomas de Zamora,<strong> fue interceptado por dos delincuentes que, en un intento de robo, lo mataron de dos balazos<\/strong>.<\/p>\n\n\n\n<p class=\"wp-block-paragraph\">As\u00ed lo informaron las m\u00e1ximas autoridades del Ministerio de Seguridad porte\u00f1o, <strong>Waldo Wolff y Diego Kravetz <\/strong>en sus cuentas de la red social X.<\/p>\n\n\n\n<p class=\"wp-block-paragraph\">\u201cHace un rato asesinaron de dos balazos al oficial Juan Manuel Castelli en Lomas de Zamora, provincia de Buenos Aires. Dos delincuentes lo interceptaron para robarle cuando estaba viniendo a trabajar a la Ciudad. Uno de los asesinos ya est\u00e1 detenido y buscaremos al otro hasta encontrarlo. Mis condolencias a sus familiares, seres queridos y a la Polic\u00eda de la Ciudad en este terrible momento\u201d, sostuvo Wolff en su publicaci\u00f3n.<\/p>\n","protected":false},"excerpt":{"rendered":"<p>Juan Manuel Castelli, que ten\u00eda 41 a\u00f1os y era padre de dos hijos, fue interceptado por dos delincuentes en Lomas de Zamora, cuando estaba yendo a trabajar. Como cada d\u00eda que ten\u00eda que ir a trabajar, Juan Manuel Castelli, un oficial de la Polic\u00eda de la Ciudad de 41 a\u00f1os, casado y padre de dos&hellip;<\/p>\n","protected":false},"author":1,"featured_media":132027,"comment_status":"open","ping_status":"open","sticky":false,"template":"","format":"standard","meta":{"footnotes":""},"categories":[22],"tags":[37565,2450,984,43402,16396,24537],"class_list":["post-132026","post","type-post","status-publish","format-standard","has-post-thumbnail","hentry","category-policiales","tag-lomas-de-zamora-2","tag-diario-el-sindical","tag-inseguridad","tag-juan-manuel-castelli","tag-pba","tag-policia-de-la-ciudad"],"_links":{"self":[{"href":"https:\/\/www.elsindical.com.ar\/notas\/wp-json\/wp\/v2\/posts\/132026","targetHints":{"allow":["GET"]}}],"collection":[{"href":"https:\/\/www.elsindical.com.ar\/notas\/wp-json\/wp\/v2\/posts"}],"about":[{"href":"https:\/\/www.elsindical.com.ar\/notas\/wp-json\/wp\/v2\/types\/post"}],"author":[{"embeddable":true,"href":"https:\/\/www.elsindical.com.ar\/notas\/wp-json\/wp\/v2\/users\/1"}],"replies":[{"embeddable":true,"href":"https:\/\/www.elsindical.com.ar\/notas\/wp-json\/wp\/v2\/comments?post=132026"}],"version-history":[{"count":1,"href":"https:\/\/www.elsindical.com.ar\/notas\/wp-json\/wp\/v2\/posts\/132026\/revisions"}],"predecessor-version":[{"id":132028,"href":"https:\/\/www.elsindical.com.ar\/notas\/wp-json\/wp\/v2\/posts\/132026\/revisions\/132028"}],"wp:featuredmedia":[{"embeddable":true,"href":"https:\/\/www.elsindical.com.ar\/notas\/wp-json\/wp\/v2\/media\/132027"}],"wp:attachment":[{"href":"https:\/\/www.elsindical.com.ar\/notas\/wp-json\/wp\/v2\/media?parent=132026"}],"wp:term":[{"taxonomy":"category","embeddable":true,"href":"https:\/\/www.elsindical.com.ar\/notas\/wp-json\/wp\/v2\/categories?post=132026"},{"taxonomy":"post_tag","embeddable":true,"href":"https:\/\/www.elsindical.com.ar\/notas\/wp-json\/wp\/v2\/tags?post=132026"}],"curies":[{"name":"wp","href":"https:\/\/api.w.org\/{rel}","templated":true}]}}