{"id":132009,"date":"2024-07-30T21:19:46","date_gmt":"2024-07-31T00:19:46","guid":{"rendered":"https:\/\/www.elsindical.com.ar\/notas\/?p=132009"},"modified":"2024-07-30T21:19:52","modified_gmt":"2024-07-31T00:19:52","slug":"san-vicente-inauguracion-de-nuevas-instalaciones-de-la-fuerza-barrial-de-aproximacion-y-subdelegacion-de-drogas","status":"publish","type":"post","link":"https:\/\/www.elsindical.com.ar\/notas\/san-vicente-inauguracion-de-nuevas-instalaciones-de-la-fuerza-barrial-de-aproximacion-y-subdelegacion-de-drogas\/","title":{"rendered":"San Vicente: Inauguraci\u00f3n de nuevas instalaciones de la Fuerza Barrial de Aproximaci\u00f3n y Subdelegaci\u00f3n de Drogas"},"content":{"rendered":"\n<figure class=\"wp-block-image size-full\"><a href=\"https:\/\/www.elsindical.com.ar\/notas\/var\/www\/html\/notas\/wp-content\/uploads\/2024\/07\/Inauguracion-FBA-y-subdelegacion-de-drogas-en-San-Vicente-JP-Villar.jpg\"><img loading=\"lazy\" decoding=\"async\" width=\"880\" height=\"512\" src=\"https:\/\/www.elsindical.com.ar\/notas\/var\/www\/html\/notas\/wp-content\/uploads\/2024\/07\/Inauguracion-FBA-y-subdelegacion-de-drogas-en-San-Vicente-JP-Villar.jpg\" alt=\"\" class=\"wp-image-132010\" srcset=\"https:\/\/www.elsindical.com.ar\/notas\/var\/www\/html\/notas\/wp-content\/uploads\/2024\/07\/Inauguracion-FBA-y-subdelegacion-de-drogas-en-San-Vicente-JP-Villar.jpg 880w, https:\/\/www.elsindical.com.ar\/notas\/var\/www\/html\/notas\/wp-content\/uploads\/2024\/07\/Inauguracion-FBA-y-subdelegacion-de-drogas-en-San-Vicente-JP-Villar-300x175.jpg 300w, https:\/\/www.elsindical.com.ar\/notas\/var\/www\/html\/notas\/wp-content\/uploads\/2024\/07\/Inauguracion-FBA-y-subdelegacion-de-drogas-en-San-Vicente-JP-Villar-768x447.jpg 768w, https:\/\/www.elsindical.com.ar\/notas\/var\/www\/html\/notas\/wp-content\/uploads\/2024\/07\/Inauguracion-FBA-y-subdelegacion-de-drogas-en-San-Vicente-JP-Villar-500x291.jpg 500w\" sizes=\"auto, (max-width: 880px) 100vw, 880px\" \/><\/a><\/figure>\n\n\n\n<p>El gobernador de la provincia de Buenos Aires, <strong>Axel Kicillof<\/strong>, encabez\u00f3 este martes la inauguraci\u00f3n de las nuevas instalaciones de la Fuerza Barrial de Aproximaci\u00f3n (FBA) en el municipio de San Vicente, junto al ministro de Seguridad,<strong> Javier Alonso<\/strong>, y el intendente local, <strong>Nicol\u00e1s Mantegazza<\/strong>. Adem\u00e1s, puso en funcionamiento una Subdelegaci\u00f3n Departamental de Investigaciones del Tr\u00e1fico de Drogas Il\u00edcitas para fortalecer la lucha contra la comercializaci\u00f3n de estupefacientes.<\/p>\n\n\n\n<p>El Gobernador puso en funcionamiento tambi\u00e9n una Subdelegaci\u00f3n Departamental de Investigaciones del Tr\u00e1fico de Drogas Il\u00edcitas y encabez\u00f3 la apertura del nuevo edificio de la Escuela de Educaci\u00f3n Art\u00edstica N\u00b01.<\/p>\n\n\n\n<p>&nbsp;\u201cCon la Fuerza Barrial de Aproximaci\u00f3n estamos impulsando una transformaci\u00f3n muy importante en la filosof\u00eda y el enfoque de la presencia policial en los barrios: no se pueden resolver todos los problemas solo con patrulleros en las calles, hace falta que los efectivos generen un v\u00ednculo con los vecinos y se acerquen mucho m\u00e1s a las problem\u00e1ticas de la comunidad\u201d, se\u00f1al\u00f3 el Gobernador y a\u00f1adi\u00f3: \u201cEn poco m\u00e1s de cuatro a\u00f1os, y pese a todas las dificultades que hemos tenido que atravesar, inauguramos ya 23 bases en distintos municipios y sumamos 5.500 agentes a este cuerpo especial de la polic\u00eda provincial\u201d.<\/p>\n\n\n\n<p>Kicillof tambi\u00e9n destac\u00f3 que \u201ca\u00fan cuando el Gobierno nacional recort\u00f3 ilegalmente fondos destinados a fortalecer la seguridad en nuestra provincia, estamos hoy inaugurando dependencias policiales que vienen a dar respuestas a las necesidades de los y las bonaerenses\u201d. \u201cSe puede hablar mucho del tema y exigir m\u00e1s presencia y eficacia a las fuerzas, pero es imposible brindar m\u00e1s seguridad con ajustes y recortes: en nuestros municipios no hace falta menos, sino m\u00e1s inversi\u00f3n en equipamiento, infraestructura y formaci\u00f3n\u201d, agreg\u00f3.<\/p>\n\n\n\n<p><strong>La nueva sede de la FBA<\/strong><\/p>\n\n\n\n<p>El destacamento de la FBA est\u00e1 ubicado en la localidad de Alejandro Korn y cuenta con 64 efectivos y cuatro camionetas. Esta fuerza apunta a potenciar la seguridad en el distrito mediante una mayor cercan\u00eda entre el personal policial y los vecinos y vecinas de cada uno de los barrios.<\/p>\n\n\n\n<p>\u201cEsta fuerza barrial de aproximaci\u00f3n es una muestra m\u00e1s del compromiso que tiene el gobierno provincial con la seguridad: no estamos invirtiendo solamente en nuevo equipamiento, sino tambi\u00e9n en aspectos que no est\u00e1n a la vista como la capacitaci\u00f3n y profesionalizaci\u00f3n de nuestra polic\u00eda\u201d, subray\u00f3 Alonso y se\u00f1al\u00f3: \u201cFrente a la decisi\u00f3n del Gobierno nacional de dejar abandonada y sin seguridad a la autopista Presidente Per\u00f3n, estamos poniendo en funcionamiento un \u00e1rea que trabajar\u00e1 para prevenir que la violencia y el tr\u00e1fico de drogas se instalen en la regi\u00f3n\u201d.<\/p>\n\n\n\n<figure class=\"wp-block-image size-large\"><a href=\"https:\/\/www.elsindical.com.ar\/notas\/var\/www\/html\/notas\/wp-content\/uploads\/2024\/07\/FBA-San-Vicente.jpg\"><img loading=\"lazy\" decoding=\"async\" width=\"1024\" height=\"683\" src=\"https:\/\/www.elsindical.com.ar\/notas\/var\/www\/html\/notas\/wp-content\/uploads\/2024\/07\/FBA-San-Vicente-1024x683.jpg\" alt=\"\" class=\"wp-image-132011\" srcset=\"https:\/\/www.elsindical.com.ar\/notas\/var\/www\/html\/notas\/wp-content\/uploads\/2024\/07\/FBA-San-Vicente-1024x683.jpg 1024w, https:\/\/www.elsindical.com.ar\/notas\/var\/www\/html\/notas\/wp-content\/uploads\/2024\/07\/FBA-San-Vicente-300x200.jpg 300w, https:\/\/www.elsindical.com.ar\/notas\/var\/www\/html\/notas\/wp-content\/uploads\/2024\/07\/FBA-San-Vicente-768x512.jpg 768w, https:\/\/www.elsindical.com.ar\/notas\/var\/www\/html\/notas\/wp-content\/uploads\/2024\/07\/FBA-San-Vicente-450x300.jpg 450w, https:\/\/www.elsindical.com.ar\/notas\/var\/www\/html\/notas\/wp-content\/uploads\/2024\/07\/FBA-San-Vicente-1536x1025.jpg 1536w, https:\/\/www.elsindical.com.ar\/notas\/var\/www\/html\/notas\/wp-content\/uploads\/2024\/07\/FBA-San-Vicente.jpg 2048w\" sizes=\"auto, (max-width: 1024px) 100vw, 1024px\" \/><\/a><\/figure>\n\n\n\n<p><strong>Competencias de la FBA<\/strong><\/p>\n\n\n\n<p>La Subdelegaci\u00f3n Departamental de Investigaciones del Tr\u00e1fico de Drogas Il\u00edcitas tiene competencia tanto en San Vicente como en los partidos de Brandsen y Ca\u00f1uelas, mejorando as\u00ed la seguridad de m\u00e1s de 200 mil bonaerenses.<\/p>\n\n\n\n<p>Por su parte, Mantegazza remarc\u00f3: \u201cContamos con una gesti\u00f3n provincial que asumi\u00f3 la responsabilidad de cuidar a nuestros vecinos y concretar todas las obras que sirvan para potenciar el desarrollo de nuestro municipio\u201d. \u201cEste es un avance m\u00e1s en materia de seguridad en San Vicente, donde ya se han sumado 120 nuevos efectivos en distintas dependencias\u201d, agreg\u00f3.<\/p>\n\n\n\n<figure class=\"wp-block-image size-large\"><a href=\"https:\/\/www.elsindical.com.ar\/notas\/var\/www\/html\/notas\/wp-content\/uploads\/2024\/07\/San-Vicente-subdelegacion-de-drogas-1.jpg\"><img loading=\"lazy\" decoding=\"async\" width=\"1024\" height=\"683\" src=\"https:\/\/www.elsindical.com.ar\/notas\/var\/www\/html\/notas\/wp-content\/uploads\/2024\/07\/San-Vicente-subdelegacion-de-drogas-1-1024x683.jpg\" alt=\"\" class=\"wp-image-132013\" srcset=\"https:\/\/www.elsindical.com.ar\/notas\/var\/www\/html\/notas\/wp-content\/uploads\/2024\/07\/San-Vicente-subdelegacion-de-drogas-1-1024x683.jpg 1024w, https:\/\/www.elsindical.com.ar\/notas\/var\/www\/html\/notas\/wp-content\/uploads\/2024\/07\/San-Vicente-subdelegacion-de-drogas-1-300x200.jpg 300w, https:\/\/www.elsindical.com.ar\/notas\/var\/www\/html\/notas\/wp-content\/uploads\/2024\/07\/San-Vicente-subdelegacion-de-drogas-1-768x512.jpg 768w, https:\/\/www.elsindical.com.ar\/notas\/var\/www\/html\/notas\/wp-content\/uploads\/2024\/07\/San-Vicente-subdelegacion-de-drogas-1-450x300.jpg 450w, https:\/\/www.elsindical.com.ar\/notas\/var\/www\/html\/notas\/wp-content\/uploads\/2024\/07\/San-Vicente-subdelegacion-de-drogas-1-1536x1025.jpg 1536w, https:\/\/www.elsindical.com.ar\/notas\/var\/www\/html\/notas\/wp-content\/uploads\/2024\/07\/San-Vicente-subdelegacion-de-drogas-1.jpg 2048w\" sizes=\"auto, (max-width: 1024px) 100vw, 1024px\" \/><\/a><\/figure>\n\n\n\n<p><strong>Autoridades presentes<\/strong><\/p>\n\n\n\n<p>Estuvieron presentes los subsecretarios de Educaci\u00f3n, Pablo Urquiza; y de Infraestructura Escolar, <strong>Ariel Lambezat<\/strong>; el Jefe de la Polic\u00eda provincial, Comisario General <strong>Javier Carlos Villar<\/strong>; la senadora provincial <strong>Mar\u00eda Rosa Mart\u00ednez<\/strong>; la intendenta de Presidente Per\u00f3n, Blanca Cantero; la dirigenta <strong>Natalia S\u00e1nchez J\u00e1uregui<\/strong>; y la directora de la EEA N\u00b01, <strong>Silvia Zermoglio<\/strong>.<\/p>\n\n\n\n<figure class=\"wp-block-embed is-type-video is-provider-youtube wp-block-embed-youtube wp-embed-aspect-16-9 wp-has-aspect-ratio\"><div class=\"wp-block-embed__wrapper\">\n<iframe loading=\"lazy\" title=\"San Vicente la gobernaci\u00f3n refuerza la seguridad\" width=\"700\" height=\"394\" src=\"https:\/\/www.youtube.com\/embed\/BY8AL-H5jqc?feature=oembed\" frameborder=\"0\" allow=\"accelerometer; autoplay; clipboard-write; encrypted-media; gyroscope; picture-in-picture; web-share\" referrerpolicy=\"strict-origin-when-cross-origin\" allowfullscreen><\/iframe>\n<\/div><\/figure>\n\n\n\n<p><strong>Fuente: <a href=\"https:\/\/losbonaerenses.com.ar\/\">Los Bonaerenses<\/a><\/strong><\/p>\n\n\n\n<p><\/p>\n\n\n\n<p><\/p>\n\n\n\n<p><\/p>\n","protected":false},"excerpt":{"rendered":"<p>El gobernador de la provincia de Buenos Aires, Axel Kicillof, encabez\u00f3 este martes la inauguraci\u00f3n de las nuevas instalaciones de la Fuerza Barrial de Aproximaci\u00f3n (FBA) en el municipio de San Vicente, junto al ministro de Seguridad, Javier Alonso, y el intendente local, Nicol\u00e1s Mantegazza. Adem\u00e1s, puso en funcionamiento una Subdelegaci\u00f3n Departamental de Investigaciones del&hellip;<\/p>\n","protected":false},"author":1,"featured_media":132010,"comment_status":"open","ping_status":"open","sticky":false,"template":"","format":"standard","meta":{"footnotes":""},"categories":[1],"tags":[42512,42767,33318,42799,42198,3736,7257],"class_list":["post-132009","post","type-post","status-publish","format-standard","has-post-thumbnail","hentry","category-destacadas","tag-axel-kiccillof","tag-fba","tag-javier-alonso","tag-jefe-de-policia-comisario-general-javier-carlos-villar","tag-los-bonaerenses","tag-san-vicente","tag-superintendencia-de-investigaciones-del-trafico-de-drogas-ilicitas"],"_links":{"self":[{"href":"https:\/\/www.elsindical.com.ar\/notas\/wp-json\/wp\/v2\/posts\/132009","targetHints":{"allow":["GET"]}}],"collection":[{"href":"https:\/\/www.elsindical.com.ar\/notas\/wp-json\/wp\/v2\/posts"}],"about":[{"href":"https:\/\/www.elsindical.com.ar\/notas\/wp-json\/wp\/v2\/types\/post"}],"author":[{"embeddable":true,"href":"https:\/\/www.elsindical.com.ar\/notas\/wp-json\/wp\/v2\/users\/1"}],"replies":[{"embeddable":true,"href":"https:\/\/www.elsindical.com.ar\/notas\/wp-json\/wp\/v2\/comments?post=132009"}],"version-history":[{"count":1,"href":"https:\/\/www.elsindical.com.ar\/notas\/wp-json\/wp\/v2\/posts\/132009\/revisions"}],"predecessor-version":[{"id":132014,"href":"https:\/\/www.elsindical.com.ar\/notas\/wp-json\/wp\/v2\/posts\/132009\/revisions\/132014"}],"wp:featuredmedia":[{"embeddable":true,"href":"https:\/\/www.elsindical.com.ar\/notas\/wp-json\/wp\/v2\/media\/132010"}],"wp:attachment":[{"href":"https:\/\/www.elsindical.com.ar\/notas\/wp-json\/wp\/v2\/media?parent=132009"}],"wp:term":[{"taxonomy":"category","embeddable":true,"href":"https:\/\/www.elsindical.com.ar\/notas\/wp-json\/wp\/v2\/categories?post=132009"},{"taxonomy":"post_tag","embeddable":true,"href":"https:\/\/www.elsindical.com.ar\/notas\/wp-json\/wp\/v2\/tags?post=132009"}],"curies":[{"name":"wp","href":"https:\/\/api.w.org\/{rel}","templated":true}]}}