{"id":131994,"date":"2024-07-29T13:36:35","date_gmt":"2024-07-29T16:36:35","guid":{"rendered":"https:\/\/www.elsindical.com.ar\/notas\/?p=131994"},"modified":"2024-07-29T13:36:41","modified_gmt":"2024-07-29T16:36:41","slug":"cuanto-ganara-un-albanil-por-dia-y-hora-en-agosto-de-2024","status":"publish","type":"post","link":"https:\/\/www.elsindical.com.ar\/notas\/cuanto-ganara-un-albanil-por-dia-y-hora-en-agosto-de-2024\/","title":{"rendered":"Cu\u00e1nto ganar\u00e1 un alba\u00f1il por d\u00eda y hora en agosto de 2024"},"content":{"rendered":"<div class=\"wp-block-image\">\n<figure class=\"aligncenter size-full is-resized\"><a href=\"https:\/\/www.elsindical.com.ar\/notas\/var\/www\/html\/notas\/wp-content\/uploads\/2014\/12\/alba\u00f1il.jpg\"><img loading=\"lazy\" decoding=\"async\" width=\"443\" height=\"237\" src=\"https:\/\/www.elsindical.com.ar\/notas\/var\/www\/html\/notas\/wp-content\/uploads\/2014\/12\/alba\u00f1il.jpg\" alt=\"\" class=\"wp-image-47791\" style=\"width:639px;height:auto\" srcset=\"https:\/\/www.elsindical.com.ar\/notas\/var\/www\/html\/notas\/wp-content\/uploads\/2014\/12\/alba\u00f1il.jpg 443w, https:\/\/www.elsindical.com.ar\/notas\/var\/www\/html\/notas\/wp-content\/uploads\/2014\/12\/alba\u00f1il-300x160.jpg 300w\" sizes=\"auto, (max-width: 443px) 100vw, 443px\" \/><\/a><\/figure>\n<\/div>\n\n\n<p>Toda la informaci\u00f3n sobre los sueldos vigentes de los trabajadores de la construcci\u00f3n en agosto de 2024.<\/p>\n\n\n\n<p>El <strong>salario de un alba\u00f1il<\/strong> en agosto de 2024 por <strong>d\u00eda y hora<\/strong> depende de su nivel de especializaci\u00f3n, experiencia y la zona en la que trabaje.<\/p>\n\n\n\n<p>La Uni\u00f3n Obrera de la Construcci\u00f3n de la Rep\u00fablica Argentina (UOCRA) y las c\u00e1maras del sector actualizaron las <strong>escalas salariales<\/strong> para los trabajadores de la construcci\u00f3n por \u00faltima vez en junio de 2024, y estos montos permanecer\u00e1n vigentes en agosto.<\/p>\n\n\n\n<h2 class=\"wp-block-heading\">Cu\u00e1nto ganar\u00e1 un alba\u00f1il por d\u00eda y hora en Buenos Aires en agosto de 2024<\/h2>\n\n\n\n<p><strong>Alba\u00f1il especializado:<\/strong><\/p>\n\n\n\n<ul class=\"wp-block-list\">\n<li>Sueldo b\u00e1sico por hora: $3970<\/li>\n\n\n\n<li>Por jornada de trabajo de 9 horas: $35.730<\/li>\n<\/ul>\n\n\n\n<p><strong>Oficial alba\u00f1il:<\/strong><\/p>\n\n\n\n<ul class=\"wp-block-list\">\n<li>Sueldo b\u00e1sico por hora: $3229<\/li>\n\n\n\n<li>Por jornada de trabajo de 9 horas: $29.061<\/li>\n<\/ul>\n\n\n\n<p><strong>Medio oficial de alba\u00f1il:<\/strong><\/p>\n\n\n\n<ul class=\"wp-block-list\">\n<li>Sueldo b\u00e1sico por hora: $2892<\/li>\n\n\n\n<li>Por jornada de trabajo de 9 horas: $26.028<\/li>\n<\/ul>\n\n\n\n<p><strong>Ayudante de alba\u00f1il:<\/strong><\/p>\n\n\n\n<ul class=\"wp-block-list\">\n<li>Sueldo b\u00e1sico por hora: $2598<\/li>\n\n\n\n<li>Por jornada de trabajo de 9 horas: $23.382<\/li>\n<\/ul>\n\n\n\n<h2 class=\"wp-block-heading\">Cu\u00e1nto cobrar\u00e1 un alba\u00f1il en el interior de la Argentina en agosto de 2024<\/h2>\n\n\n\n<p><strong>Alba\u00f1il especializado:<\/strong><\/p>\n\n\n\n<ul class=\"wp-block-list\">\n<li>Sueldo b\u00e1sico con adicional por zona B: $4406<\/li>\n\n\n\n<li>Sueldo b\u00e1sico con adicional por zona C: $6168<\/li>\n\n\n\n<li>Sueldo b\u00e1sico con adicional por zona Austral: $7940<\/li>\n<\/ul>\n\n\n\n<p><strong>Oficial alba\u00f1il:<\/strong><\/p>\n\n\n\n<ul class=\"wp-block-list\">\n<li>Sueldo b\u00e1sico con adicional por zona B: $3580<\/li>\n\n\n\n<li>Sueldo b\u00e1sico con adicional por zona C: $5424<\/li>\n\n\n\n<li>Sueldo b\u00e1sico con adicional por zona Austral: $6457<\/li>\n<\/ul>\n\n\n\n<p><strong>Medio oficial de alba\u00f1il:<\/strong><\/p>\n\n\n\n<ul class=\"wp-block-list\">\n<li>Sueldo b\u00e1sico con adicional por zona B: $3207<\/li>\n\n\n\n<li>Sueldo b\u00e1sico con adicional por zona C: $5089<\/li>\n\n\n\n<li>Sueldo b\u00e1sico con adicional por zona Austral: $5783<\/li>\n<\/ul>\n\n\n\n<p><strong>Ayudante de alba\u00f1il:<\/strong><\/p>\n\n\n\n<ul class=\"wp-block-list\">\n<li>Sueldo b\u00e1sico con adicional por zona B: $2883<\/li>\n\n\n\n<li>Sueldo b\u00e1sico con adicional por zona C: $4806<\/li>\n\n\n\n<li>Sueldo b\u00e1sico con adicional por zona Austral: $5196<\/li>\n<\/ul>\n\n\n\n<h3 class=\"wp-block-heading\">Zonas:<\/h3>\n\n\n\n<p><strong>Zona A:<\/strong><\/p>\n\n\n\n<ul class=\"wp-block-list\">\n<li>Ciudad Aut\u00f3noma de Buenos Aires (CABA), provincia de Buenos Aires, Santiago del Estero, Santa Fe, Mendoza, San Juan, Catamarca, C\u00f3rdoba, Entre R\u00edos, Salta, Tucum\u00e1n, Chaco, La Pampa, San Luis, Corrientes, La Rioja, Formosa, Jujuy y Misiones.<\/li>\n\n\n\n<li>Estos trabajadores perciben el sueldo b\u00e1sico mencionado en un principio, sin adicional por zona.<\/li>\n<\/ul>\n\n\n\n<p><strong>Zona B:<\/strong><\/p>\n\n\n\n<ul class=\"wp-block-list\">\n<li>Neuqu\u00e9n, R\u00edo Negro y Chubut.<\/li>\n<\/ul>\n\n\n\n<p><strong>Zona C:<\/strong><\/p>\n\n\n\n<ul class=\"wp-block-list\">\n<li>Santa Cruz.<\/li>\n<\/ul>\n\n\n\n<p><strong>Zona C Austral:<\/strong><\/p>\n\n\n\n<ul class=\"wp-block-list\">\n<li>Tierra del Fuego.<\/li>\n<\/ul>\n","protected":false},"excerpt":{"rendered":"<p>Toda la informaci\u00f3n sobre los sueldos vigentes de los trabajadores de la construcci\u00f3n en agosto de 2024. El salario de un alba\u00f1il en agosto de 2024 por d\u00eda y hora depende de su nivel de especializaci\u00f3n, experiencia y la zona en la que trabaje. La Uni\u00f3n Obrera de la Construcci\u00f3n de la Rep\u00fablica Argentina (UOCRA)&hellip;<\/p>\n","protected":false},"author":1,"featured_media":47791,"comment_status":"open","ping_status":"open","sticky":false,"template":"","format":"standard","meta":{"footnotes":""},"categories":[9],"tags":[43394,2450,31944,803,43393,1228],"class_list":["post-131994","post","type-post","status-publish","format-standard","has-post-thumbnail","hentry","category-economia","tag-agosto-2024","tag-diario-el-sindical","tag-escala-salarial","tag-salarios","tag-sueldo-albanil","tag-uocra"],"_links":{"self":[{"href":"https:\/\/www.elsindical.com.ar\/notas\/wp-json\/wp\/v2\/posts\/131994","targetHints":{"allow":["GET"]}}],"collection":[{"href":"https:\/\/www.elsindical.com.ar\/notas\/wp-json\/wp\/v2\/posts"}],"about":[{"href":"https:\/\/www.elsindical.com.ar\/notas\/wp-json\/wp\/v2\/types\/post"}],"author":[{"embeddable":true,"href":"https:\/\/www.elsindical.com.ar\/notas\/wp-json\/wp\/v2\/users\/1"}],"replies":[{"embeddable":true,"href":"https:\/\/www.elsindical.com.ar\/notas\/wp-json\/wp\/v2\/comments?post=131994"}],"version-history":[{"count":1,"href":"https:\/\/www.elsindical.com.ar\/notas\/wp-json\/wp\/v2\/posts\/131994\/revisions"}],"predecessor-version":[{"id":131995,"href":"https:\/\/www.elsindical.com.ar\/notas\/wp-json\/wp\/v2\/posts\/131994\/revisions\/131995"}],"wp:featuredmedia":[{"embeddable":true,"href":"https:\/\/www.elsindical.com.ar\/notas\/wp-json\/wp\/v2\/media\/47791"}],"wp:attachment":[{"href":"https:\/\/www.elsindical.com.ar\/notas\/wp-json\/wp\/v2\/media?parent=131994"}],"wp:term":[{"taxonomy":"category","embeddable":true,"href":"https:\/\/www.elsindical.com.ar\/notas\/wp-json\/wp\/v2\/categories?post=131994"},{"taxonomy":"post_tag","embeddable":true,"href":"https:\/\/www.elsindical.com.ar\/notas\/wp-json\/wp\/v2\/tags?post=131994"}],"curies":[{"name":"wp","href":"https:\/\/api.w.org\/{rel}","templated":true}]}}