{"id":131991,"date":"2024-07-29T13:20:01","date_gmt":"2024-07-29T16:20:01","guid":{"rendered":"https:\/\/www.elsindical.com.ar\/notas\/?p=131991"},"modified":"2024-07-29T13:20:33","modified_gmt":"2024-07-29T16:20:33","slug":"el-turismo-cayo-un-12-en-estas-vacaciones-de-invierno","status":"publish","type":"post","link":"https:\/\/www.elsindical.com.ar\/notas\/el-turismo-cayo-un-12-en-estas-vacaciones-de-invierno\/","title":{"rendered":"El turismo cay\u00f3 un 12% en estas vacaciones de invierno"},"content":{"rendered":"<div class=\"wp-block-image\">\n<figure class=\"aligncenter size-full\"><a href=\"https:\/\/www.elsindical.com.ar\/notas\/var\/www\/html\/notas\/wp-content\/uploads\/2024\/07\/vacaciones-de-invierno-2024.jpg\"><img loading=\"lazy\" decoding=\"async\" width=\"487\" height=\"472\" src=\"https:\/\/www.elsindical.com.ar\/notas\/var\/www\/html\/notas\/wp-content\/uploads\/2024\/07\/vacaciones-de-invierno-2024.jpg\" alt=\"\" class=\"wp-image-131992\" srcset=\"https:\/\/www.elsindical.com.ar\/notas\/var\/www\/html\/notas\/wp-content\/uploads\/2024\/07\/vacaciones-de-invierno-2024.jpg 487w, https:\/\/www.elsindical.com.ar\/notas\/var\/www\/html\/notas\/wp-content\/uploads\/2024\/07\/vacaciones-de-invierno-2024-300x291.jpg 300w, https:\/\/www.elsindical.com.ar\/notas\/var\/www\/html\/notas\/wp-content\/uploads\/2024\/07\/vacaciones-de-invierno-2024-310x300.jpg 310w\" sizes=\"auto, (max-width: 487px) 100vw, 487px\" \/><\/a><\/figure>\n<\/div>\n\n\n<p>La CAME inform\u00f3 que se movilizaron 4,9 millones de turistas en las vacaciones de invierno. Todos los datos.<\/p>\n\n\n\n<p><strong>Unos 4,9 millones de turistas se movilizaron por las vacaciones de invierno, lo que representa una ca\u00edda de 11,9%&nbsp;<\/strong>respecto al a\u00f1o pasado, seg\u00fan inform\u00f3 la Confederaci\u00f3n Argentina de la Mediana Empresa (CAME).<\/p>\n\n\n\n<p><strong>El gasto total ascendi\u00f3 a $ 1,2 billones en las ciudades que integran el circuito tur\u00edstico del pa\u00eds, lo que implica una ca\u00edda de &nbsp;22,2% con relaci\u00f3n a 2023 a precios constantes.<\/strong><\/p>\n\n\n\n<h2 class=\"wp-block-heading\">M\u00e1s datos<\/h2>\n\n\n\n<p>La CAME inform\u00f3 que<strong>&nbsp;la estad\u00eda media baj\u00f3 a 4,1 d\u00edas, desde el 4,5 y el gasto diario en promedio fue de $59.890<\/strong>, que a precios reales (es decir, descontando la inflaci\u00f3n) result\u00f3 3% inferior a la temporada pasada.<\/p>\n\n\n\n<p><strong>\u201cMuchas ciudades compararon este invierno con los resultados obtenidos en la prepandemia, entre 2017 y 2019\u201d<\/strong>, afirm\u00f3 la entidad.<\/p>\n\n\n\n<p>Los n\u00fameros elaborados por CAME son en base a informaci\u00f3n brindada por entidades de provincias y municipios.<\/p>\n\n\n\n<figure class=\"wp-block-embed aligncenter is-type-rich is-provider-twitter wp-block-embed-twitter\"><div class=\"wp-block-embed__wrapper\">\nhttps:\/\/twitter.com\/redcame\/status\/1817925959498031274?ref_src=twsrc%5Etfw%7Ctwcamp%5Etweetembed%7Ctwterm%5E1817925959498031274%7Ctwgr%5Ed410a42cdbf835eade7f21a264f0a1adcade80ea%7Ctwcon%5Es1_c10&#038;ref_url=https%3A%2F%2Fwww.inforegion.com.ar%2F2024%2F07%2F29%2Fel-turismo-cayo-un-12-en-estas-vacaciones-de-invierno%2F\n<\/div><\/figure>\n","protected":false},"excerpt":{"rendered":"<p>La CAME inform\u00f3 que se movilizaron 4,9 millones de turistas en las vacaciones de invierno. Todos los datos. Unos 4,9 millones de turistas se movilizaron por las vacaciones de invierno, lo que representa una ca\u00edda de 11,9%&nbsp;respecto al a\u00f1o pasado, seg\u00fan inform\u00f3 la Confederaci\u00f3n Argentina de la Mediana Empresa (CAME). El gasto total ascendi\u00f3 a&hellip;<\/p>\n","protected":false},"author":1,"featured_media":131992,"comment_status":"open","ping_status":"open","sticky":false,"template":"","format":"standard","meta":{"footnotes":""},"categories":[9],"tags":[7187,2450,22023,2531,29192],"class_list":["post-131991","post","type-post","status-publish","format-standard","has-post-thumbnail","hentry","category-economia","tag-came","tag-diario-el-sindical","tag-economia","tag-turismo","tag-vacaciones-de-invierno"],"_links":{"self":[{"href":"https:\/\/www.elsindical.com.ar\/notas\/wp-json\/wp\/v2\/posts\/131991","targetHints":{"allow":["GET"]}}],"collection":[{"href":"https:\/\/www.elsindical.com.ar\/notas\/wp-json\/wp\/v2\/posts"}],"about":[{"href":"https:\/\/www.elsindical.com.ar\/notas\/wp-json\/wp\/v2\/types\/post"}],"author":[{"embeddable":true,"href":"https:\/\/www.elsindical.com.ar\/notas\/wp-json\/wp\/v2\/users\/1"}],"replies":[{"embeddable":true,"href":"https:\/\/www.elsindical.com.ar\/notas\/wp-json\/wp\/v2\/comments?post=131991"}],"version-history":[{"count":1,"href":"https:\/\/www.elsindical.com.ar\/notas\/wp-json\/wp\/v2\/posts\/131991\/revisions"}],"predecessor-version":[{"id":131993,"href":"https:\/\/www.elsindical.com.ar\/notas\/wp-json\/wp\/v2\/posts\/131991\/revisions\/131993"}],"wp:featuredmedia":[{"embeddable":true,"href":"https:\/\/www.elsindical.com.ar\/notas\/wp-json\/wp\/v2\/media\/131992"}],"wp:attachment":[{"href":"https:\/\/www.elsindical.com.ar\/notas\/wp-json\/wp\/v2\/media?parent=131991"}],"wp:term":[{"taxonomy":"category","embeddable":true,"href":"https:\/\/www.elsindical.com.ar\/notas\/wp-json\/wp\/v2\/categories?post=131991"},{"taxonomy":"post_tag","embeddable":true,"href":"https:\/\/www.elsindical.com.ar\/notas\/wp-json\/wp\/v2\/tags?post=131991"}],"curies":[{"name":"wp","href":"https:\/\/api.w.org\/{rel}","templated":true}]}}