{"id":131914,"date":"2024-07-24T12:09:55","date_gmt":"2024-07-24T15:09:55","guid":{"rendered":"https:\/\/www.elsindical.com.ar\/notas\/?p=131914"},"modified":"2024-07-24T12:09:59","modified_gmt":"2024-07-24T15:09:59","slug":"mas-recortes-en-el-incaa","status":"publish","type":"post","link":"https:\/\/www.elsindical.com.ar\/notas\/mas-recortes-en-el-incaa\/","title":{"rendered":"M\u00e1s recortes en el INCAA"},"content":{"rendered":"<div class=\"wp-block-image\">\n<figure class=\"aligncenter size-full\"><a href=\"https:\/\/www.elsindical.com.ar\/notas\/var\/www\/html\/notas\/wp-content\/uploads\/2024\/06\/INCAA-frente.jpg\"><img loading=\"lazy\" decoding=\"async\" width=\"675\" height=\"458\" src=\"https:\/\/www.elsindical.com.ar\/notas\/var\/www\/html\/notas\/wp-content\/uploads\/2024\/06\/INCAA-frente.jpg\" alt=\"\" class=\"wp-image-131086\" srcset=\"https:\/\/www.elsindical.com.ar\/notas\/var\/www\/html\/notas\/wp-content\/uploads\/2024\/06\/INCAA-frente.jpg 675w, https:\/\/www.elsindical.com.ar\/notas\/var\/www\/html\/notas\/wp-content\/uploads\/2024\/06\/INCAA-frente-300x204.jpg 300w, https:\/\/www.elsindical.com.ar\/notas\/var\/www\/html\/notas\/wp-content\/uploads\/2024\/06\/INCAA-frente-442x300.jpg 442w\" sizes=\"auto, (max-width: 675px) 100vw, 675px\" \/><\/a><\/figure>\n<\/div>\n\n\n<p>El Gobierno estableci\u00f3 una serie de recortes en el presupuesto del INCAA. \u00bfQu\u00e9 pasa con los subsidios?<\/p>\n\n\n\n<p><strong>El Gobierno avanz\u00f3 con la reestructuraci\u00f3n del\u00a0Instituto Nacional de Cine y Artes Audiovisuales (INCAA)\u00a0tras una serie de recortes y achique en el presupuesto.<\/strong><\/p>\n\n\n\n<p>Lo oficializaci\u00f3n tuvo lugar hoy a trav\u00e9s de la publicaci\u00f3n del&nbsp;<strong><a href=\"https:\/\/www.boletinoficial.gob.ar\/detalleAviso\/primera\/311131\/20240724\">Decreto 662\/2024<\/a><\/strong>&nbsp;en el Bolet\u00edn Oficial.&nbsp;<\/p>\n\n\n\n<p>De esta forma, se aprob\u00f3 la nueva&nbsp;reglamentaci\u00f3nde la Ley de Fomento de la Actividad Cinematogr\u00e1fica Nacional (Ley 17.741).<\/p>\n\n\n\n<p>Desde el Poder Ejecutivo destacaron la <strong>reducci\u00f3n de los recursos y argumentaron el recorte en el personal al plantear que en el a\u00f1o 2000 la planta era de 90 personas, mientras que llegaba a fin de 2023<\/strong>.<\/p>\n\n\n\n<p>\u201cEl aumento desproporcionado de la planta llev\u00f3 a que, en el ejercicio anterior, el 42% de los ingresos se destinaran a sueldos, lo que perjudica el fomento de la actividad cinematogr\u00e1fica\u201d, puntualizaron.<\/p>\n\n\n\n<p>En la misma l\u00ednea, informaron: <strong>\u201cA lo largo de los a\u00f1os se le delegaron al mencionado Instituto tareas que ninguna relaci\u00f3n tienen con sus misiones y funciones\u201d<\/strong>.<\/p>\n\n\n\n<p>Esto devino en <strong>aportes extraordinarios del Tesoro Nacional por $1.900.000.000 para afrontar gastos operativos,<\/strong>&nbsp;incluyendo la realizaci\u00f3n del \u201cFestival Internacional de Cine de Mar del Plata\u201d y \u201cVentana Sur\u201d.<\/p>\n\n\n\n<p>Adicionalmente, el INCAA se endeud\u00f3 con proveedores por la suma de $700.000.000, deuda que fue transferida al ejercicio 2024\u201d.<\/p>\n\n\n\n<p>Por su parte, aclararon que <strong>\u201cel d\u00e9ficit de ejecuci\u00f3n del ejercicio 2023 del mencionado Instituto fue <\/strong>de<strong>&nbsp;$2.600.000.000, lo que implica una afectaci\u00f3n directa al presupuesto 2024\u201d.<\/strong><\/p>\n\n\n\n<h2 class=\"wp-block-heading\">Subsidios del INCAA<\/h2>\n\n\n\n<p>En el Gobierno consideran que&nbsp;el <strong>sistema de entrega de subsidios<\/strong> \u201cha demostrado ser obsoleto y alejado de los modelos exitosos existentes en otros pa\u00edses\u201d&nbsp;por lo que debe ser \u201cmodificado, modernizado y dotado de eficiencia\u201d.<\/p>\n\n\n\n<p>De esta forma, <strong>entienden que debe priorizarse el fomento a la industria en base a la calidad y posibilidades de exhibici\u00f3n, audiencia y recuperaci\u00f3n de los fondos otorgados<\/strong>,<strong>&nbsp;\u201cpor sobre preferencias ideol\u00f3gicas\u201d.<\/strong><\/p>\n\n\n\n<p>Los miembros de la Asamblea Federal y del Consejo Asesor desempe\u00f1ar\u00e1n sus cargos \u201cad honorem\u201d, y seg\u00fan detallaron, las entidades representativas deber\u00e1n contar con personer\u00eda jur\u00eddica o gremial con al menos la quinta parte de los profesionales y que hayan tenido actividad en los dos a\u00f1os anteriores.<\/p>\n\n\n\n<p>Por \u00faltimo,<strong>&nbsp;se fijar\u00e1 la cuota de pantalla para pel\u00edculas nacionales de largometraje y cortometraje en base a las caracter\u00edsticas de las salas.<\/strong><\/p>\n","protected":false},"excerpt":{"rendered":"<p>El Gobierno estableci\u00f3 una serie de recortes en el presupuesto del INCAA. \u00bfQu\u00e9 pasa con los subsidios? El Gobierno avanz\u00f3 con la reestructuraci\u00f3n del\u00a0Instituto Nacional de Cine y Artes Audiovisuales (INCAA)\u00a0tras una serie de recortes y achique en el presupuesto. Lo oficializaci\u00f3n tuvo lugar hoy a trav\u00e9s de la publicaci\u00f3n del&nbsp;Decreto 662\/2024&nbsp;en el Bolet\u00edn Oficial.&nbsp;&hellip;<\/p>\n","protected":false},"author":1,"featured_media":131086,"comment_status":"open","ping_status":"open","sticky":false,"template":"","format":"standard","meta":{"footnotes":""},"categories":[13],"tags":[2450,761,13705,23440,4016],"class_list":["post-131914","post","type-post","status-publish","format-standard","has-post-thumbnail","hentry","category-politica","tag-diario-el-sindical","tag-gobierno-nacional","tag-incaa","tag-recortes","tag-subsidios"],"_links":{"self":[{"href":"https:\/\/www.elsindical.com.ar\/notas\/wp-json\/wp\/v2\/posts\/131914","targetHints":{"allow":["GET"]}}],"collection":[{"href":"https:\/\/www.elsindical.com.ar\/notas\/wp-json\/wp\/v2\/posts"}],"about":[{"href":"https:\/\/www.elsindical.com.ar\/notas\/wp-json\/wp\/v2\/types\/post"}],"author":[{"embeddable":true,"href":"https:\/\/www.elsindical.com.ar\/notas\/wp-json\/wp\/v2\/users\/1"}],"replies":[{"embeddable":true,"href":"https:\/\/www.elsindical.com.ar\/notas\/wp-json\/wp\/v2\/comments?post=131914"}],"version-history":[{"count":1,"href":"https:\/\/www.elsindical.com.ar\/notas\/wp-json\/wp\/v2\/posts\/131914\/revisions"}],"predecessor-version":[{"id":131915,"href":"https:\/\/www.elsindical.com.ar\/notas\/wp-json\/wp\/v2\/posts\/131914\/revisions\/131915"}],"wp:featuredmedia":[{"embeddable":true,"href":"https:\/\/www.elsindical.com.ar\/notas\/wp-json\/wp\/v2\/media\/131086"}],"wp:attachment":[{"href":"https:\/\/www.elsindical.com.ar\/notas\/wp-json\/wp\/v2\/media?parent=131914"}],"wp:term":[{"taxonomy":"category","embeddable":true,"href":"https:\/\/www.elsindical.com.ar\/notas\/wp-json\/wp\/v2\/categories?post=131914"},{"taxonomy":"post_tag","embeddable":true,"href":"https:\/\/www.elsindical.com.ar\/notas\/wp-json\/wp\/v2\/tags?post=131914"}],"curies":[{"name":"wp","href":"https:\/\/api.w.org\/{rel}","templated":true}]}}