{"id":131898,"date":"2024-07-23T14:38:30","date_gmt":"2024-07-23T17:38:30","guid":{"rendered":"https:\/\/www.elsindical.com.ar\/notas\/?p=131898"},"modified":"2024-07-23T14:38:34","modified_gmt":"2024-07-23T17:38:34","slug":"a-traves-de-un-dnu-milei-le-otorga-100-mil-millones-de-pesos-a-la-side-para-gastos-reservados","status":"publish","type":"post","link":"https:\/\/www.elsindical.com.ar\/notas\/a-traves-de-un-dnu-milei-le-otorga-100-mil-millones-de-pesos-a-la-side-para-gastos-reservados\/","title":{"rendered":"A trav\u00e9s de un DNU, Milei le otorga 100 mil millones de pesos a la SIDE para \u00abgastos reservados\u00bb"},"content":{"rendered":"\n<figure class=\"wp-block-image size-full\"><a href=\"https:\/\/www.elsindical.com.ar\/notas\/var\/www\/html\/notas\/wp-content\/uploads\/2024\/07\/Milei-gesto.jpg\"><img loading=\"lazy\" decoding=\"async\" width=\"960\" height=\"640\" src=\"https:\/\/www.elsindical.com.ar\/notas\/var\/www\/html\/notas\/wp-content\/uploads\/2024\/07\/Milei-gesto.jpg\" alt=\"\" class=\"wp-image-131899\" srcset=\"https:\/\/www.elsindical.com.ar\/notas\/var\/www\/html\/notas\/wp-content\/uploads\/2024\/07\/Milei-gesto.jpg 960w, https:\/\/www.elsindical.com.ar\/notas\/var\/www\/html\/notas\/wp-content\/uploads\/2024\/07\/Milei-gesto-300x200.jpg 300w, https:\/\/www.elsindical.com.ar\/notas\/var\/www\/html\/notas\/wp-content\/uploads\/2024\/07\/Milei-gesto-768x512.jpg 768w, https:\/\/www.elsindical.com.ar\/notas\/var\/www\/html\/notas\/wp-content\/uploads\/2024\/07\/Milei-gesto-450x300.jpg 450w\" sizes=\"auto, (max-width: 960px) 100vw, 960px\" \/><\/a><\/figure>\n\n\n\n<p>El decreto de necesidad y urgencia estableci\u00f3 el \u00abcar\u00e1cter reservado\u00bb de los fondos destinados a la SIDE.<\/p>\n\n\n\n<p>El Gobierno asign\u00f3<strong> cien mil millones de pesos a la Secretaria de Inteligencia del Estado (SIDE)<\/strong>, que fue creada hace pocos d\u00edas y no contaba el presupuesto correspondiente para poder funcionar.<\/p>\n\n\n\n<p>A trav\u00e9s del decreto 656 de Necesidad y Urgencia que firmaron el presidente de la Naci\u00f3n, Javier Milei, y todos los ministros del Poder, se dispuso que se le asignara el presupuesto la suma de 100.000.000.000 de pesos para el fortalecimiento del Sistema de Inteligencia Nacional.<\/p>\n\n\n\n<p>Adem\u00e1s, se estableci\u00f3 el<strong> \u201ccar\u00e1cter reservado\u201d de los fondos <\/strong>destinados a la SIDE y se dispuso que comunicar\u00e1 la decisi\u00f3n a la Comisi\u00f3n Bicameral de control de los DNU del Congreso Nacional.<\/p>\n\n\n\n<p>La norma fue firmada tambi\u00e9n por la canciller Diana Mondino, y los ministros de Defensa Luis Petri, de Econom\u00eda, Luis Caputo, de Justicia, Mariano C\u00faneo Libarona, de Seguridad, Patricia Bullrich, de Salud, Mario Russo, de Capital Humano, Sandra Pettovello, y de Desregulaci\u00f3n, Federico Sturzenegger.<\/p>\n\n\n\n<p><strong>En los fundamentos del DNU se afirma que la decisi\u00f3n se base en que en la actualidad se maneja con un Presupuesto prorrogado de 2023 con lo cual la nueva estructura no ten\u00eda previsto estos recursos.<\/strong><\/p>\n","protected":false},"excerpt":{"rendered":"<p>El decreto de necesidad y urgencia estableci\u00f3 el \u00abcar\u00e1cter reservado\u00bb de los fondos destinados a la SIDE. El Gobierno asign\u00f3 cien mil millones de pesos a la Secretaria de Inteligencia del Estado (SIDE), que fue creada hace pocos d\u00edas y no contaba el presupuesto correspondiente para poder funcionar. A trav\u00e9s del decreto 656 de Necesidad&hellip;<\/p>\n","protected":false},"author":1,"featured_media":131899,"comment_status":"open","ping_status":"open","sticky":false,"template":"","format":"standard","meta":{"footnotes":""},"categories":[13],"tags":[1523,2450,2187,43362,28812,407],"class_list":["post-131898","post","type-post","status-publish","format-standard","has-post-thumbnail","hentry","category-politica","tag-decreto","tag-diario-el-sindical","tag-dnu","tag-gastos-reservados","tag-javier-milei","tag-side"],"_links":{"self":[{"href":"https:\/\/www.elsindical.com.ar\/notas\/wp-json\/wp\/v2\/posts\/131898","targetHints":{"allow":["GET"]}}],"collection":[{"href":"https:\/\/www.elsindical.com.ar\/notas\/wp-json\/wp\/v2\/posts"}],"about":[{"href":"https:\/\/www.elsindical.com.ar\/notas\/wp-json\/wp\/v2\/types\/post"}],"author":[{"embeddable":true,"href":"https:\/\/www.elsindical.com.ar\/notas\/wp-json\/wp\/v2\/users\/1"}],"replies":[{"embeddable":true,"href":"https:\/\/www.elsindical.com.ar\/notas\/wp-json\/wp\/v2\/comments?post=131898"}],"version-history":[{"count":1,"href":"https:\/\/www.elsindical.com.ar\/notas\/wp-json\/wp\/v2\/posts\/131898\/revisions"}],"predecessor-version":[{"id":131900,"href":"https:\/\/www.elsindical.com.ar\/notas\/wp-json\/wp\/v2\/posts\/131898\/revisions\/131900"}],"wp:featuredmedia":[{"embeddable":true,"href":"https:\/\/www.elsindical.com.ar\/notas\/wp-json\/wp\/v2\/media\/131899"}],"wp:attachment":[{"href":"https:\/\/www.elsindical.com.ar\/notas\/wp-json\/wp\/v2\/media?parent=131898"}],"wp:term":[{"taxonomy":"category","embeddable":true,"href":"https:\/\/www.elsindical.com.ar\/notas\/wp-json\/wp\/v2\/categories?post=131898"},{"taxonomy":"post_tag","embeddable":true,"href":"https:\/\/www.elsindical.com.ar\/notas\/wp-json\/wp\/v2\/tags?post=131898"}],"curies":[{"name":"wp","href":"https:\/\/api.w.org\/{rel}","templated":true}]}}