{"id":131885,"date":"2024-07-22T15:19:45","date_gmt":"2024-07-22T18:19:45","guid":{"rendered":"https:\/\/www.elsindical.com.ar\/notas\/?p=131885"},"modified":"2024-07-22T15:19:51","modified_gmt":"2024-07-22T18:19:51","slug":"presentacion-del-libro-por-ser-mujer-la-biografia-de-vlasta-lah","status":"publish","type":"post","link":"https:\/\/www.elsindical.com.ar\/notas\/presentacion-del-libro-por-ser-mujer-la-biografia-de-vlasta-lah\/","title":{"rendered":"Presentaci\u00f3n del libro \u00abPor ser mujer\u00bb, la biograf\u00eda de Vlasta Lah"},"content":{"rendered":"<div class=\"wp-block-image\">\n<figure class=\"aligncenter size-full\"><a href=\"https:\/\/genero.dac.org.ar\/presentacion-del-libro-por-ser-mujer-la-biografia-de-vlasta-lah\/?utm_source=brevo&amp;utm_campaign=Presentacin%20del%20libro%20Por%20ser%20mujer%20la%20biografa%20de%20Vlasta%20Lah&amp;utm_medium=email&amp;utm_id=1421\"><img loading=\"lazy\" decoding=\"async\" width=\"700\" height=\"628\" src=\"https:\/\/www.elsindical.com.ar\/notas\/var\/www\/html\/notas\/wp-content\/uploads\/2024\/07\/presentacion-del-libro-por-ser-mujer.jpg\" alt=\"\" class=\"wp-image-131886\" srcset=\"https:\/\/www.elsindical.com.ar\/notas\/var\/www\/html\/notas\/wp-content\/uploads\/2024\/07\/presentacion-del-libro-por-ser-mujer.jpg 700w, https:\/\/www.elsindical.com.ar\/notas\/var\/www\/html\/notas\/wp-content\/uploads\/2024\/07\/presentacion-del-libro-por-ser-mujer-300x269.jpg 300w, https:\/\/www.elsindical.com.ar\/notas\/var\/www\/html\/notas\/wp-content\/uploads\/2024\/07\/presentacion-del-libro-por-ser-mujer-334x300.jpg 334w\" sizes=\"auto, (max-width: 700px) 100vw, 700px\" \/><\/a><\/figure>\n<\/div>\n\n\n<p>Vlasta Lah fue la primera mujer en dirigir un largometraje sonoro en Argentina en 1960, se form\u00f3 como directora en el Centro Sperimentale di Cinematografia de Roma, una de las escuelas de cine m\u00e1s importantes del mundo, para luego emigrar a la Argentina cuando la Segunda Guerra Mundial estaba en el horizonte. A pesar de haber sido la asistente de direcci\u00f3n m\u00e1s importante de los Estudios San Miguel, tard\u00f3 quince a\u00f1os en poder dirigir su primer largometraje, Las furias y con su segundo film, Las modelos, en 1963, se cierra misteriosamente su carrera. Vlasta Lah adem\u00e1s fue una de las primeras socias de DAC y su marido CatranoCatrani uno de sus fundadores. Para esta presentaci\u00f3n especial se proyectar\u00e1n fotograf\u00edas de esta apasionante historia, fragmentos de sus pel\u00edculas y materiales en 16 y 35mm encontrados en Italia, realizados por esta pionera del cine en la d\u00e9cada del \u201930.<\/p>\n","protected":false},"excerpt":{"rendered":"<p>Vlasta Lah fue la primera mujer en dirigir un largometraje sonoro en Argentina en 1960, se form\u00f3 como directora en el Centro Sperimentale di Cinematografia de Roma, una de las escuelas de cine m\u00e1s importantes del mundo, para luego emigrar a la Argentina cuando la Segunda Guerra Mundial estaba en el horizonte. A pesar de&hellip;<\/p>\n","protected":false},"author":1,"featured_media":131886,"comment_status":"open","ping_status":"open","sticky":false,"template":"","format":"standard","meta":{"footnotes":""},"categories":[15],"tags":[23821,2450,33666,43358,43359,43360],"class_list":["post-131885","post","type-post","status-publish","format-standard","has-post-thumbnail","hentry","category-espectaculos","tag-dac","tag-diario-el-sindical","tag-directora-de-cine","tag-genero-dac","tag-presentacion-del-libro-por-ser-mujer","tag-vlasta-lah"],"_links":{"self":[{"href":"https:\/\/www.elsindical.com.ar\/notas\/wp-json\/wp\/v2\/posts\/131885","targetHints":{"allow":["GET"]}}],"collection":[{"href":"https:\/\/www.elsindical.com.ar\/notas\/wp-json\/wp\/v2\/posts"}],"about":[{"href":"https:\/\/www.elsindical.com.ar\/notas\/wp-json\/wp\/v2\/types\/post"}],"author":[{"embeddable":true,"href":"https:\/\/www.elsindical.com.ar\/notas\/wp-json\/wp\/v2\/users\/1"}],"replies":[{"embeddable":true,"href":"https:\/\/www.elsindical.com.ar\/notas\/wp-json\/wp\/v2\/comments?post=131885"}],"version-history":[{"count":1,"href":"https:\/\/www.elsindical.com.ar\/notas\/wp-json\/wp\/v2\/posts\/131885\/revisions"}],"predecessor-version":[{"id":131887,"href":"https:\/\/www.elsindical.com.ar\/notas\/wp-json\/wp\/v2\/posts\/131885\/revisions\/131887"}],"wp:featuredmedia":[{"embeddable":true,"href":"https:\/\/www.elsindical.com.ar\/notas\/wp-json\/wp\/v2\/media\/131886"}],"wp:attachment":[{"href":"https:\/\/www.elsindical.com.ar\/notas\/wp-json\/wp\/v2\/media?parent=131885"}],"wp:term":[{"taxonomy":"category","embeddable":true,"href":"https:\/\/www.elsindical.com.ar\/notas\/wp-json\/wp\/v2\/categories?post=131885"},{"taxonomy":"post_tag","embeddable":true,"href":"https:\/\/www.elsindical.com.ar\/notas\/wp-json\/wp\/v2\/tags?post=131885"}],"curies":[{"name":"wp","href":"https:\/\/api.w.org\/{rel}","templated":true}]}}