{"id":131882,"date":"2024-07-22T13:19:38","date_gmt":"2024-07-22T16:19:38","guid":{"rendered":"https:\/\/www.elsindical.com.ar\/notas\/?p=131882"},"modified":"2024-07-22T13:19:45","modified_gmt":"2024-07-22T16:19:45","slug":"sergio-palazzo-acudira-a-la-justicia-por-la-vuelta-de-ganancias","status":"publish","type":"post","link":"https:\/\/www.elsindical.com.ar\/notas\/sergio-palazzo-acudira-a-la-justicia-por-la-vuelta-de-ganancias\/","title":{"rendered":"Sergio Palazzo acudir\u00e1 a la Justicia por la vuelta de Ganancias"},"content":{"rendered":"\n<figure class=\"wp-block-image size-full\"><a href=\"https:\/\/www.elsindical.com.ar\/notas\/var\/www\/html\/notas\/wp-content\/uploads\/2024\/07\/Sergio-Palazzo-La-Bancaria.jpeg\"><img loading=\"lazy\" decoding=\"async\" width=\"1000\" height=\"669\" src=\"https:\/\/www.elsindical.com.ar\/notas\/var\/www\/html\/notas\/wp-content\/uploads\/2024\/07\/Sergio-Palazzo-La-Bancaria.jpeg\" alt=\"\" class=\"wp-image-131883\" srcset=\"https:\/\/www.elsindical.com.ar\/notas\/var\/www\/html\/notas\/wp-content\/uploads\/2024\/07\/Sergio-Palazzo-La-Bancaria.jpeg 1000w, https:\/\/www.elsindical.com.ar\/notas\/var\/www\/html\/notas\/wp-content\/uploads\/2024\/07\/Sergio-Palazzo-La-Bancaria-300x201.jpeg 300w, https:\/\/www.elsindical.com.ar\/notas\/var\/www\/html\/notas\/wp-content\/uploads\/2024\/07\/Sergio-Palazzo-La-Bancaria-768x514.jpeg 768w, https:\/\/www.elsindical.com.ar\/notas\/var\/www\/html\/notas\/wp-content\/uploads\/2024\/07\/Sergio-Palazzo-La-Bancaria-448x300.jpeg 448w\" sizes=\"auto, (max-width: 1000px) 100vw, 1000px\" \/><\/a><\/figure>\n\n\n\n<p>\u00abYa tenemos la denuncia preparada\u00bb, asegur\u00f3 el titular de La Bancaria, Sergio Palazzo. Hoy fue reglamentado el retorno de Ganancias.<\/p>\n\n\n\n<p>El Secretario General de la <strong>Asociaci\u00f3n Bancaria<\/strong>, Sergio Palazzo, confirm\u00f3 que acudir\u00e1 a la Justicia para frenar la restituci\u00f3n del Impuesto a las Ganancias. El gravamen para trabajadores de la cuarta categor\u00eda se reglament\u00f3 hoy.<\/p>\n\n\n\n<p><strong>\u201cYa tenemos la denuncia preparada porque en primer lugar es confiscatorio (16% del salario) y es una rebaja salarial encubierta\u201d<\/strong>, afirm\u00f3 Palazzo en declaraciones a&nbsp;\u201cEl Destape Radio\u201d. Ser\u00e1 presentada \u201cma\u00f1ana a m\u00e1s tardar\u201d.<\/p>\n\n\n\n<p>Respecto al impacto en su sector, aclar\u00f3 que el&nbsp;95% de los empleados&nbsp;bancarios va&nbsp;a pagar Ganancias.&nbsp;En rigor, casi un mill\u00f3n de trabajadores volver\u00e1 a pagar el impuesto.<\/p>\n\n\n\n<h2 class=\"wp-block-heading\">El retorno de Ganancias<\/h2>\n\n\n\n<p><strong>El Gobierno reglament\u00f3 este lunes la reforma al Impuesto a las Ganancias establecido en la Ley Medidas Paliativas y Relevantes<\/strong>.<\/p>\n\n\n\n<p>Los trabajadores que ganen sueldos brutos de 1,8 millones de pesos en el caso de los solteros y de 2,2 millones en el caso de los casados, comenzar\u00e1n a pagar ese tributo con los sueldos que percibir\u00e1n en agosto.<\/p>\n\n\n\n<p><strong>La actualizaci\u00f3n del m\u00ednimo no imponible se har\u00e1 este a\u00f1o en septiembre y a partir del 2025 en enero y julio de cada a\u00f1o <\/strong>y se calcular\u00e1 en base al \u00edndice de precios al consumidor, que difunda el Indec.<\/p>\n","protected":false},"excerpt":{"rendered":"<p>\u00abYa tenemos la denuncia preparada\u00bb, asegur\u00f3 el titular de La Bancaria, Sergio Palazzo. Hoy fue reglamentado el retorno de Ganancias. El Secretario General de la Asociaci\u00f3n Bancaria, Sergio Palazzo, confirm\u00f3 que acudir\u00e1 a la Justicia para frenar la restituci\u00f3n del Impuesto a las Ganancias. El gravamen para trabajadores de la cuarta categor\u00eda se reglament\u00f3 hoy.&hellip;<\/p>\n","protected":false},"author":1,"featured_media":131883,"comment_status":"open","ping_status":"open","sticky":false,"template":"","format":"standard","meta":{"footnotes":""},"categories":[16],"tags":[1295,2450,2699,28812,41,524,6484],"class_list":["post-131882","post","type-post","status-publish","format-standard","has-post-thumbnail","hentry","category-gremiales","tag-boletin-oficial","tag-diario-el-sindical","tag-ganancias","tag-javier-milei","tag-justicia","tag-la-bancaria","tag-sergio-palazzo"],"_links":{"self":[{"href":"https:\/\/www.elsindical.com.ar\/notas\/wp-json\/wp\/v2\/posts\/131882","targetHints":{"allow":["GET"]}}],"collection":[{"href":"https:\/\/www.elsindical.com.ar\/notas\/wp-json\/wp\/v2\/posts"}],"about":[{"href":"https:\/\/www.elsindical.com.ar\/notas\/wp-json\/wp\/v2\/types\/post"}],"author":[{"embeddable":true,"href":"https:\/\/www.elsindical.com.ar\/notas\/wp-json\/wp\/v2\/users\/1"}],"replies":[{"embeddable":true,"href":"https:\/\/www.elsindical.com.ar\/notas\/wp-json\/wp\/v2\/comments?post=131882"}],"version-history":[{"count":1,"href":"https:\/\/www.elsindical.com.ar\/notas\/wp-json\/wp\/v2\/posts\/131882\/revisions"}],"predecessor-version":[{"id":131884,"href":"https:\/\/www.elsindical.com.ar\/notas\/wp-json\/wp\/v2\/posts\/131882\/revisions\/131884"}],"wp:featuredmedia":[{"embeddable":true,"href":"https:\/\/www.elsindical.com.ar\/notas\/wp-json\/wp\/v2\/media\/131883"}],"wp:attachment":[{"href":"https:\/\/www.elsindical.com.ar\/notas\/wp-json\/wp\/v2\/media?parent=131882"}],"wp:term":[{"taxonomy":"category","embeddable":true,"href":"https:\/\/www.elsindical.com.ar\/notas\/wp-json\/wp\/v2\/categories?post=131882"},{"taxonomy":"post_tag","embeddable":true,"href":"https:\/\/www.elsindical.com.ar\/notas\/wp-json\/wp\/v2\/tags?post=131882"}],"curies":[{"name":"wp","href":"https:\/\/api.w.org\/{rel}","templated":true}]}}