{"id":131879,"date":"2024-07-22T13:14:03","date_gmt":"2024-07-22T16:14:03","guid":{"rendered":"https:\/\/www.elsindical.com.ar\/notas\/?p=131879"},"modified":"2024-07-22T13:14:09","modified_gmt":"2024-07-22T16:14:09","slug":"avellaneda-las-pericias-por-el-crimen-de-bastian-incriminan-al-policia","status":"publish","type":"post","link":"https:\/\/www.elsindical.com.ar\/notas\/avellaneda-las-pericias-por-el-crimen-de-bastian-incriminan-al-policia\/","title":{"rendered":"Avellaneda: Las pericias por el crimen de Basti\u00e1n incriminan al polic\u00eda"},"content":{"rendered":"\n<figure class=\"wp-block-image size-large\"><a href=\"https:\/\/www.elsindical.com.ar\/notas\/var\/www\/html\/notas\/wp-content\/uploads\/2024\/07\/crimen-de-Bastian.jpg\"><img loading=\"lazy\" decoding=\"async\" width=\"1024\" height=\"576\" src=\"https:\/\/www.elsindical.com.ar\/notas\/var\/www\/html\/notas\/wp-content\/uploads\/2024\/07\/crimen-de-Bastian-1024x576.jpg\" alt=\"\" class=\"wp-image-131880\" srcset=\"https:\/\/www.elsindical.com.ar\/notas\/var\/www\/html\/notas\/wp-content\/uploads\/2024\/07\/crimen-de-Bastian-1024x576.jpg 1024w, https:\/\/www.elsindical.com.ar\/notas\/var\/www\/html\/notas\/wp-content\/uploads\/2024\/07\/crimen-de-Bastian-300x169.jpg 300w, https:\/\/www.elsindical.com.ar\/notas\/var\/www\/html\/notas\/wp-content\/uploads\/2024\/07\/crimen-de-Bastian-768x432.jpg 768w, https:\/\/www.elsindical.com.ar\/notas\/var\/www\/html\/notas\/wp-content\/uploads\/2024\/07\/crimen-de-Bastian-500x281.jpg 500w, https:\/\/www.elsindical.com.ar\/notas\/var\/www\/html\/notas\/wp-content\/uploads\/2024\/07\/crimen-de-Bastian-460x260.jpg 460w, https:\/\/www.elsindical.com.ar\/notas\/var\/www\/html\/notas\/wp-content\/uploads\/2024\/07\/crimen-de-Bastian.jpg 1200w\" sizes=\"auto, (max-width: 1024px) 100vw, 1024px\" \/><\/a><\/figure>\n\n\n\n<p>Basti\u00e1n fue baleado en un presunto tiroteo en Wilde, Avellaneda, pero las pericias indican que el \u00fanico que dispar\u00f3 fue el polic\u00eda.<\/p>\n\n\n\n<p>Las pericias realizadas por el\u00a0<strong>crimen de Basti\u00e1n Escalante, el nene asesinado a balazos en Wilde<\/strong>,\u00a0revelaron que\u00a0las \u00fanicas vainas servidas halladas en el lugar pertenecen al agente policial Juan Alberto Garc\u00eda Tonzo. Adem\u00e1s, en las c\u00e1maras de seguridad\u00a0no se observa que los delincuentes hayan disparado.<\/p>\n\n\n\n<p><strong>Para la Justicia\u00a0fue el polic\u00eda de civil quien hiri\u00f3 y mat\u00f3 a Basti\u00e1n Escalante Montoya\u00a0el pasado 10 de julio<\/strong> cuando, junto con su mam\u00e1, quedaron en medio de una balacera entre el efectivo y motochorros.<\/p>\n\n\n\n<p><strong>Los&nbsp;peritajes cient\u00edficos y bal\u00edsticos&nbsp;realizados por la Polic\u00eda Federal indicaron que&nbsp;las ocho vainas servidas encontradas en la escena pertenecen a una misma arma, la de Tonzo.<\/strong><\/p>\n\n\n\n<p>Sumado a esta pericia, el fiscal indic\u00f3 que otras<strong> c\u00e1maras de seguridad permitieron observar&nbsp;que en ning\u00fan momento los delincuentes abren fuego contra el agente<\/strong>. De hecho, se ve que escaparon del lugar a pie cuando el efectivo comenz\u00f3 a disparar.<\/p>\n\n\n\n<p>En estos momentos Tonzo est\u00e1 imputado por el delito de&nbsp;homicidio cometido con arma de fuego en exceso de la leg\u00edtima defensa.<\/p>\n\n\n\n<p>La causa est\u00e1 en manos del fiscal Juan Ignacio Colazo, de la Unidad Funcional de Instrucci\u00f3n y Juicio (UFIJ) N\u00b02 del Fuero de Responsabilidad Juvenil del Departamento Judicial de Lomas de Zamora.<\/p>\n","protected":false},"excerpt":{"rendered":"<p>Basti\u00e1n fue baleado en un presunto tiroteo en Wilde, Avellaneda, pero las pericias indican que el \u00fanico que dispar\u00f3 fue el polic\u00eda. Las pericias realizadas por el\u00a0crimen de Basti\u00e1n Escalante, el nene asesinado a balazos en Wilde,\u00a0revelaron que\u00a0las \u00fanicas vainas servidas halladas en el lugar pertenecen al agente policial Juan Alberto Garc\u00eda Tonzo. Adem\u00e1s, en&hellip;<\/p>\n","protected":false},"author":1,"featured_media":131880,"comment_status":"open","ping_status":"open","sticky":false,"template":"","format":"standard","meta":{"footnotes":""},"categories":[20],"tags":[37385,43357,2450,894,984,120,698,30,882],"class_list":["post-131879","post","type-post","status-publish","format-standard","has-post-thumbnail","hentry","category-judiciales","tag-avellameda","tag-bastian-escalante-montoya","tag-diario-el-sindical","tag-disparos","tag-inseguridad","tag-pericias","tag-pfa","tag-policia","tag-wilde"],"_links":{"self":[{"href":"https:\/\/www.elsindical.com.ar\/notas\/wp-json\/wp\/v2\/posts\/131879","targetHints":{"allow":["GET"]}}],"collection":[{"href":"https:\/\/www.elsindical.com.ar\/notas\/wp-json\/wp\/v2\/posts"}],"about":[{"href":"https:\/\/www.elsindical.com.ar\/notas\/wp-json\/wp\/v2\/types\/post"}],"author":[{"embeddable":true,"href":"https:\/\/www.elsindical.com.ar\/notas\/wp-json\/wp\/v2\/users\/1"}],"replies":[{"embeddable":true,"href":"https:\/\/www.elsindical.com.ar\/notas\/wp-json\/wp\/v2\/comments?post=131879"}],"version-history":[{"count":1,"href":"https:\/\/www.elsindical.com.ar\/notas\/wp-json\/wp\/v2\/posts\/131879\/revisions"}],"predecessor-version":[{"id":131881,"href":"https:\/\/www.elsindical.com.ar\/notas\/wp-json\/wp\/v2\/posts\/131879\/revisions\/131881"}],"wp:featuredmedia":[{"embeddable":true,"href":"https:\/\/www.elsindical.com.ar\/notas\/wp-json\/wp\/v2\/media\/131880"}],"wp:attachment":[{"href":"https:\/\/www.elsindical.com.ar\/notas\/wp-json\/wp\/v2\/media?parent=131879"}],"wp:term":[{"taxonomy":"category","embeddable":true,"href":"https:\/\/www.elsindical.com.ar\/notas\/wp-json\/wp\/v2\/categories?post=131879"},{"taxonomy":"post_tag","embeddable":true,"href":"https:\/\/www.elsindical.com.ar\/notas\/wp-json\/wp\/v2\/tags?post=131879"}],"curies":[{"name":"wp","href":"https:\/\/api.w.org\/{rel}","templated":true}]}}