{"id":131831,"date":"2024-07-19T12:00:45","date_gmt":"2024-07-19T15:00:45","guid":{"rendered":"https:\/\/www.elsindical.com.ar\/notas\/?p=131831"},"modified":"2024-07-19T12:00:51","modified_gmt":"2024-07-19T15:00:51","slug":"el-gobierno-confirmo-que-saco-reservas-de-oro-del-banco-central","status":"publish","type":"post","link":"https:\/\/www.elsindical.com.ar\/notas\/el-gobierno-confirmo-que-saco-reservas-de-oro-del-banco-central\/","title":{"rendered":"El Gobierno confirm\u00f3 que sac\u00f3 reservas de oro del Banco Central"},"content":{"rendered":"<div class=\"wp-block-image\">\n<figure class=\"aligncenter size-full is-resized\"><a href=\"https:\/\/www.elsindical.com.ar\/notas\/var\/www\/html\/notas\/wp-content\/uploads\/2024\/07\/lingotes-de-oro.jpg\"><img loading=\"lazy\" decoding=\"async\" width=\"700\" height=\"350\" src=\"https:\/\/www.elsindical.com.ar\/notas\/var\/www\/html\/notas\/wp-content\/uploads\/2024\/07\/lingotes-de-oro.jpg\" alt=\"\" class=\"wp-image-131832\" style=\"width:878px;height:auto\" srcset=\"https:\/\/www.elsindical.com.ar\/notas\/var\/www\/html\/notas\/wp-content\/uploads\/2024\/07\/lingotes-de-oro.jpg 700w, https:\/\/www.elsindical.com.ar\/notas\/var\/www\/html\/notas\/wp-content\/uploads\/2024\/07\/lingotes-de-oro-300x150.jpg 300w, https:\/\/www.elsindical.com.ar\/notas\/var\/www\/html\/notas\/wp-content\/uploads\/2024\/07\/lingotes-de-oro-500x250.jpg 500w\" sizes=\"auto, (max-width: 700px) 100vw, 700px\" \/><\/a><\/figure>\n<\/div>\n\n\n<p class=\"wp-block-paragraph\">Luis Caputo confirm\u00f3 los movimientos con el oro tras un reclamo de Sergio Palazzo. \u00abEs una movida muy positiva\u00bb, asegur\u00f3.<\/p>\n\n\n\n<p class=\"wp-block-paragraph\"><strong>El&nbsp;ministro de Econom\u00eda, Luis Caputo,&nbsp;reconoci\u00f3 que sac\u00f3 reservas de oro de la Argentina al exterior para que generen \u201cretornos\u201d al pa\u00eds.<\/strong><\/p>\n\n\n\n<p class=\"wp-block-paragraph\">Uno de los peligros que enfrenta la operaci\u00f3n es que el oro sea embargado al estar en el exterior en caso de que Argentina tenga una sentencia en contra.&nbsp;<\/p>\n\n\n\n<p class=\"wp-block-paragraph\"><strong>\u201cEs una movida digamos muy positiva del Central, porque hoy vos ten\u00e9s oro en el Central que es como si tuvieras un inmueble que no pod\u00e9s usar para nada. Ahora si vos lo ten\u00e9s afuera, le podes sacar un retorno y la Argentina necesita maximizar los retornos\u201d<\/strong>, sostuvo en una entrevista con&nbsp;Antonio Laje&nbsp;en&nbsp;La Naci\u00f3n +.<\/p>\n\n\n\n<p class=\"wp-block-paragraph\">El ministro de Econom\u00eda luego agreg\u00f3 que \u201ctenerlo inm\u00f3vil en el pa\u00eds no es bueno: mucho mejor tenerlo en el exterior custodiado que encima te pagan algo\u201d.&nbsp;<\/p>\n\n\n\n<p class=\"wp-block-paragraph\"><strong>La noticia se conoci\u00f3 en las \u00faltimas horas tras un pedido de acceso a la informaci\u00f3n p\u00fablica que realiz\u00f3 el diputado Sergio Palazzo.<\/strong> Concretamente,&nbsp;reclam\u00f3 conocer si \u201cexisten operaciones de env\u00edo de lingotes de oro al exterior durante el mes de junio\u201d.<\/p>\n\n\n\n<p class=\"wp-block-paragraph\">Seg\u00fan sostuvo Palazzo, \u201cel 7\/06\/2024 hubo una partida y el 28\/06 hubo otra\u201d. Pidi\u00f3 conocer<strong>&nbsp;\u201cqu\u00e9 cantidad, por qu\u00e9 monto y en qu\u00e9 moneda se ha realizado, bajo qu\u00e9 caracter\u00edsticas comerciales o de otra \u00edndole, a qu\u00e9 destino y si la operaci\u00f3n se realiz\u00f3 con la transportadora Lumil y enviados por la aerol\u00ednea British Airways\u201d.<\/strong><\/p>\n\n\n\n<p class=\"wp-block-paragraph\">Tambi\u00e9n reclam\u00f3 informaci\u00f3n sobre si est\u00e1 previsto un nuevo env\u00edo de lingotes de oro y, en caso que as\u00ed fuese, cu\u00e1l ser\u00eda el objetivo.<\/p>\n\n\n\n<p class=\"wp-block-paragraph\">El BCRA cuenta con 1.98 mill\u00f3n de onzas troy de oro, que estaban valuadas en unos USD 4.500 millones seg\u00fan el \u00faltimo dato oficial publicado por la entidad. <strong>Caputo no confirm\u00f3 donde est\u00e1n depositados ni tampoco los rendimientos que se obtienen.<\/strong><\/p>\n","protected":false},"excerpt":{"rendered":"<p>Luis Caputo confirm\u00f3 los movimientos con el oro tras un reclamo de Sergio Palazzo. \u00abEs una movida muy positiva\u00bb, asegur\u00f3. El&nbsp;ministro de Econom\u00eda, Luis Caputo,&nbsp;reconoci\u00f3 que sac\u00f3 reservas de oro de la Argentina al exterior para que generen \u201cretornos\u201d al pa\u00eds. Uno de los peligros que enfrenta la operaci\u00f3n es que el oro sea embargado&hellip;<\/p>\n","protected":false},"author":1,"featured_media":131832,"comment_status":"open","ping_status":"open","sticky":false,"template":"","format":"standard","meta":{"footnotes":""},"categories":[9,13],"tags":[43341,1489,2450,22023,24979,43340,6484],"class_list":["post-131831","post","type-post","status-publish","format-standard","has-post-thumbnail","hentry","category-economia","category-politica","tag-politica-3","tag-bcra","tag-diario-el-sindical","tag-economia","tag-luis-caputo","tag-reservas-de-oro","tag-sergio-palazzo"],"_links":{"self":[{"href":"https:\/\/www.elsindical.com.ar\/notas\/wp-json\/wp\/v2\/posts\/131831","targetHints":{"allow":["GET"]}}],"collection":[{"href":"https:\/\/www.elsindical.com.ar\/notas\/wp-json\/wp\/v2\/posts"}],"about":[{"href":"https:\/\/www.elsindical.com.ar\/notas\/wp-json\/wp\/v2\/types\/post"}],"author":[{"embeddable":true,"href":"https:\/\/www.elsindical.com.ar\/notas\/wp-json\/wp\/v2\/users\/1"}],"replies":[{"embeddable":true,"href":"https:\/\/www.elsindical.com.ar\/notas\/wp-json\/wp\/v2\/comments?post=131831"}],"version-history":[{"count":1,"href":"https:\/\/www.elsindical.com.ar\/notas\/wp-json\/wp\/v2\/posts\/131831\/revisions"}],"predecessor-version":[{"id":131833,"href":"https:\/\/www.elsindical.com.ar\/notas\/wp-json\/wp\/v2\/posts\/131831\/revisions\/131833"}],"wp:featuredmedia":[{"embeddable":true,"href":"https:\/\/www.elsindical.com.ar\/notas\/wp-json\/wp\/v2\/media\/131832"}],"wp:attachment":[{"href":"https:\/\/www.elsindical.com.ar\/notas\/wp-json\/wp\/v2\/media?parent=131831"}],"wp:term":[{"taxonomy":"category","embeddable":true,"href":"https:\/\/www.elsindical.com.ar\/notas\/wp-json\/wp\/v2\/categories?post=131831"},{"taxonomy":"post_tag","embeddable":true,"href":"https:\/\/www.elsindical.com.ar\/notas\/wp-json\/wp\/v2\/tags?post=131831"}],"curies":[{"name":"wp","href":"https:\/\/api.w.org\/{rel}","templated":true}]}}