{"id":131783,"date":"2024-07-16T19:33:38","date_gmt":"2024-07-16T22:33:38","guid":{"rendered":"https:\/\/www.elsindical.com.ar\/notas\/?p=131783"},"modified":"2024-07-16T19:33:44","modified_gmt":"2024-07-16T22:33:44","slug":"la-u-a-t-r-e-recupero-la-direccion-de-su-obra-social","status":"publish","type":"post","link":"https:\/\/www.elsindical.com.ar\/notas\/la-u-a-t-r-e-recupero-la-direccion-de-su-obra-social\/","title":{"rendered":"La U.A.T.R.E recuper\u00f3 la direcci\u00f3n de su obra social"},"content":{"rendered":"\n<figure class=\"wp-block-image size-large\"><a href=\"https:\/\/www.elsindical.com.ar\/notas\/var\/www\/html\/notas\/wp-content\/uploads\/2024\/07\/uatre-osprera-1.jpeg\"><img loading=\"lazy\" decoding=\"async\" width=\"1024\" height=\"682\" src=\"https:\/\/www.elsindical.com.ar\/notas\/var\/www\/html\/notas\/wp-content\/uploads\/2024\/07\/uatre-osprera-1-1024x682.jpeg\" alt=\"\" class=\"wp-image-131784\" srcset=\"https:\/\/www.elsindical.com.ar\/notas\/var\/www\/html\/notas\/wp-content\/uploads\/2024\/07\/uatre-osprera-1-1024x682.jpeg 1024w, https:\/\/www.elsindical.com.ar\/notas\/var\/www\/html\/notas\/wp-content\/uploads\/2024\/07\/uatre-osprera-1-300x200.jpeg 300w, https:\/\/www.elsindical.com.ar\/notas\/var\/www\/html\/notas\/wp-content\/uploads\/2024\/07\/uatre-osprera-1-768x512.jpeg 768w, https:\/\/www.elsindical.com.ar\/notas\/var\/www\/html\/notas\/wp-content\/uploads\/2024\/07\/uatre-osprera-1-450x300.jpeg 450w, https:\/\/www.elsindical.com.ar\/notas\/var\/www\/html\/notas\/wp-content\/uploads\/2024\/07\/uatre-osprera-1-1536x1023.jpeg 1536w, https:\/\/www.elsindical.com.ar\/notas\/var\/www\/html\/notas\/wp-content\/uploads\/2024\/07\/uatre-osprera-1.jpeg 1600w\" sizes=\"auto, (max-width: 1024px) 100vw, 1024px\" \/><\/a><\/figure>\n\n\n\n<p><em>Los trabajadores rurales volver\u00e1n a contar con una cobertura m\u00e9dica gestionada por quienes entienden sus necesidades<\/em>.<\/p>\n\n\n\n<p>La Uni\u00f3n Argentina de Trabajadores Rurales y Estibadores (UATRE) recuper\u00f3 la administraci\u00f3n de su obra social, OSPRERA, que fuera intervenida por la Justicia Federal en marzo de 2023. M\u00e1s all\u00e1 de los aspectos judiciales, es una gran noticia para todos los beneficiarios del pa\u00eds.<\/p>\n\n\n\n<p>\u201cLa UATRE reafirma su autonom\u00eda y capacidad de gesti\u00f3n en un tema tan sensible como la salud de los trabajadores del campo. \u2060La reincorporaci\u00f3n de OSPRERA bajo la gesti\u00f3n de UATRE representa un fortalecimiento de la unidad gremial y permite a futuro una representaci\u00f3n m\u00e1s s\u00f3lida y cohesiva de los derechos de los trabajadores rurales\u201d, enfatiz\u00f3 Jos\u00e9 Voytenco, Secretario General del gremio.<\/p>\n\n\n\n<p>El dirigente record\u00f3 que, a lo largo de su rica historia, \u201cUATRE y OSPRERA han sido pilares fundamentales en la construcci\u00f3n, defensa y apoyo de los derechos de los trabajadores rurales en Argentina\u201d. De este modo, ambas organizaciones han trabajado en conjunto para asegurar mejores condiciones laborales y de salud para sus afiliados.<\/p>\n\n\n\n<p>Por otra parte, al recuperar la administraci\u00f3n de OSPRERA se garantizar\u00e1n la puesta en marcha de mecanismos de prevenci\u00f3n, transparencia y eficiencia en la gesti\u00f3n de los recursos: cada peso que ingrese se utilizar\u00e1 para el beneficio de los trabajadores.<\/p>\n\n\n\n<p>\u201cCon la gesti\u00f3n de OSPRERA nuevamente en manos de UATRE, reafirmamos nuestro compromiso con el bienestar de los afiliados, proporcionando servicios de salud de calidad y un respaldo constante en momentos de necesidad\u201d, concluy\u00f3 Voytenco.<\/p>\n\n\n\n<figure class=\"wp-block-gallery has-nested-images columns-default is-cropped wp-block-gallery-1 is-layout-flex wp-block-gallery-is-layout-flex\">\n<figure class=\"wp-block-image size-large\"><a href=\"https:\/\/www.elsindical.com.ar\/notas\/var\/www\/html\/notas\/wp-content\/uploads\/2024\/07\/uatre-osprera-2.jpeg\"><img loading=\"lazy\" decoding=\"async\" width=\"1024\" height=\"682\" data-id=\"131785\" src=\"https:\/\/www.elsindical.com.ar\/notas\/var\/www\/html\/notas\/wp-content\/uploads\/2024\/07\/uatre-osprera-2-1024x682.jpeg\" alt=\"\" class=\"wp-image-131785\" srcset=\"https:\/\/www.elsindical.com.ar\/notas\/var\/www\/html\/notas\/wp-content\/uploads\/2024\/07\/uatre-osprera-2-1024x682.jpeg 1024w, https:\/\/www.elsindical.com.ar\/notas\/var\/www\/html\/notas\/wp-content\/uploads\/2024\/07\/uatre-osprera-2-300x200.jpeg 300w, https:\/\/www.elsindical.com.ar\/notas\/var\/www\/html\/notas\/wp-content\/uploads\/2024\/07\/uatre-osprera-2-768x512.jpeg 768w, https:\/\/www.elsindical.com.ar\/notas\/var\/www\/html\/notas\/wp-content\/uploads\/2024\/07\/uatre-osprera-2-450x300.jpeg 450w, https:\/\/www.elsindical.com.ar\/notas\/var\/www\/html\/notas\/wp-content\/uploads\/2024\/07\/uatre-osprera-2-1536x1023.jpeg 1536w, https:\/\/www.elsindical.com.ar\/notas\/var\/www\/html\/notas\/wp-content\/uploads\/2024\/07\/uatre-osprera-2.jpeg 1600w\" sizes=\"auto, (max-width: 1024px) 100vw, 1024px\" \/><\/a><\/figure>\n\n\n\n<figure class=\"wp-block-image size-large\"><a href=\"https:\/\/www.elsindical.com.ar\/notas\/var\/www\/html\/notas\/wp-content\/uploads\/2024\/07\/uatre-osprera-3.jpeg\"><img loading=\"lazy\" decoding=\"async\" width=\"1024\" height=\"682\" data-id=\"131786\" src=\"https:\/\/www.elsindical.com.ar\/notas\/var\/www\/html\/notas\/wp-content\/uploads\/2024\/07\/uatre-osprera-3-1024x682.jpeg\" alt=\"\" class=\"wp-image-131786\" srcset=\"https:\/\/www.elsindical.com.ar\/notas\/var\/www\/html\/notas\/wp-content\/uploads\/2024\/07\/uatre-osprera-3-1024x682.jpeg 1024w, https:\/\/www.elsindical.com.ar\/notas\/var\/www\/html\/notas\/wp-content\/uploads\/2024\/07\/uatre-osprera-3-300x200.jpeg 300w, https:\/\/www.elsindical.com.ar\/notas\/var\/www\/html\/notas\/wp-content\/uploads\/2024\/07\/uatre-osprera-3-768x512.jpeg 768w, https:\/\/www.elsindical.com.ar\/notas\/var\/www\/html\/notas\/wp-content\/uploads\/2024\/07\/uatre-osprera-3-450x300.jpeg 450w, https:\/\/www.elsindical.com.ar\/notas\/var\/www\/html\/notas\/wp-content\/uploads\/2024\/07\/uatre-osprera-3-1536x1023.jpeg 1536w, https:\/\/www.elsindical.com.ar\/notas\/var\/www\/html\/notas\/wp-content\/uploads\/2024\/07\/uatre-osprera-3.jpeg 1600w\" sizes=\"auto, (max-width: 1024px) 100vw, 1024px\" \/><\/a><\/figure>\n<\/figure>\n","protected":false},"excerpt":{"rendered":"<p>Los trabajadores rurales volver\u00e1n a contar con una cobertura m\u00e9dica gestionada por quienes entienden sus necesidades. La Uni\u00f3n Argentina de Trabajadores Rurales y Estibadores (UATRE) recuper\u00f3 la administraci\u00f3n de su obra social, OSPRERA, que fuera intervenida por la Justicia Federal en marzo de 2023. M\u00e1s all\u00e1 de los aspectos judiciales, es una gran noticia para&hellip;<\/p>\n","protected":false},"author":1,"featured_media":131784,"comment_status":"open","ping_status":"open","sticky":false,"template":"","format":"standard","meta":{"footnotes":""},"categories":[16],"tags":[2450,22028,34849,269,28386,1578,5642],"class_list":["post-131783","post","type-post","status-publish","format-standard","has-post-thumbnail","hentry","category-gremiales","tag-diario-el-sindical","tag-gremiales","tag-jose-voytenco","tag-obra-social","tag-osprera","tag-sindicales","tag-uatre"],"_links":{"self":[{"href":"https:\/\/www.elsindical.com.ar\/notas\/wp-json\/wp\/v2\/posts\/131783","targetHints":{"allow":["GET"]}}],"collection":[{"href":"https:\/\/www.elsindical.com.ar\/notas\/wp-json\/wp\/v2\/posts"}],"about":[{"href":"https:\/\/www.elsindical.com.ar\/notas\/wp-json\/wp\/v2\/types\/post"}],"author":[{"embeddable":true,"href":"https:\/\/www.elsindical.com.ar\/notas\/wp-json\/wp\/v2\/users\/1"}],"replies":[{"embeddable":true,"href":"https:\/\/www.elsindical.com.ar\/notas\/wp-json\/wp\/v2\/comments?post=131783"}],"version-history":[{"count":1,"href":"https:\/\/www.elsindical.com.ar\/notas\/wp-json\/wp\/v2\/posts\/131783\/revisions"}],"predecessor-version":[{"id":131787,"href":"https:\/\/www.elsindical.com.ar\/notas\/wp-json\/wp\/v2\/posts\/131783\/revisions\/131787"}],"wp:featuredmedia":[{"embeddable":true,"href":"https:\/\/www.elsindical.com.ar\/notas\/wp-json\/wp\/v2\/media\/131784"}],"wp:attachment":[{"href":"https:\/\/www.elsindical.com.ar\/notas\/wp-json\/wp\/v2\/media?parent=131783"}],"wp:term":[{"taxonomy":"category","embeddable":true,"href":"https:\/\/www.elsindical.com.ar\/notas\/wp-json\/wp\/v2\/categories?post=131783"},{"taxonomy":"post_tag","embeddable":true,"href":"https:\/\/www.elsindical.com.ar\/notas\/wp-json\/wp\/v2\/tags?post=131783"}],"curies":[{"name":"wp","href":"https:\/\/api.w.org\/{rel}","templated":true}]}}