{"id":131753,"date":"2024-07-15T14:40:24","date_gmt":"2024-07-15T17:40:24","guid":{"rendered":"https:\/\/www.elsindical.com.ar\/notas\/?p=131753"},"modified":"2024-07-15T14:41:28","modified_gmt":"2024-07-15T17:41:28","slug":"trabajadores-bonaerenses-estatales-y-de-la-salud-aceptaron-el-aumento-del-65","status":"publish","type":"post","link":"https:\/\/www.elsindical.com.ar\/notas\/trabajadores-bonaerenses-estatales-y-de-la-salud-aceptaron-el-aumento-del-65\/","title":{"rendered":"Trabajadores bonaerenses estatales y de la salud aceptaron el aumento del 6,5%"},"content":{"rendered":"\n<figure class=\"wp-block-image size-large\"><a href=\"https:\/\/www.elsindical.com.ar\/notas\/var\/www\/html\/notas\/wp-content\/uploads\/2024\/07\/Asamblea-CICOP.jpg\"><img loading=\"lazy\" decoding=\"async\" width=\"1024\" height=\"576\" src=\"https:\/\/www.elsindical.com.ar\/notas\/var\/www\/html\/notas\/wp-content\/uploads\/2024\/07\/Asamblea-CICOP-1024x576.jpg\" alt=\"\" class=\"wp-image-131754\" srcset=\"https:\/\/www.elsindical.com.ar\/notas\/var\/www\/html\/notas\/wp-content\/uploads\/2024\/07\/Asamblea-CICOP-1024x576.jpg 1024w, https:\/\/www.elsindical.com.ar\/notas\/var\/www\/html\/notas\/wp-content\/uploads\/2024\/07\/Asamblea-CICOP-300x169.jpg 300w, https:\/\/www.elsindical.com.ar\/notas\/var\/www\/html\/notas\/wp-content\/uploads\/2024\/07\/Asamblea-CICOP-768x432.jpg 768w, https:\/\/www.elsindical.com.ar\/notas\/var\/www\/html\/notas\/wp-content\/uploads\/2024\/07\/Asamblea-CICOP-500x281.jpg 500w, https:\/\/www.elsindical.com.ar\/notas\/var\/www\/html\/notas\/wp-content\/uploads\/2024\/07\/Asamblea-CICOP-460x260.jpg 460w, https:\/\/www.elsindical.com.ar\/notas\/var\/www\/html\/notas\/wp-content\/uploads\/2024\/07\/Asamblea-CICOP.jpg 1200w\" sizes=\"auto, (max-width: 1024px) 100vw, 1024px\" \/><\/a><\/figure>\n\n\n\n<p>En sinton\u00eda con los docentes, CICOP y ATE bonaerense aceptaron el aumento del 6,5% propuesto por la Provincia para julio.<\/p>\n\n\n\n<p>El cap\u00edtulo de julio de las paritarias en la provincia de Buenos Aires cerr\u00f3 con acuerdo, ya que tanto los docentes, como los trabajadores estatales y los profesionales de la salud aceptaron el aumento propuesto por el gobierno de Axel Kicillof.<\/p>\n\n\n\n<p><strong>El Congreso de Cicop acept\u00f3 por \u201camplia mayor\u00eda\u201d la oferta salarial formulada por el Gobierno bonaerense de un 6,5% de aumento para julio.<\/strong><\/p>\n\n\n\n<p>\u201cTambi\u00e9n resolvi\u00f3 convocar a una Jornada de Lucha el mi\u00e9rcoles 17\/7 por la reincorporaci\u00f3n de todxs lxs despedidxs del #HospitalPosadas\u201d, informaron desde el gremio.<\/p>\n\n\n\n<p>Asimismo, <strong>ATE Buenos Aires lleg\u00f3 a un acuerdo paritario con el gobierno bonaerense por el cual se incrementar\u00e1n un 6,5% para los salarios de junio.<\/strong><\/p>\n\n\n\n<p>\u201cDicho aumento adem\u00e1s impactar\u00e1 en las y los jubilados. Se acord\u00f3 tambi\u00e9n la reapertura de la discusi\u00f3n salarial para el mes de agosto\u201d, remarcaron desde el gremio.<\/p>\n","protected":false},"excerpt":{"rendered":"<p>En sinton\u00eda con los docentes, CICOP y ATE bonaerense aceptaron el aumento del 6,5% propuesto por la Provincia para julio. El cap\u00edtulo de julio de las paritarias en la provincia de Buenos Aires cerr\u00f3 con acuerdo, ya que tanto los docentes, como los trabajadores estatales y los profesionales de la salud aceptaron el aumento propuesto&hellip;<\/p>\n","protected":false},"author":1,"featured_media":131754,"comment_status":"open","ping_status":"open","sticky":false,"template":"","format":"standard","meta":{"footnotes":""},"categories":[9],"tags":[290,357,13798,291,2450,22023,7790],"class_list":["post-131753","post","type-post","status-publish","format-standard","has-post-thumbnail","hentry","category-economia","tag-ate","tag-aumento","tag-axel-kicillof","tag-cicop","tag-diario-el-sindical","tag-economia","tag-gobierno-bonaerense"],"_links":{"self":[{"href":"https:\/\/www.elsindical.com.ar\/notas\/wp-json\/wp\/v2\/posts\/131753","targetHints":{"allow":["GET"]}}],"collection":[{"href":"https:\/\/www.elsindical.com.ar\/notas\/wp-json\/wp\/v2\/posts"}],"about":[{"href":"https:\/\/www.elsindical.com.ar\/notas\/wp-json\/wp\/v2\/types\/post"}],"author":[{"embeddable":true,"href":"https:\/\/www.elsindical.com.ar\/notas\/wp-json\/wp\/v2\/users\/1"}],"replies":[{"embeddable":true,"href":"https:\/\/www.elsindical.com.ar\/notas\/wp-json\/wp\/v2\/comments?post=131753"}],"version-history":[{"count":1,"href":"https:\/\/www.elsindical.com.ar\/notas\/wp-json\/wp\/v2\/posts\/131753\/revisions"}],"predecessor-version":[{"id":131755,"href":"https:\/\/www.elsindical.com.ar\/notas\/wp-json\/wp\/v2\/posts\/131753\/revisions\/131755"}],"wp:featuredmedia":[{"embeddable":true,"href":"https:\/\/www.elsindical.com.ar\/notas\/wp-json\/wp\/v2\/media\/131754"}],"wp:attachment":[{"href":"https:\/\/www.elsindical.com.ar\/notas\/wp-json\/wp\/v2\/media?parent=131753"}],"wp:term":[{"taxonomy":"category","embeddable":true,"href":"https:\/\/www.elsindical.com.ar\/notas\/wp-json\/wp\/v2\/categories?post=131753"},{"taxonomy":"post_tag","embeddable":true,"href":"https:\/\/www.elsindical.com.ar\/notas\/wp-json\/wp\/v2\/tags?post=131753"}],"curies":[{"name":"wp","href":"https:\/\/api.w.org\/{rel}","templated":true}]}}