{"id":131734,"date":"2024-07-14T11:34:44","date_gmt":"2024-07-14T14:34:44","guid":{"rendered":"https:\/\/www.elsindical.com.ar\/notas\/?p=131734"},"modified":"2024-07-14T11:34:49","modified_gmt":"2024-07-14T14:34:49","slug":"eeuu-intentaron-asesinar-a-donald-trump-durante-un-acto-de-campana","status":"publish","type":"post","link":"https:\/\/www.elsindical.com.ar\/notas\/eeuu-intentaron-asesinar-a-donald-trump-durante-un-acto-de-campana\/","title":{"rendered":"EEUU: Intentaron asesinar a Donald Trump durante un acto de campa\u00f1a"},"content":{"rendered":"\n<figure class=\"wp-block-image size-large\"><a href=\"https:\/\/www.elsindical.com.ar\/notas\/var\/www\/html\/notas\/wp-content\/uploads\/2024\/07\/atentado-a-Trump.jpg\"><img loading=\"lazy\" decoding=\"async\" width=\"1024\" height=\"576\" src=\"https:\/\/www.elsindical.com.ar\/notas\/var\/www\/html\/notas\/wp-content\/uploads\/2024\/07\/atentado-a-Trump-1024x576.jpg\" alt=\"\" class=\"wp-image-131735\" srcset=\"https:\/\/www.elsindical.com.ar\/notas\/var\/www\/html\/notas\/wp-content\/uploads\/2024\/07\/atentado-a-Trump-1024x576.jpg 1024w, https:\/\/www.elsindical.com.ar\/notas\/var\/www\/html\/notas\/wp-content\/uploads\/2024\/07\/atentado-a-Trump-300x169.jpg 300w, https:\/\/www.elsindical.com.ar\/notas\/var\/www\/html\/notas\/wp-content\/uploads\/2024\/07\/atentado-a-Trump-768x432.jpg 768w, https:\/\/www.elsindical.com.ar\/notas\/var\/www\/html\/notas\/wp-content\/uploads\/2024\/07\/atentado-a-Trump-500x281.jpg 500w, https:\/\/www.elsindical.com.ar\/notas\/var\/www\/html\/notas\/wp-content\/uploads\/2024\/07\/atentado-a-Trump-460x260.jpg 460w, https:\/\/www.elsindical.com.ar\/notas\/var\/www\/html\/notas\/wp-content\/uploads\/2024\/07\/atentado-a-Trump.jpg 1280w\" sizes=\"auto, (max-width: 1024px) 100vw, 1024px\" \/><\/a><\/figure>\n\n\n\n<p>El ex presidente de Estados Unidos, <strong>Donald Trump, fue v\u00edctima este s\u00e1bado de un intento de homicidio mientras participaba en un mitin partidario <\/strong>en el marco de su campa\u00f1a para acceder nuevamente a la presidencia. El ataque se produjo en la ciudad de Butler, Pensilvania, mientras Trump daba un discurso ante sus seguidores.<\/p>\n\n\n\n<h2 class=\"wp-block-heading\"><strong>Detalles del ataque y la respuesta inmediata<\/strong><\/h2>\n\n\n\n<p>Durante el discurso, se escucharon varias detonaciones y <strong>Trump fue visto tom\u00e1ndose la oreja derecha, con algunas manchas de sangre en su rostro.<\/strong> El ex mandatario sufri\u00f3 una herida leve en su oreja derecha, lo que indica lo cerca que estuvo de sufrir una lesi\u00f3n mortal.<\/p>\n\n\n\n<p>Inmediatamente despu\u00e9s del ataque,<strong> los agentes del servicio secreto evacuaron a Trump, traslad\u00e1ndolo a una dependencia cercana donde le proporcionaron las primeras curaciones.<\/strong> En medio de la dram\u00e1tica situaci\u00f3n, Trump levant\u00f3 sus brazos, demostrando que se encontraba bien a pesar de lo sucedido.<\/p>\n\n\n\n<p>Las autoridades confirmaron que el atacante, quien se hab\u00eda apostado a unos trescientos metros sobre el techo de un galp\u00f3n cercano, fue abatido poco despu\u00e9s.<\/p>\n\n\n\n<h2 class=\"wp-block-heading\"><strong>Declaraciones y reacciones<\/strong><\/h2>\n\n\n\n<p>Steve Cheung, portavoz de Trump, inform\u00f3 mediante un comunicado que el ex presidente \u201cse encuentra bien\u201d tras el incidente.<\/p>\n\n\n\n<p>\u201cE<strong>l ex presidente Trump agradece a los servicios de seguridad y de primeros auxilios la rapidez de acci\u00f3n durante este acto despreciable<\/strong>. \u00c9l est\u00e1 bien, luego de su atenci\u00f3n en una instalaci\u00f3n m\u00e9dica local\u201d, afirm\u00f3 Cheung.<\/p>\n\n\n\n<p>El presidente Joe Biden, rival de Trump en las pr\u00f3ximas elecciones de noviembre, fue informado de inmediato sobre el incidente en Pensilvania. Biden expres\u00f3 su solidaridad con su contrincante electoral, declarando: \u201cEsto es inconcebible, espero hablar con \u00e9l esta misma noche\u201d.<\/p>\n\n\n\n<h2 class=\"wp-block-heading\"><strong>Contexto electoral<\/strong><\/h2>\n\n\n\n<p>Trump lidera las encuestas para las elecciones presidenciales del 5 de noviembre, donde se enfrentar\u00e1 a Joe Biden, quien lo derrot\u00f3 en los comicios de 2020. El ataque ha generado conmoci\u00f3n no solo en Estados Unidos, sino a nivel internacional, debido a la naturaleza del incidente y las posibles implicaciones en el clima pol\u00edtico del pa\u00eds.<\/p>\n\n\n\n<p>La seguridad en los eventos de campa\u00f1a se ha convertido en un tema de creciente preocupaci\u00f3n, especialmente ante la polarizaci\u00f3n pol\u00edtica y los recientes episodios de violencia.<\/p>\n","protected":false},"excerpt":{"rendered":"<p>El ex presidente de Estados Unidos, Donald Trump, fue v\u00edctima este s\u00e1bado de un intento de homicidio mientras participaba en un mitin partidario en el marco de su campa\u00f1a para acceder nuevamente a la presidencia. El ataque se produjo en la ciudad de Butler, Pensilvania, mientras Trump daba un discurso ante sus seguidores. Detalles del&hellip;<\/p>\n","protected":false},"author":1,"featured_media":131735,"comment_status":"open","ping_status":"open","sticky":false,"template":"","format":"standard","meta":{"footnotes":""},"categories":[18],"tags":[957,31318,2450,24748,141,43139,43316,22025],"class_list":["post-131734","post","type-post","status-publish","format-standard","has-post-thumbnail","hentry","category-internacionales","tag-atentado","tag-campana-2","tag-diario-el-sindical","tag-donald-trump","tag-eeuu","tag-joe-biden","tag-pensilvania","tag-politica"],"_links":{"self":[{"href":"https:\/\/www.elsindical.com.ar\/notas\/wp-json\/wp\/v2\/posts\/131734","targetHints":{"allow":["GET"]}}],"collection":[{"href":"https:\/\/www.elsindical.com.ar\/notas\/wp-json\/wp\/v2\/posts"}],"about":[{"href":"https:\/\/www.elsindical.com.ar\/notas\/wp-json\/wp\/v2\/types\/post"}],"author":[{"embeddable":true,"href":"https:\/\/www.elsindical.com.ar\/notas\/wp-json\/wp\/v2\/users\/1"}],"replies":[{"embeddable":true,"href":"https:\/\/www.elsindical.com.ar\/notas\/wp-json\/wp\/v2\/comments?post=131734"}],"version-history":[{"count":1,"href":"https:\/\/www.elsindical.com.ar\/notas\/wp-json\/wp\/v2\/posts\/131734\/revisions"}],"predecessor-version":[{"id":131736,"href":"https:\/\/www.elsindical.com.ar\/notas\/wp-json\/wp\/v2\/posts\/131734\/revisions\/131736"}],"wp:featuredmedia":[{"embeddable":true,"href":"https:\/\/www.elsindical.com.ar\/notas\/wp-json\/wp\/v2\/media\/131735"}],"wp:attachment":[{"href":"https:\/\/www.elsindical.com.ar\/notas\/wp-json\/wp\/v2\/media?parent=131734"}],"wp:term":[{"taxonomy":"category","embeddable":true,"href":"https:\/\/www.elsindical.com.ar\/notas\/wp-json\/wp\/v2\/categories?post=131734"},{"taxonomy":"post_tag","embeddable":true,"href":"https:\/\/www.elsindical.com.ar\/notas\/wp-json\/wp\/v2\/tags?post=131734"}],"curies":[{"name":"wp","href":"https:\/\/api.w.org\/{rel}","templated":true}]}}