{"id":1317,"date":"2009-10-27T01:13:17","date_gmt":"2009-10-27T04:13:17","guid":{"rendered":"http:\/\/www.elsindical.com.ar\/notas\/?p=1317"},"modified":"2009-10-27T01:13:17","modified_gmt":"2009-10-27T04:13:17","slug":"allanamiento-a-la-legislatura-portena-y-mas-problemas-judiciales-para-el-pro","status":"publish","type":"post","link":"https:\/\/www.elsindical.com.ar\/notas\/allanamiento-a-la-legislatura-portena-y-mas-problemas-judiciales-para-el-pro\/","title":{"rendered":"Allanamiento a la Legislatura porte\u00f1a y m\u00e1s problemas judiciales para el PRO"},"content":{"rendered":"<p style=\"text-align: justify;\"><em><img loading=\"lazy\" decoding=\"async\" class=\"alignleft size-full wp-image-1318\" title=\"puerta-Legislatura-porte\u00f1a\" src=\"http:\/\/www.elsindical.com.ar\/notas\/var\/www\/html\/notas\/wp-content\/uploads\/2009\/10\/puerta-Legislatura-porte\u00f1a.jpg\" alt=\"puerta-Legislatura-porte\u00f1a\" width=\"255\" height=\"340\" srcset=\"https:\/\/www.elsindical.com.ar\/notas\/var\/www\/html\/notas\/wp-content\/uploads\/2009\/10\/puerta-Legislatura-porte\u00f1a.jpg 255w, https:\/\/www.elsindical.com.ar\/notas\/var\/www\/html\/notas\/wp-content\/uploads\/2009\/10\/puerta-Legislatura-porte\u00f1a-225x300.jpg 225w\" sizes=\"auto, (max-width: 255px) 100vw, 255px\" \/>M\u00e1s problemas para el PRO, la justicia allan\u00f3 la Junta de \u00c9tica de la Legislatura Porte\u00f1a, luego de que se incumplieran deliberadamente varias medidas judiciales dictadas por diferentes magistrados. Se procedi\u00f3 al secuestro del expediente con la designaci\u00f3n que enviara el Ejecutivo porte\u00f1o para la designaci\u00f3n de la Dra. Daniela Ugolini, en el Tribunal Superior de Justicia.<\/em><\/p>\n<p style=\"text-align: justify;\">Todo comienza con la investigaci\u00f3n judicial por las irregularidades en la designaci\u00f3n de la abogada mencionada y varias denuncias recibidas a su condidatura desde diferentes sectores sociales y pol\u00edticos.<\/p>\n<p style=\"text-align: justify;\">La diligencia judicial fue llevada adelante por miembros del Juzgado Contencioso Administrativo y Tributario N\u00ba 6 a cargo de la Dra. Patricia L\u00f3pez Vergara y la Secretaria N\u00ba 11 y cinco efectivos de la Polic\u00eda Federal Argentina.\u00a0 La medida es dictada como consecuencia del incumplimiento que la Junta de la Legislatura hiciera a la medida dictada por el juez Andr\u00e9s Gallardo en momentos que subrogaba el juzgado de L\u00f3pez Vergara. Desde el juzgado explicaron que el objetivo de la medida judicial fue para \u00abtomar vistas del expediente\u00bb donde se tramita la designaci\u00f3n de Ugolini.<\/p>\n<p style=\"text-align: justify;\">En principio los funcionarios judiciales encontraron oposici\u00f3n para la entrega del expediente, ya que desde la Junta de \u00c9tica se solcito la presencia de un veedor del Colegio de Abogados, motivo por el cual se realiz\u00f3 una comunicaci\u00f3n telef\u00f3nica con el Dr. Jorge Rizzo presidente del colegio quien dispuso la concurrencia de un veedor.<\/p>\n<p style=\"text-align: justify;\">Tambi\u00e9n se le solicito a la Junta de \u00c9tica copia de todas las resoluciones dictadas desde el 1 de enero del 2008 a la fecha. Aclararon que el Director de Jur\u00eddicos de la Legislatura tendr\u00e1 a partir de ma\u00f1ana a las 09:00 hs. \u00abel libro de actas y todos los papeles internos relacionados a la Junta de \u00c9tica\u00bb.<\/p>\n<p style=\"text-align: justify;\">Conclu\u00edda la medida judicial que promete ser un nuevo esc\u00e1ndalo de la gesti\u00f3n PRO, el presidente de la Junta el legislador macrista Oscar Zago, critic\u00f3 la medida denunciando que con esto se \u00abintenta interrumpir la elecci\u00f3n, ya que con este medida no se puede continuar con la Audiencia P\u00fablica programada\u00bb, agreg\u00f3 que este tipo de medidas \u00abson una locura\u00bb.<\/p>\n<p style=\"text-align: justify;\">Por su lado, el legislador de la Colalici\u00f3n C\u00edvica, Sergio Abrevaya, destac\u00f3 que \u00abse est\u00e1 violando la Constituci\u00f3n que garantiza el libre ejercicio del pensamiento y del voto del legislador. La labor legislativa se consagra cuando se emite el voto por el cuerpo y recien ah\u00ed, puede intervenir la Justicia.\u00bb \u00abCon esta medida se est\u00e1 impidiendo la labor legislativa que ya no se puede continuar con el secuestro del expediente completo.\u00bb<\/p>\n<p style=\"text-align: justify;\">Algunos legisladores intentaban unificar criterios para juntar firmas y convocar a una sesi\u00f3n especial, para hoy martes y que se faculte al vicepresidente I de la Legislatura, Diego Santilli, y este puede hacer una presentaci\u00f3n judicial por conflicto de poderes.<\/p>\n<p style=\"text-align: justify;\">\u00a0<\/p>\n","protected":false},"excerpt":{"rendered":"<p>M\u00e1s problemas para el PRO, la justicia allan\u00f3 la Junta de \u00c9tica de la Legislatura Porte\u00f1a, luego de que se incumplieran deliberadamente varias medidas judiciales dictadas por diferentes magistrados. Se procedi\u00f3 al secuestro del expediente con la designaci\u00f3n que enviara el Ejecutivo porte\u00f1o para la designaci\u00f3n de la Dra. Daniela Ugolini, en el Tribunal Superior&hellip;<\/p>\n","protected":false},"author":3,"featured_media":0,"comment_status":"open","ping_status":"open","sticky":false,"template":"","format":"standard","meta":{"footnotes":""},"categories":[1,10],"tags":[760,138,757,756,759,41,449,758,698],"class_list":["post-1317","post","type-post","status-publish","format-standard","hentry","category-destacadas","category-editorial","tag-abogados","tag-allanamiento","tag-daniela-ugolini","tag-diego-santilli","tag-jorge-rizzo","tag-justicia","tag-legislatura","tag-oscar-zago","tag-pfa"],"_links":{"self":[{"href":"https:\/\/www.elsindical.com.ar\/notas\/wp-json\/wp\/v2\/posts\/1317","targetHints":{"allow":["GET"]}}],"collection":[{"href":"https:\/\/www.elsindical.com.ar\/notas\/wp-json\/wp\/v2\/posts"}],"about":[{"href":"https:\/\/www.elsindical.com.ar\/notas\/wp-json\/wp\/v2\/types\/post"}],"author":[{"embeddable":true,"href":"https:\/\/www.elsindical.com.ar\/notas\/wp-json\/wp\/v2\/users\/3"}],"replies":[{"embeddable":true,"href":"https:\/\/www.elsindical.com.ar\/notas\/wp-json\/wp\/v2\/comments?post=1317"}],"version-history":[{"count":1,"href":"https:\/\/www.elsindical.com.ar\/notas\/wp-json\/wp\/v2\/posts\/1317\/revisions"}],"predecessor-version":[{"id":1319,"href":"https:\/\/www.elsindical.com.ar\/notas\/wp-json\/wp\/v2\/posts\/1317\/revisions\/1319"}],"wp:attachment":[{"href":"https:\/\/www.elsindical.com.ar\/notas\/wp-json\/wp\/v2\/media?parent=1317"}],"wp:term":[{"taxonomy":"category","embeddable":true,"href":"https:\/\/www.elsindical.com.ar\/notas\/wp-json\/wp\/v2\/categories?post=1317"},{"taxonomy":"post_tag","embeddable":true,"href":"https:\/\/www.elsindical.com.ar\/notas\/wp-json\/wp\/v2\/tags?post=1317"}],"curies":[{"name":"wp","href":"https:\/\/api.w.org\/{rel}","templated":true}]}}