{"id":131676,"date":"2024-07-11T10:12:03","date_gmt":"2024-07-11T13:12:03","guid":{"rendered":"https:\/\/www.elsindical.com.ar\/notas\/?p=131676"},"modified":"2024-07-11T10:12:08","modified_gmt":"2024-07-11T13:12:08","slug":"pediatras-contra-la-politica-social-de-javier-milei","status":"publish","type":"post","link":"https:\/\/www.elsindical.com.ar\/notas\/pediatras-contra-la-politica-social-de-javier-milei\/","title":{"rendered":"Pediatras contra la pol\u00edtica social de Javier Milei"},"content":{"rendered":"\n<figure class=\"wp-block-image size-large\"><a href=\"https:\/\/www.elsindical.com.ar\/notas\/var\/www\/html\/notas\/wp-content\/uploads\/2024\/07\/pediatra.jpeg\"><img loading=\"lazy\" decoding=\"async\" width=\"1024\" height=\"576\" src=\"https:\/\/www.elsindical.com.ar\/notas\/var\/www\/html\/notas\/wp-content\/uploads\/2024\/07\/pediatra-1024x576.jpeg\" alt=\"\" class=\"wp-image-131677\" srcset=\"https:\/\/www.elsindical.com.ar\/notas\/var\/www\/html\/notas\/wp-content\/uploads\/2024\/07\/pediatra-1024x576.jpeg 1024w, https:\/\/www.elsindical.com.ar\/notas\/var\/www\/html\/notas\/wp-content\/uploads\/2024\/07\/pediatra-300x169.jpeg 300w, https:\/\/www.elsindical.com.ar\/notas\/var\/www\/html\/notas\/wp-content\/uploads\/2024\/07\/pediatra-768x432.jpeg 768w, https:\/\/www.elsindical.com.ar\/notas\/var\/www\/html\/notas\/wp-content\/uploads\/2024\/07\/pediatra-500x281.jpeg 500w, https:\/\/www.elsindical.com.ar\/notas\/var\/www\/html\/notas\/wp-content\/uploads\/2024\/07\/pediatra-460x260.jpeg 460w, https:\/\/www.elsindical.com.ar\/notas\/var\/www\/html\/notas\/wp-content\/uploads\/2024\/07\/pediatra.jpeg 1277w\" sizes=\"auto, (max-width: 1024px) 100vw, 1024px\" \/><\/a><\/figure>\n\n\n\n<p>Exigen el acceso de , ni\u00f1os y adolescentes a una alimentaci\u00f3n b\u00e1sica, y denuncian que se multiplican para cubrir guardias y consultorios por la falta de profesionales y residentes.<\/p>\n\n\n\n<p>Los 400 afiliados que integran la Sociedad Argentina de Pediatr\u00eda denunciaron que el Gobierno de Javier Milei porque <strong>\u201cimpide el acceso de miles de ni\u00f1as, ni\u00f1os y adolescentes a una alimentaci\u00f3n b\u00e1sica imprescindible para su normal crecimiento y desarrollo\u201d <\/strong>y exigieron \u201cla urgente reflexi\u00f3n de las autoridades para que cese de manera inmediata la decisi\u00f3n de desfinanciar los programas de seguridad alimentaria, respetando las leyes vigentes\u201d.<\/p>\n\n\n\n<p>En ese sentido, recordaron el estudio del Observatorio de la Deuda Social de la UCA seg\u00fan el cual el <strong>11 por ciento de los ni\u00f1os y adolescentes del pa\u00eds va a comedores <\/strong>comunitarios.<\/p>\n\n\n\n<p>Los pediatras pusieron de relieve que hay 40 m\u00e9dicos cada 10 mil habitantes, pero en las provincias el d\u00e9ficit se multiplica al tiempo que si bien egresan cuatro mil m\u00e9dicos al a\u00f1o, <strong>faltan pediatras, cl\u00ednicos, ginec\u00f3logos, y en terapia intensiva infantil, neonatolog\u00eda.<\/strong><\/p>\n\n\n\n<p>La <strong>pediatr\u00eda atraviesa la mayor crisis estructural como especialidad, <\/strong>y la padecen precisamente los ni\u00f1os que necesitan atenci\u00f3n en las guardias y consultorios de hospitales y muchas veces se tienen que ir ante esperas infructuosas.<\/p>\n\n\n\n<p>En las guardias de los hospitales, tanto de adultos como pedi\u00e1tricas, as\u00ed como en las demoras de la agenda de los especialistas frente al <strong>aumento de demanda por la migraci\u00f3n al sistema p\u00fablico de afiliados al servicio de medicina prepaga <\/strong>que no pudieron seguir pagando o de aquellos que perdieron la obra social por cambios en su trabajo, las dificultades de atenci\u00f3n van in crescendo.<\/p>\n\n\n\n<p>Esta situaci\u00f3n afecta tambi\u00e9n a las cl\u00ednicas privadas, que atienden tanto prepagas y sindicales como IOMA y PAMI mientras que <strong>conseguir turnos con pediatras en hospitales p\u00fablicos y privados forma parte de los problemas cotidianos <\/strong>en los centros de salud y refleja una muestra de la gravedad del sistema de salud el que cada vez sea menor el inter\u00e9s de los egresados de medicina a hacer las residencias en la especialidad.<\/p>\n\n\n\n<p>La escasez de pediatras <strong>tiene su epicentro en Ciudad de Buenos Aires y Santa Fe<\/strong>, que hab\u00eda declarado la emergencia, a lo que tampoco la cartera nacional de Salud tom\u00f3 cartas en el asunto.<\/p>\n\n\n\n<p>En provincias como <strong>R\u00edo Negro, se tuvo que apelar a profesionales jubilados <\/strong>para cubrir, aunque m\u00e1s no sea, consultorios externos y guardias de 24 horas en el hospital, como sucede en Cipolletti.<\/p>\n\n\n\n<p>\u201cEs sabido que desde hace tiempo sus <strong>familias no pueden ser su n\u00facleo de comensalidad en el hogar <\/strong>y que miles de organizaciones sociales, ecum\u00e9nicas, de apoyo escolar, entre otras, han desarrollado comedores y merenderos que los asisten ante la carencia\u201d, alertaron los pediatras que firmaron el comunicado.<\/p>\n\n\n\n<p>Y agregaron: \u201cLa decisi\u00f3n tomada por el Poder Ejecutivo Nacional, encabezado por el presidente Javier Milei, de <strong>modificar la estrategia de sost\u00e9n nutricional que desarrollaba el Ministerio de Capital Humano sin reemplazarla por otra que garantice la continuidad de la alimentaci\u00f3n de las ni\u00f1eces <\/strong>y sus familias, atenta contra su vida presente y futura\u201d.<\/p>\n\n\n\n<p>Los m\u00e9dicos se\u00f1alaron que son \u201ccorresponsables\u201d de \u201c<strong>velar\u201d por los derechos de los ni\u00f1os <\/strong>y \u201cpropiciar su restituci\u00f3n, en caso de que sean vulnerados\u201d.<\/p>\n\n\n\n<p>Los pediatras concluyeron: \u201cLos indicadores socioecon\u00f3micos del Indec, de alcance p\u00fablico, muestran la progresiva y profunda inequidad en la distribuci\u00f3n de los recursos en Argentina, que <strong>pone en riesgo toda la vida social, incluso el acceso a los alimentos b\u00e1sicos<\/strong>. Las consecuencias est\u00e1n siendo graves en los sectores de menores recursos\u201d.<\/p>\n\n\n\n<p>En tanto sigue latente el d\u00e9ficit en la atenci\u00f3n de pacientes en tiempo y forma sin que las residencias en la especialidad contribuyan a paliar: <strong>este a\u00f1o s\u00f3lo se cubrieron 7 de cada 10 vacantes.<\/strong><\/p>\n\n\n\n<p>El examen de ingreso para las residencias en medicina, bioqu\u00edmica y enfermer\u00eda que se realiz\u00f3 en 27 sedes en distintas jurisdicciones, puso de manifiesto el magro inter\u00e9s que despiertan, en general, ya que <strong>hubo 8200 postulantes habilitados para 5216 vacantes.<\/strong><\/p>\n\n\n\n<p>En pediatr\u00eda, en 2022 hubo 540 vacantes y se postularon s\u00f3lo 400 m\u00e9dicos. Este a\u00f1o, la convocatoria cerr\u00f3 en rojo: <strong>394 aspirantes para 525 vacantes<\/strong>.<\/p>\n\n\n\n<p>Se la caracteriza como una espacialidad puramente cl\u00ednica, muy exigente y <strong>muy mal remunerada en comparaci\u00f3n con otras.<\/strong><\/p>\n\n\n\n<p>Adem\u00e1s, cada a\u00f1o apenas terminan la carrera mucho menos del 10 por ciento de los alumnos que la empiezan pues <strong>ingresan unos 10 mil y se reciben 600<\/strong>, de los que \u201ces muy probable que un porcentaje importante no se presente a su residencia, ya que seguramente adjudic\u00f3 en otro sistema\u201d, se lamentan.<\/p>\n\n\n\n<p>El desequiibrio se traslada a la formaci\u00f3n de planteles de especialistas y SAP lo explica en que <strong>para llegar a ser m\u00e9dico de planta una persona tiene que estar 12 a\u00f1os form\u00e1ndose, <\/strong>cuando en Estados Unidos, por ejemplo, la carrera dura cuatro a\u00f1os<\/p>\n\n\n\n<p>\u201cNo hay mucha gente que est\u00e9 dispuesta a estudiar ese tiempo para <strong>poder tener reci\u00e9n a los 30 a\u00f1os algo de plata\u201d, esgrimen.<\/strong><\/p>\n\n\n\n<p>En los hospitales p\u00fablicos es, principalmente, donde no se llegan a cubrir las vacantes de residencia y <strong>las especialidades m\u00e1s afectadas son pediatr\u00eda y cl\u00ednica, <\/strong>claves en el funcionamiento de cualquier instituci\u00f3n de salud. <strong>Se encargan de atender el 90 por ciento de las consultas.<\/strong><\/p>\n\n\n\n<p>Si se exponen los problemas que ahuyentan a futuros pediatras para formarse sobresalen: \u201cmucho trabajo, poca plata\u201d, como resumen en SAP a la combinaci\u00f3n de las malas condiciones de trabajo, <strong>la inestabilidad laboral, los bajos salarios con diferencias interjurisdiccionales, y hasta situaciones de violencia. .<\/strong><\/p>\n\n\n\n<p>La entidad viene expresando su preocupaci\u00f3n por l<strong>a falta de adjudicaci\u00f3n de vacantes en las residencias de Cl\u00ednica Pedi\u00e1trica, Neonatolog\u00eda y Terapia Intensiva Pedi\u00e1trica<\/strong> en todo el pa\u00eds y aboga por un sistema de residencias m\u00e9dicas bien remuneradas y seguras para garantizar una formaci\u00f3n adecuada y una atenci\u00f3n de calidad para los ni\u00f1os y adolescentes.<\/p>\n\n\n\n<p>Puntualmente rechaza que se<strong> deje de exceptuar a las guardias y extras para el c\u00e1lculo del impuesto a las ganancias.<\/strong><\/p>\n","protected":false},"excerpt":{"rendered":"<p>Exigen el acceso de , ni\u00f1os y adolescentes a una alimentaci\u00f3n b\u00e1sica, y denuncian que se multiplican para cubrir guardias y consultorios por la falta de profesionales y residentes. Los 400 afiliados que integran la Sociedad Argentina de Pediatr\u00eda denunciaron que el Gobierno de Javier Milei porque \u201cimpide el acceso de miles de ni\u00f1as, ni\u00f1os&hellip;<\/p>\n","protected":false},"author":1,"featured_media":131677,"comment_status":"open","ping_status":"open","sticky":false,"template":"","format":"standard","meta":{"footnotes":""},"categories":[23,24],"tags":[43298,2450,761,28812,15404,41098],"class_list":["post-131676","post","type-post","status-publish","format-standard","has-post-thumbnail","hentry","category-salud","category-sociales","tag-acceso-a-la-salud","tag-diario-el-sindical","tag-gobierno-nacional","tag-javier-milei","tag-politicas-sociales","tag-sociedad-argentina-de-pediatria"],"_links":{"self":[{"href":"https:\/\/www.elsindical.com.ar\/notas\/wp-json\/wp\/v2\/posts\/131676","targetHints":{"allow":["GET"]}}],"collection":[{"href":"https:\/\/www.elsindical.com.ar\/notas\/wp-json\/wp\/v2\/posts"}],"about":[{"href":"https:\/\/www.elsindical.com.ar\/notas\/wp-json\/wp\/v2\/types\/post"}],"author":[{"embeddable":true,"href":"https:\/\/www.elsindical.com.ar\/notas\/wp-json\/wp\/v2\/users\/1"}],"replies":[{"embeddable":true,"href":"https:\/\/www.elsindical.com.ar\/notas\/wp-json\/wp\/v2\/comments?post=131676"}],"version-history":[{"count":1,"href":"https:\/\/www.elsindical.com.ar\/notas\/wp-json\/wp\/v2\/posts\/131676\/revisions"}],"predecessor-version":[{"id":131678,"href":"https:\/\/www.elsindical.com.ar\/notas\/wp-json\/wp\/v2\/posts\/131676\/revisions\/131678"}],"wp:featuredmedia":[{"embeddable":true,"href":"https:\/\/www.elsindical.com.ar\/notas\/wp-json\/wp\/v2\/media\/131677"}],"wp:attachment":[{"href":"https:\/\/www.elsindical.com.ar\/notas\/wp-json\/wp\/v2\/media?parent=131676"}],"wp:term":[{"taxonomy":"category","embeddable":true,"href":"https:\/\/www.elsindical.com.ar\/notas\/wp-json\/wp\/v2\/categories?post=131676"},{"taxonomy":"post_tag","embeddable":true,"href":"https:\/\/www.elsindical.com.ar\/notas\/wp-json\/wp\/v2\/tags?post=131676"}],"curies":[{"name":"wp","href":"https:\/\/api.w.org\/{rel}","templated":true}]}}