{"id":131673,"date":"2024-07-11T10:06:13","date_gmt":"2024-07-11T13:06:13","guid":{"rendered":"https:\/\/www.elsindical.com.ar\/notas\/?p=131673"},"modified":"2024-07-11T12:10:44","modified_gmt":"2024-07-11T15:10:44","slug":"avellaneda-murio-nino-baleado-en-medio-de-un-tiroteo-entre-un-policia-y-motochorros","status":"publish","type":"post","link":"https:\/\/www.elsindical.com.ar\/notas\/avellaneda-murio-nino-baleado-en-medio-de-un-tiroteo-entre-un-policia-y-motochorros\/","title":{"rendered":"Avellaneda: Muri\u00f3 ni\u00f1o baleado en medio de un tiroteo entre un polic\u00eda y motochorros"},"content":{"rendered":"<div class=\"wp-block-image\">\n<figure class=\"aligncenter size-full is-resized\"><a href=\"https:\/\/www.elsindical.com.ar\/notas\/var\/www\/html\/notas\/wp-content\/uploads\/2024\/07\/motochorros-asesinato-chico-en-Wilde.jpg\"><img loading=\"lazy\" decoding=\"async\" width=\"700\" height=\"346\" src=\"https:\/\/www.elsindical.com.ar\/notas\/var\/www\/html\/notas\/wp-content\/uploads\/2024\/07\/motochorros-asesinato-chico-en-Wilde.jpg\" alt=\"\" class=\"wp-image-131674\" style=\"width:816px;height:auto\" srcset=\"https:\/\/www.elsindical.com.ar\/notas\/var\/www\/html\/notas\/wp-content\/uploads\/2024\/07\/motochorros-asesinato-chico-en-Wilde.jpg 700w, https:\/\/www.elsindical.com.ar\/notas\/var\/www\/html\/notas\/wp-content\/uploads\/2024\/07\/motochorros-asesinato-chico-en-Wilde-300x148.jpg 300w, https:\/\/www.elsindical.com.ar\/notas\/var\/www\/html\/notas\/wp-content\/uploads\/2024\/07\/motochorros-asesinato-chico-en-Wilde-500x247.jpg 500w\" sizes=\"auto, (max-width: 700px) 100vw, 700px\" \/><\/a><\/figure>\n<\/div>\n\n\n<p>El nene de 10 a\u00f1os estaba internado en el Hospital Finochietto en estado delicado y no sobrevivi\u00f3. Los vecinos protestaron en el lugar por la falta de seguridad.<\/p>\n\n\n\n<p>Un ni\u00f1o de 10 a\u00f1os identificado como <strong>Basti\u00e1n Escalante<\/strong> result\u00f3 baleado en medio de un <strong>tiroteo entre un polic\u00eda de civil y motochorros en la localidad de Wilde, partido de Avellaneda<\/strong>. El menor est\u00e1 internado en el Hospital Finochietto en estado delicado y los vecinos protestaron en el lugar por la falta de seguridad.<\/p>\n\n\n<div class=\"wp-block-image\">\n<figure class=\"aligncenter size-full\"><a href=\"https:\/\/www.elsindical.com.ar\/notas\/var\/www\/html\/notas\/wp-content\/uploads\/2024\/07\/Bastian-Escalante.jpg\"><img loading=\"lazy\" decoding=\"async\" width=\"716\" height=\"547\" src=\"https:\/\/www.elsindical.com.ar\/notas\/var\/www\/html\/notas\/wp-content\/uploads\/2024\/07\/Bastian-Escalante.jpg\" alt=\"\" class=\"wp-image-131685\" srcset=\"https:\/\/www.elsindical.com.ar\/notas\/var\/www\/html\/notas\/wp-content\/uploads\/2024\/07\/Bastian-Escalante.jpg 716w, https:\/\/www.elsindical.com.ar\/notas\/var\/www\/html\/notas\/wp-content\/uploads\/2024\/07\/Bastian-Escalante-300x229.jpg 300w, https:\/\/www.elsindical.com.ar\/notas\/var\/www\/html\/notas\/wp-content\/uploads\/2024\/07\/Bastian-Escalante-393x300.jpg 393w\" sizes=\"auto, (max-width: 716px) 100vw, 716px\" \/><\/a><\/figure>\n<\/div>\n\n\n<p>El caso se registr\u00f3 alrededor de las 20 en el cruce de las calles <strong>Coronel Rondeau y Caxaraville<\/strong>, en esa localidad de la zona sur del conurbano, en momentos en que el peque\u00f1o sal\u00eda con su mam\u00e1 de <strong>La Sociedad de Fomento Barrio de La Carne<\/strong> donde practica f\u00fatbol. En esas circunstancias, un agente policial que estaba de civil fue abordado por dos personas que quisieron robarle pero se resisti\u00f3 y comenz\u00f3 la balacera. Mientras el ni\u00f1o cruzaba la calle comenz\u00f3 el tiroteo y all\u00ed <strong>recibi\u00f3 dos balazos en la espalda y t\u00f3rax<\/strong>.<\/p>\n\n\n\n<p>\u201cEst\u00e1 <strong>muy grave<\/strong>, acaba de salir de dos operaciones\u201d, cont\u00f3 una vecina.<\/p>\n\n\n\n<p>Seg\u00fan relat\u00f3 otro vecino que observ\u00f3 la secuencia completa, <strong>el tiroteo se produjo entre un polic\u00eda de civil y motochorros que intentaron robarle su moto<\/strong>, motivo por el cual el agente dio la voz de alto y se defendi\u00f3 a tiros.<\/p>\n\n\n\n<p>En medio de la terror\u00edfica escena, el ni\u00f1o debi\u00f3 ser trasladado al Hospital Finochietto donde permanece internado en estado delicado: \u201c<strong>Perdi\u00f3 cualquier cantidad de sangre\u201d.<\/strong><\/p>\n\n\n\n<p>Ante <strong>la falta de seguridad en el barrio y de peritos que custodien el lugar <\/strong>donde el menor result\u00f3 gravemente herido, los vecinos de la zona realizaron una protesta.<\/p>\n\n\n\n<p>\u201cEstamos esperando que vengan a peritar y nadie custodia esta escena.<strong> Estamos indignados por el accionar policial, no s\u00e9 por qu\u00e9 motivo vinieron a llevarse la moto de los delincuentes\u201d,<\/strong> indicaron.<\/p>\n\n\n\n<p><strong>\u201cLos chicos del club marcaron con tiza los disparos\u201d,<\/strong> reclam\u00f3 otro vecino.<\/p>\n\n\n\n<p>Vecinos indignados se\u00f1alan que los motochorros azotan la zona, buscan celulares que luego venden en locales cercanos, que hay puntos de venta de drogas donde terminan viendo a las motos y talleres de dudosa legalidad que atienden las motos de los delincuentes.<\/p>\n\n\n\n<p>Los <strong><a href=\"https:\/\/www.elsindical.com.ar\/notas\/avellaneda-vecinos-de-wilde-denuncian-ola-de-inseguridad\/\">vecinos de Wilde vienen denuncian en las redes<\/a><\/strong> y a los medios una ola de robos d\u00edas previos a este grave hecho.<\/p>\n","protected":false},"excerpt":{"rendered":"<p>El nene de 10 a\u00f1os estaba internado en el Hospital Finochietto en estado delicado y no sobrevivi\u00f3. Los vecinos protestaron en el lugar por la falta de seguridad. Un ni\u00f1o de 10 a\u00f1os identificado como Basti\u00e1n Escalante result\u00f3 baleado en medio de un tiroteo entre un polic\u00eda de civil y motochorros en la localidad de&hellip;<\/p>\n","protected":false},"author":1,"featured_media":131674,"comment_status":"open","ping_status":"open","sticky":false,"template":"","format":"standard","meta":{"footnotes":""},"categories":[6,22],"tags":[30014,461,43296,2450,382,43297,308,305,306,16396,2296,882],"class_list":["post-131673","post","type-post","status-publish","format-standard","has-post-thumbnail","hentry","category-denuncias","category-policiales","tag-alejo-chornobroff","tag-avellaneda","tag-bastian-escalante","tag-diario-el-sindical","tag-drogas","tag-insguridad","tag-motochorros","tag-muerte","tag-nino","tag-pba","tag-talleres-clandestinos","tag-wilde"],"_links":{"self":[{"href":"https:\/\/www.elsindical.com.ar\/notas\/wp-json\/wp\/v2\/posts\/131673","targetHints":{"allow":["GET"]}}],"collection":[{"href":"https:\/\/www.elsindical.com.ar\/notas\/wp-json\/wp\/v2\/posts"}],"about":[{"href":"https:\/\/www.elsindical.com.ar\/notas\/wp-json\/wp\/v2\/types\/post"}],"author":[{"embeddable":true,"href":"https:\/\/www.elsindical.com.ar\/notas\/wp-json\/wp\/v2\/users\/1"}],"replies":[{"embeddable":true,"href":"https:\/\/www.elsindical.com.ar\/notas\/wp-json\/wp\/v2\/comments?post=131673"}],"version-history":[{"count":2,"href":"https:\/\/www.elsindical.com.ar\/notas\/wp-json\/wp\/v2\/posts\/131673\/revisions"}],"predecessor-version":[{"id":131686,"href":"https:\/\/www.elsindical.com.ar\/notas\/wp-json\/wp\/v2\/posts\/131673\/revisions\/131686"}],"wp:featuredmedia":[{"embeddable":true,"href":"https:\/\/www.elsindical.com.ar\/notas\/wp-json\/wp\/v2\/media\/131674"}],"wp:attachment":[{"href":"https:\/\/www.elsindical.com.ar\/notas\/wp-json\/wp\/v2\/media?parent=131673"}],"wp:term":[{"taxonomy":"category","embeddable":true,"href":"https:\/\/www.elsindical.com.ar\/notas\/wp-json\/wp\/v2\/categories?post=131673"},{"taxonomy":"post_tag","embeddable":true,"href":"https:\/\/www.elsindical.com.ar\/notas\/wp-json\/wp\/v2\/tags?post=131673"}],"curies":[{"name":"wp","href":"https:\/\/api.w.org\/{rel}","templated":true}]}}