{"id":131659,"date":"2024-07-10T11:56:20","date_gmt":"2024-07-10T14:56:20","guid":{"rendered":"https:\/\/www.elsindical.com.ar\/notas\/?p=131659"},"modified":"2024-07-10T11:56:26","modified_gmt":"2024-07-10T14:56:26","slug":"el-arzobispo-de-buenos-aires-pidio-ante-milei-que-no-haya-excluidos-y-que-todos-tengan-un-trabajo-digno","status":"publish","type":"post","link":"https:\/\/www.elsindical.com.ar\/notas\/el-arzobispo-de-buenos-aires-pidio-ante-milei-que-no-haya-excluidos-y-que-todos-tengan-un-trabajo-digno\/","title":{"rendered":"El arzobispo de Buenos Aires pidi\u00f3 ante Milei \u201cque no haya excluidos y que todos tengan un trabajo digno\u201d"},"content":{"rendered":"\n<figure class=\"wp-block-image size-full\"><a href=\"https:\/\/www.elsindical.com.ar\/notas\/var\/www\/html\/notas\/wp-content\/uploads\/2024\/07\/Jorge-Ignacio-Garcia-Cuerva.avif\"><img loading=\"lazy\" decoding=\"async\" width=\"992\" height=\"558\" src=\"https:\/\/www.elsindical.com.ar\/notas\/var\/www\/html\/notas\/wp-content\/uploads\/2024\/07\/Jorge-Ignacio-Garcia-Cuerva.avif\" alt=\"\" class=\"wp-image-131660\"\/><\/a><\/figure>\n\n\n\n<p>Durante el Tedeum por el 9 de julio, Jorge Ignacio Garc\u00eda Cuerva asegur\u00f3 que \u00abmuchos argentinos est\u00e1n haciendo un esfuerzo enrome que conmueve, esperanzador\u00bb pero pidi\u00f3 que \u00abno los cascoteemos con intereses mezquinos por la voracidad de poder\u00bb.<\/p>\n\n\n\n<p>El arzobispo de Buenos Aires <strong>Jorge Ignacio Garc\u00eda Cuerva<\/strong> pidi\u00f3 ante el presidente <strong>Javier Milei<\/strong> <em>\u201cque no haya excluidos\u201d<\/em> y <em>\u201cque todos tengan un trabajo digno\u201d<\/em> en su discurso durante el Tedeum por el 9 de Julio realizado este martes por la ma\u00f1ana en la Catedral de la Ciudad de Buenos Aires.<\/p>\n\n\n\n<p>En la tradicional ceremonia religiosa Garc\u00eda Cuerva afirm\u00f3 que <em>\u201cmuchos argentinos est\u00e1n haciendo un esfuerzo enorme que conmueve, esperanzador\u201d<\/em>, pero cree que es importante no permitir <em>\u201cque los cascoteemos con intereses mezquinos con la voracidad del poder por el poder mismo con conductas reprochables que solo demuestran que a muchos les falta term\u00f3metro social de saber lo que viven los argentinos de a pie\u201d<\/em>.<\/p>\n\n\n\n<p>En otro tramo solicit\u00f3 que <em>\u201cno hipotequemos el futuro\u201d<\/em> porque <em>\u201cdemasiadas cosas ya hicimos mal en el pasado del que todav\u00eda nadie se hace cargo\u201d<\/em>.<\/p>\n\n\n\n<p><em>\u201cAquella casa hist\u00f3rica de Tucum\u00e1n es modelo para la Argentina de hoy. Que entren todos, que nadie quede afuera, que no haya excluidos, que se agrande la torta, que todos se sienten a la mesa de la dignidad, que todos reciban la mejor educaci\u00f3n, que todos tengan un trabajo digno, que Argentina se ponga de pie y caminemos juntos detr\u00e1s del objetivo com\u00fan de construir la patria que so\u00f1amos con libertad y paz. Siempre entrelazados por la solidaridad y la justicia\u201d<\/em>, remarc\u00f3.<\/p>\n\n\n\n<p>Luego del Tedeum el mandatario argentino encabez\u00f3 un desfile militar en la Avenida Libertador de la capital del pa\u00eds. El montaje sirvi\u00f3 de escenario para algunos gestos simb\u00f3licos a favor del golpismo y el terrorismo de Estado, como por ejemplo una bandera con la leyenda \u201clos carapintada tienen raz\u00f3n\u201d o el paso de varios veh\u00edculos Ford Falcon, que eran los autos que habitualmente se usaban para secuestras personas durante la \u00faltima dictadura. En el final del desfile el Milei y la vicepresidenta <strong>Victoria Villarruel <\/strong>se subieron entre risas a un tanque de guerra.<\/p>\n","protected":false},"excerpt":{"rendered":"<p>Durante el Tedeum por el 9 de julio, Jorge Ignacio Garc\u00eda Cuerva asegur\u00f3 que \u00abmuchos argentinos est\u00e1n haciendo un esfuerzo enrome que conmueve, esperanzador\u00bb pero pidi\u00f3 que \u00abno los cascoteemos con intereses mezquinos por la voracidad de poder\u00bb. El arzobispo de Buenos Aires Jorge Ignacio Garc\u00eda Cuerva pidi\u00f3 ante el presidente Javier Milei \u201cque no&hellip;<\/p>\n","protected":false},"author":1,"featured_media":131660,"comment_status":"open","ping_status":"open","sticky":false,"template":"","format":"standard","meta":{"footnotes":""},"categories":[25],"tags":[836,42997,2450,1786,28812,11439,229],"class_list":["post-131659","post","type-post","status-publish","format-standard","has-post-thumbnail","hentry","category-sociedad","tag-9-de-julio","tag-arzobispo-jorge-garcia-cuerva","tag-diario-el-sindical","tag-excluidos","tag-javier-milei","tag-tedeum","tag-trabajo"],"_links":{"self":[{"href":"https:\/\/www.elsindical.com.ar\/notas\/wp-json\/wp\/v2\/posts\/131659","targetHints":{"allow":["GET"]}}],"collection":[{"href":"https:\/\/www.elsindical.com.ar\/notas\/wp-json\/wp\/v2\/posts"}],"about":[{"href":"https:\/\/www.elsindical.com.ar\/notas\/wp-json\/wp\/v2\/types\/post"}],"author":[{"embeddable":true,"href":"https:\/\/www.elsindical.com.ar\/notas\/wp-json\/wp\/v2\/users\/1"}],"replies":[{"embeddable":true,"href":"https:\/\/www.elsindical.com.ar\/notas\/wp-json\/wp\/v2\/comments?post=131659"}],"version-history":[{"count":1,"href":"https:\/\/www.elsindical.com.ar\/notas\/wp-json\/wp\/v2\/posts\/131659\/revisions"}],"predecessor-version":[{"id":131661,"href":"https:\/\/www.elsindical.com.ar\/notas\/wp-json\/wp\/v2\/posts\/131659\/revisions\/131661"}],"wp:featuredmedia":[{"embeddable":true,"href":"https:\/\/www.elsindical.com.ar\/notas\/wp-json\/wp\/v2\/media\/131660"}],"wp:attachment":[{"href":"https:\/\/www.elsindical.com.ar\/notas\/wp-json\/wp\/v2\/media?parent=131659"}],"wp:term":[{"taxonomy":"category","embeddable":true,"href":"https:\/\/www.elsindical.com.ar\/notas\/wp-json\/wp\/v2\/categories?post=131659"},{"taxonomy":"post_tag","embeddable":true,"href":"https:\/\/www.elsindical.com.ar\/notas\/wp-json\/wp\/v2\/tags?post=131659"}],"curies":[{"name":"wp","href":"https:\/\/api.w.org\/{rel}","templated":true}]}}