{"id":131641,"date":"2024-07-09T01:39:18","date_gmt":"2024-07-09T04:39:18","guid":{"rendered":"https:\/\/www.elsindical.com.ar\/notas\/?p=131641"},"modified":"2024-07-09T08:05:13","modified_gmt":"2024-07-09T11:05:13","slug":"un-pacto-de-mayo-firmado-en-julio","status":"publish","type":"post","link":"https:\/\/www.elsindical.com.ar\/notas\/un-pacto-de-mayo-firmado-en-julio\/","title":{"rendered":"Un Pacto de Mayo firmado en Julio"},"content":{"rendered":"<div class=\"wp-block-image\">\n<figure class=\"aligncenter size-full is-resized\"><a href=\"https:\/\/www.elsindical.com.ar\/notas\/var\/www\/html\/notas\/wp-content\/uploads\/2024\/07\/9-de-julio-2024.jpg\"><img loading=\"lazy\" decoding=\"async\" width=\"714\" height=\"394\" src=\"https:\/\/www.elsindical.com.ar\/notas\/var\/www\/html\/notas\/wp-content\/uploads\/2024\/07\/9-de-julio-2024.jpg\" alt=\"\" class=\"wp-image-131642\" style=\"width:770px;height:auto\" srcset=\"https:\/\/www.elsindical.com.ar\/notas\/var\/www\/html\/notas\/wp-content\/uploads\/2024\/07\/9-de-julio-2024.jpg 714w, https:\/\/www.elsindical.com.ar\/notas\/var\/www\/html\/notas\/wp-content\/uploads\/2024\/07\/9-de-julio-2024-300x166.jpg 300w, https:\/\/www.elsindical.com.ar\/notas\/var\/www\/html\/notas\/wp-content\/uploads\/2024\/07\/9-de-julio-2024-500x276.jpg 500w\" sizes=\"auto, (max-width: 714px) 100vw, 714px\" \/><\/a><\/figure>\n<\/div>\n\n\n<p>Como era de esperar, cada acto pol\u00edtico de Javier Milei es contradictorio y sin las formalidades legales de los documentos que supuestamente comprometen las voluntades de un grupo de gobernadores que pasar\u00e1n a la historia como unos traidores a sus ciudadanos, porque se han comprometido a violentar derechos adquiridos y tutelados no solo por la Constituci\u00f3n Nacional sino tambi\u00e9n por Tratados Internacionales con jerarqu\u00eda constitucional, pero eso al gobierno de Milei poco le importa.<\/p>\n\n\n\n<p>Debo decir que me permito dudar de un presidente que se hace llamar doctor, cuando no lo es, que habla del fracaso de la educaci\u00f3n mientras tartamudea en el discurso que lee, que no pronuncia las \u201cs\u201d cuando corresponde, se agrava cuando los errores al leer se repiten y la quitan coherencia al relato.<\/p>\n\n\n\n<p>Entre otras cosas referentes a la carga impositiva, Milei habla de liberar a los que trabajan de las cargas impositivas, luego de haber promovido la vuelta de ganancias para los trabajadores, entonces es evidente que se burla en la cara de los argentinos con discursos y propuestas que \u00e9l mismo es el primero en no cumplir.<\/p>\n\n\n\n<p>Hablo de la extorsi\u00f3n de los pol\u00edticos a las provincias, el mismo presidente que prometi\u00f3 asfixiar a las provincias que no firmen el pacto,\u00bfcu\u00e1ntas personalidades tiene Milei?.<\/p>\n\n\n\n<p>Resulta que ahora las provincias que firmaron se comprometen a vender todos sus recursos naturales sin escuchar a las organizaciones ambientalistas porque es m\u00e1s importante vivir de los recursos que no explotarlos, es f\u00e1cil proponer esas medidas cuando Milei nunca va a vivir en donde se contamine el suelo y se condene a generaciones futuras a una muerte segura, porque con un sistema de salud cada vez m\u00e1s deficiente y sin financiaci\u00f3n, mejor no enfermarse.<\/p>\n\n\n\n<p>Prep\u00e1rense los trabajadores a ser solo una variable econ\u00f3mica, seg\u00fan el propio Milei el \u00fanico que importa es el empresario y hay que entender que no hay nada mejor para el trabajador que un empresario, que es l\u00edcito que el empresario quiera ganar dinero y hay que liberarlo de todas las trabas actuales donde hay cargas sociales y condicionamientos para despedir, traducido, te van a pagar lo que el empresario quiera, si reclamas te despide y no te paga, con la reforma laboral, si trabajar en una empresa de hasta 5 empleados, no vas a tener aguinaldo ni vacaciones pagas, porque ser\u00e1s un colaborador, con lo cual, tampoco tendr\u00e1s aportes jubilatorios u obra social, deber\u00e1s ser monotributista y pagar vos tus aportes.<\/p>\n\n\n\n<p>Milei en su alocuci\u00f3n, sigue teniendo rasgos mesi\u00e1nicos, que se mezclan con \u201cguerras\u201d que nunca existieron fuera de su cabeza, repitiendo que no importa el n\u00famero de guerreros, sino las fuerzas que vienen del cielo que al parecer se perdieron porque todos los indicadores reales de la econom\u00eda son malos.<\/p>\n\n\n\n<p>Por m\u00e1s que el presidente se muestre convencido de las mentiras que anuncian como logros econ\u00f3micos en base a generar una reseci\u00f3n, a acumular deudas con las energ\u00e9ticas, a emitir montos record para generar bonos de deuda que nadie quiere comprar y no obtener inversiones ni siquiera de quienes se toman fotos con \u00e9l, dicen apoyarlo pero terminan negociando con China, as\u00ed de rid\u00edcula es la gesti\u00f3n de gobierno de Milei quien parece vivir en una realidad paralela.<\/p>\n\n\n\n<p>La \u00fanica que la ve y toma distancia de los papelones pol\u00edticos de Javier Milei es Victoria Villaruel que no estuvo presente, aduciendo un estado gripal con la recomendaci\u00f3n m\u00e9dica de no volar, raro, los aviones tienen calefacci\u00f3n, comodidades, pero bueno, aunque suene rid\u00edculo es lo que hicieron saber a los medios de prensa.<\/p>\n\n\n\n<p>Los 10 puntos de Milei son solo un estracto de las medidas que se van a ir tomando en busca de esa refundaci\u00f3n de la Argentina.<\/p>\n\n\n\n<p>El periodista Jorge Lanata, quien no puede ser tildado de peronista, fue muy claro en su opini\u00f3n sobre las medidas econ\u00f3micas y pol\u00edticas de Javier Milei al afirmar que si lo dejan la idea del presidente es un pa\u00eds con un 20% de la poblaci\u00f3n muy rica y un 80% pobre, luego de lo que dijo Milei hay que aclarar que ese 80% de pobres no ser\u00e1n los pobres que hoy conocemos por lo siguiente que es importante se\u00f1alar punto por punto:<\/p>\n\n\n\n<p>1-No habr\u00e1 aguinaldos.<\/p>\n\n\n\n<p>2-No habr\u00e1 vacaciones pagas.<\/p>\n\n\n\n<p>3-Las cargas sociales pasar\u00e1n a ser pagadas por los trabajadores que en el mejor de los casos ser\u00e1n monotributistas, lo que extingue la relaci\u00f3n laboral, es decir, tampoco habr\u00e1 tutela por despidos, ni indemnizaciones, ni reconocimiento de t\u00edtulos o antig\u00fcedad.<\/p>\n\n\n\n<p>4-Se terminan las licencias de las que gozaban los trabajadores, licencia por estudio, por maternidad, por enfermedad y las ART, que ahora ser\u00e1n seguros personales que obviamente abonar\u00e1 el trabajador.<\/p>\n\n\n\n<p>El futuro no es nada bueno para los trabajadores menos con el nuevo ministro Federico Sturzenegger, quien hace muchos a\u00f1os, por el 2009 mostro como presidente del Banco Ciudad, que despreciaba los derechos laborales, instalando durante su gesti\u00f3n un sofisticado sistema de espionaje en el cual se ten\u00eda acceso a las computadoras usadas por el personal del banco, revizando correos personales, se grababan las conversaciones de las l\u00edneas del banco, se instalaron c\u00e1maras con audio en casi todos lados incluso en las puertas de los ba\u00f1os desde donde se controlaba el tiempo de demora de los empleados, tambi\u00e9n en los ascensores, pero por otro lado, los asesores del directorio del banco muchos de ellos con contratos millonarios no ten\u00edan ning\u00fan control y algunos llevaban a\u00f1os cobrando sin tener funci\u00f3n alguna. Uno de los gastos m\u00e1s grandes de la presidencia era en el men\u00fa para los almuerzos con comidas de gourmet y vinos de colecci\u00f3n, toda esta informaci\u00f3n es p\u00fablica y puede ser solicitada por quienes quieran conocer algunos detalles m\u00e1s de lo caro que es Stursenegger como funcionario p\u00fablico, entre sus asesores mejores pagos, estaban su esposa y su cu\u00f1ado.<\/p>\n\n\n\n<p>As\u00ed que aprovechen aquellos ignorantes que festejaron la aprobaci\u00f3n de la Ley Bases antes de que experimenten de qu\u00e9 se trata y pasen a ser pobres, porque al no ser empleados ni un recibo de sueldo tendr\u00e1n para obtener un cr\u00e9dito o presentar para un alquiler.<\/p>\n\n\n\n<p>La gran y notoria ausencia de los miembros de la Suprema Corte de Justicia de la Naci\u00f3n es una se\u00f1al clara de que no quisieron quedar \u00abpegados\u00bb a uno de los actos pol\u00edticos m\u00e1s bochornosos de la historia argentina, ya que no se puede hablar de una refundaci\u00f3n si los cimientos de esa nueva Rep\u00fablica est\u00e1n viciados de inconstitucionalidad, no es un dato menor que en el mundo miren a la Argentina con asombro por haber elegido a un presidente que es todo lo que est\u00e1 mal en gobernabilidad, que elige la bandera de otra naci\u00f3n para mostrarse como un s\u00fabdito priorizando enriquecer a Israel por sobre los intereses de los argentinos, por ejemplo con la entrega del recurso m\u00e1s codiciado hoy en el mundo que son las reservas de agua dulce.<\/p>\n\n\n\n<p>Mi repudio a los medios afines al gobierno que dec\u00edan Milei trata de que la gente viva mejor, lo que no dicen es a quienes Milei considera \u201cgente\u201d.<\/p>\n\n\n<div class=\"wp-block-image\">\n<figure class=\"aligncenter size-full is-resized\"><a href=\"https:\/\/www.elsindical.com.ar\/notas\/var\/www\/html\/notas\/wp-content\/uploads\/2024\/07\/pacto-de-mayo-en-julio.jpg\"><img loading=\"lazy\" decoding=\"async\" width=\"720\" height=\"405\" src=\"https:\/\/www.elsindical.com.ar\/notas\/var\/www\/html\/notas\/wp-content\/uploads\/2024\/07\/pacto-de-mayo-en-julio.jpg\" alt=\"\" class=\"wp-image-131643\" style=\"width:786px;height:auto\" srcset=\"https:\/\/www.elsindical.com.ar\/notas\/var\/www\/html\/notas\/wp-content\/uploads\/2024\/07\/pacto-de-mayo-en-julio.jpg 720w, https:\/\/www.elsindical.com.ar\/notas\/var\/www\/html\/notas\/wp-content\/uploads\/2024\/07\/pacto-de-mayo-en-julio-300x169.jpg 300w, https:\/\/www.elsindical.com.ar\/notas\/var\/www\/html\/notas\/wp-content\/uploads\/2024\/07\/pacto-de-mayo-en-julio-500x281.jpg 500w, https:\/\/www.elsindical.com.ar\/notas\/var\/www\/html\/notas\/wp-content\/uploads\/2024\/07\/pacto-de-mayo-en-julio-460x260.jpg 460w\" sizes=\"auto, (max-width: 720px) 100vw, 720px\" \/><\/a><\/figure>\n<\/div>\n\n\n<figure class=\"wp-block-embed is-type-video is-provider-youtube wp-block-embed-youtube wp-embed-aspect-16-9 wp-has-aspect-ratio\"><div class=\"wp-block-embed__wrapper\">\n<iframe loading=\"lazy\" title=\"\u00bfQu\u00e9 le pasa a Javier Milei?\" width=\"700\" height=\"394\" src=\"https:\/\/www.youtube.com\/embed\/FsQJcGDHUsU?feature=oembed\" frameborder=\"0\" allow=\"accelerometer; autoplay; clipboard-write; encrypted-media; gyroscope; picture-in-picture; web-share\" referrerpolicy=\"strict-origin-when-cross-origin\" allowfullscreen><\/iframe>\n<\/div><\/figure>\n\n\n\n<p>Por Marcelo Ricardo Hawrylciw<\/p>\n","protected":false},"excerpt":{"rendered":"<p>Como era de esperar, cada acto pol\u00edtico de Javier Milei es contradictorio y sin las formalidades legales de los documentos que supuestamente comprometen las voluntades de un grupo de gobernadores que pasar\u00e1n a la historia como unos traidores a sus ciudadanos, porque se han comprometido a violentar derechos adquiridos y tutelados no solo por la&hellip;<\/p>\n","protected":false},"author":1,"featured_media":131642,"comment_status":"open","ping_status":"open","sticky":false,"template":"","format":"standard","meta":{"footnotes":""},"categories":[10],"tags":[43288,2450,22023,5561,11922,28812,40628,9202,125,3121],"class_list":["post-131641","post","type-post","status-publish","format-standard","has-post-thumbnail","hentry","category-editorial","tag-9-de-julio-2024","tag-diario-el-sindical","tag-economia","tag-educacion","tag-gobernadores","tag-javier-milei","tag-lla","tag-pacto","tag-trabajadores","tag-tucuman"],"_links":{"self":[{"href":"https:\/\/www.elsindical.com.ar\/notas\/wp-json\/wp\/v2\/posts\/131641","targetHints":{"allow":["GET"]}}],"collection":[{"href":"https:\/\/www.elsindical.com.ar\/notas\/wp-json\/wp\/v2\/posts"}],"about":[{"href":"https:\/\/www.elsindical.com.ar\/notas\/wp-json\/wp\/v2\/types\/post"}],"author":[{"embeddable":true,"href":"https:\/\/www.elsindical.com.ar\/notas\/wp-json\/wp\/v2\/users\/1"}],"replies":[{"embeddable":true,"href":"https:\/\/www.elsindical.com.ar\/notas\/wp-json\/wp\/v2\/comments?post=131641"}],"version-history":[{"count":3,"href":"https:\/\/www.elsindical.com.ar\/notas\/wp-json\/wp\/v2\/posts\/131641\/revisions"}],"predecessor-version":[{"id":131647,"href":"https:\/\/www.elsindical.com.ar\/notas\/wp-json\/wp\/v2\/posts\/131641\/revisions\/131647"}],"wp:featuredmedia":[{"embeddable":true,"href":"https:\/\/www.elsindical.com.ar\/notas\/wp-json\/wp\/v2\/media\/131642"}],"wp:attachment":[{"href":"https:\/\/www.elsindical.com.ar\/notas\/wp-json\/wp\/v2\/media?parent=131641"}],"wp:term":[{"taxonomy":"category","embeddable":true,"href":"https:\/\/www.elsindical.com.ar\/notas\/wp-json\/wp\/v2\/categories?post=131641"},{"taxonomy":"post_tag","embeddable":true,"href":"https:\/\/www.elsindical.com.ar\/notas\/wp-json\/wp\/v2\/tags?post=131641"}],"curies":[{"name":"wp","href":"https:\/\/api.w.org\/{rel}","templated":true}]}}