{"id":131621,"date":"2024-07-08T00:04:40","date_gmt":"2024-07-08T03:04:40","guid":{"rendered":"https:\/\/www.elsindical.com.ar\/notas\/?p=131621"},"modified":"2024-07-08T00:19:39","modified_gmt":"2024-07-08T03:19:39","slug":"la-abanderada-argentina-en-los-juegos-paralimpicos-liquido-a-milei-basta","status":"publish","type":"post","link":"https:\/\/www.elsindical.com.ar\/notas\/la-abanderada-argentina-en-los-juegos-paralimpicos-liquido-a-milei-basta\/","title":{"rendered":"La abanderada argentina en los Juegos Paral\u00edmpicos liquid\u00f3 a Milei: \u201cBasta\u201d"},"content":{"rendered":"<div class=\"wp-block-image\">\n<figure class=\"aligncenter size-full\"><a href=\"https:\/\/www.elsindical.com.ar\/notas\/var\/www\/html\/notas\/wp-content\/uploads\/2024\/07\/Constanza-Garrone-y-Milei.jpg\"><img loading=\"lazy\" decoding=\"async\" width=\"800\" height=\"600\" src=\"https:\/\/www.elsindical.com.ar\/notas\/var\/www\/html\/notas\/wp-content\/uploads\/2024\/07\/Constanza-Garrone-y-Milei.jpg\" alt=\"\" class=\"wp-image-131622\" srcset=\"https:\/\/www.elsindical.com.ar\/notas\/var\/www\/html\/notas\/wp-content\/uploads\/2024\/07\/Constanza-Garrone-y-Milei.jpg 800w, https:\/\/www.elsindical.com.ar\/notas\/var\/www\/html\/notas\/wp-content\/uploads\/2024\/07\/Constanza-Garrone-y-Milei-300x225.jpg 300w, https:\/\/www.elsindical.com.ar\/notas\/var\/www\/html\/notas\/wp-content\/uploads\/2024\/07\/Constanza-Garrone-y-Milei-768x576.jpg 768w, https:\/\/www.elsindical.com.ar\/notas\/var\/www\/html\/notas\/wp-content\/uploads\/2024\/07\/Constanza-Garrone-y-Milei-400x300.jpg 400w\" sizes=\"auto, (max-width: 800px) 100vw, 800px\" \/><\/a><\/figure>\n<\/div>\n\n\n<p>La abanderada argentina en los Juegos Paral\u00edmpicos de Par\u00eds 2024 lapid\u00f3 a Javier Milei antes de viajar a la capital de Francia. Constanza Garrone, de tenis de mesa, aniquil\u00f3 al presidente de la Naci\u00f3n con un gesto y dos canciones en sus redes sociales<\/p>\n\n\n\n<p><strong>La abanderada de&nbsp;Argentina&nbsp;para&nbsp;los&nbsp;Juegos Paral\u00edmpicos&nbsp;de Par\u00eds 2024, Constanza Garrone, aniquil\u00f3 a&nbsp;Javier Milei<\/strong>&nbsp;antes de viajar rumbo a la capital de Francia. La jugadora de tenis de mesa&nbsp;<strong>apunt\u00f3 directamente contra el presidente de la Naci\u00f3n<\/strong>&nbsp;a trav\u00e9s de su cuenta oficial de&nbsp;<strong>Instagram (@coty.garrone)<\/strong>. La deportista bonaerense de 27 a\u00f1os protagoniz\u00f3 un descargo picante con dos historias en la aplicaci\u00f3n que m\u00e1s utiliza.<\/p>\n\n\n\n<p>\u201cCoty\u201d fue una de las protagonistas del evento en el que el l\u00edder de&nbsp;<strong>La Libertad Avanza<\/strong>&nbsp;despidi\u00f3 a los deportistas albicelestes, en la previa a los torneos a disputarse en una de las grandes ciudades de Europa. All\u00ed&nbsp;<strong>se estrech\u00f3 las manos con el economista de 53 a\u00f1os con un rostro adusto y serio, aunque pocas horas despu\u00e9s dispar\u00f3 munici\u00f3n gruesa de manera virtual.<\/strong><\/p>\n\n\n\n<p>Con un&nbsp;<strong>video breve pero lapidario<\/strong>&nbsp;en su perfil de Instagram,&nbsp;<strong>Constanza Garrone<\/strong>&nbsp;expuso al presidente de la Naci\u00f3n por el&nbsp;<strong>desfinanciamiento a los deportes amateurs<\/strong>&nbsp;durante los casi siete meses que lleva de gesti\u00f3n. All\u00ed, primero aparece una foto de \u201cCoty\u201d saludando al jefe de Estado y, de fondo,la reconocida canci\u00f3n&nbsp;<strong>La Argentinidad al Palo, de La Bersuit Vergarabat.&nbsp;<\/strong>Con los colores del pa\u00eds de fondo y en las letras, public\u00f3 el siguiente mensaje: \u201cUn honor enorme llevar la bandera m\u00e1s hermosa del mundo a Par\u00eds.&nbsp;<strong>Yo s\u00ed prometo cuidarte y defenderte como realmente te merec\u00e9s. Mucho m\u00e1s en estos tiempos\u201d.<\/strong><\/p>\n\n\n\n<p>Por si fuese poco, m\u00e1s tarde la oriunda de Ituzaing\u00f3 (Provincia de Buenos Aires) eligi\u00f3 el tema&nbsp;<strong>Somos Sur, de Ana Tijoux<\/strong>, y&nbsp;<strong>se grab\u00f3 lav\u00e1ndose las manos luego de haberlas estrechado con Milei.&nbsp;<\/strong>Con una letra simb\u00f3lica de la canci\u00f3n&nbsp;y claramente en contra de las ideas que expresa el Presidente, se escuch\u00f3:<strong>&nbsp;\u201cSo\u00f1amos en grande que se caiga el imperio. Lo gritamos alto, no queda m\u00e1s remedio.<\/strong>&nbsp;Esto no es utop\u00eda, es alegre rebeld\u00eda del baile de los que sobran, de la danza tuya y m\u00eda.&nbsp;<strong>A levantarnos para decir: \u00b4\u00a1Ya basta!\u00b4. Ni \u00c1frica ni Am\u00e9rica latina se subastan\u2026\u201d.&nbsp;<\/strong>De esta forma, \u201cCoty\u201d se sum\u00f3 a las voces de otros deportistas que se mostraron en contra de la quita de fondos a algunas actividades, como por ejemplo&nbsp;<strong>Luciano De Cecco&nbsp;(v\u00f3ley) y&nbsp;Paula Pareto&nbsp;(judo).<\/strong><\/p>\n\n\n\n<figure class=\"wp-block-embed is-type-video is-provider-youtube wp-block-embed-youtube wp-embed-aspect-16-9 wp-has-aspect-ratio\"><div class=\"wp-block-embed__wrapper\">\n<iframe loading=\"lazy\" title=\"Abanderada argentina de los Juegos Paraol\u00edmpicos liquid\u00f3 a Milei en redes sociales\" width=\"700\" height=\"394\" src=\"https:\/\/www.youtube.com\/embed\/3IWw5fMdIrs?feature=oembed\" frameborder=\"0\" allow=\"accelerometer; autoplay; clipboard-write; encrypted-media; gyroscope; picture-in-picture; web-share\" referrerpolicy=\"strict-origin-when-cross-origin\" allowfullscreen><\/iframe>\n<\/div><\/figure>\n","protected":false},"excerpt":{"rendered":"<p>La abanderada argentina en los Juegos Paral\u00edmpicos de Par\u00eds 2024 lapid\u00f3 a Javier Milei antes de viajar a la capital de Francia. Constanza Garrone, de tenis de mesa, aniquil\u00f3 al presidente de la Naci\u00f3n con un gesto y dos canciones en sus redes sociales La abanderada de&nbsp;Argentina&nbsp;para&nbsp;los&nbsp;Juegos Paral\u00edmpicos&nbsp;de Par\u00eds 2024, Constanza Garrone, aniquil\u00f3 a&nbsp;Javier Milei&nbsp;antes&hellip;<\/p>\n","protected":false},"author":1,"featured_media":131622,"comment_status":"open","ping_status":"open","sticky":false,"template":"","format":"standard","meta":{"footnotes":""},"categories":[7,13],"tags":[43279,2450,174,28812,43273,40628],"class_list":["post-131621","post","type-post","status-publish","format-standard","has-post-thumbnail","hentry","category-deportes","category-politica","tag-constanza-garrone","tag-diario-el-sindical","tag-francia","tag-javier-milei","tag-juegos-paralimpicos-de-paris-2024","tag-lla"],"_links":{"self":[{"href":"https:\/\/www.elsindical.com.ar\/notas\/wp-json\/wp\/v2\/posts\/131621","targetHints":{"allow":["GET"]}}],"collection":[{"href":"https:\/\/www.elsindical.com.ar\/notas\/wp-json\/wp\/v2\/posts"}],"about":[{"href":"https:\/\/www.elsindical.com.ar\/notas\/wp-json\/wp\/v2\/types\/post"}],"author":[{"embeddable":true,"href":"https:\/\/www.elsindical.com.ar\/notas\/wp-json\/wp\/v2\/users\/1"}],"replies":[{"embeddable":true,"href":"https:\/\/www.elsindical.com.ar\/notas\/wp-json\/wp\/v2\/comments?post=131621"}],"version-history":[{"count":2,"href":"https:\/\/www.elsindical.com.ar\/notas\/wp-json\/wp\/v2\/posts\/131621\/revisions"}],"predecessor-version":[{"id":131624,"href":"https:\/\/www.elsindical.com.ar\/notas\/wp-json\/wp\/v2\/posts\/131621\/revisions\/131624"}],"wp:featuredmedia":[{"embeddable":true,"href":"https:\/\/www.elsindical.com.ar\/notas\/wp-json\/wp\/v2\/media\/131622"}],"wp:attachment":[{"href":"https:\/\/www.elsindical.com.ar\/notas\/wp-json\/wp\/v2\/media?parent=131621"}],"wp:term":[{"taxonomy":"category","embeddable":true,"href":"https:\/\/www.elsindical.com.ar\/notas\/wp-json\/wp\/v2\/categories?post=131621"},{"taxonomy":"post_tag","embeddable":true,"href":"https:\/\/www.elsindical.com.ar\/notas\/wp-json\/wp\/v2\/tags?post=131621"}],"curies":[{"name":"wp","href":"https:\/\/api.w.org\/{rel}","templated":true}]}}