{"id":131584,"date":"2024-07-05T18:31:33","date_gmt":"2024-07-05T21:31:33","guid":{"rendered":"https:\/\/www.elsindical.com.ar\/notas\/?p=131584"},"modified":"2024-07-05T18:31:38","modified_gmt":"2024-07-05T21:31:38","slug":"se-reanudan-las-paritarias-en-la-provincia","status":"publish","type":"post","link":"https:\/\/www.elsindical.com.ar\/notas\/se-reanudan-las-paritarias-en-la-provincia\/","title":{"rendered":"Se reanudan las paritarias en la Provincia"},"content":{"rendered":"\n<figure class=\"wp-block-image size-large\"><a href=\"https:\/\/www.elsindical.com.ar\/notas\/var\/www\/html\/notas\/wp-content\/uploads\/2024\/07\/paritarias-bonaerenses-2024.jpg\"><img loading=\"lazy\" decoding=\"async\" width=\"1024\" height=\"576\" src=\"https:\/\/www.elsindical.com.ar\/notas\/var\/www\/html\/notas\/wp-content\/uploads\/2024\/07\/paritarias-bonaerenses-2024-1024x576.jpg\" alt=\"\" class=\"wp-image-131585\" srcset=\"https:\/\/www.elsindical.com.ar\/notas\/var\/www\/html\/notas\/wp-content\/uploads\/2024\/07\/paritarias-bonaerenses-2024-1024x576.jpg 1024w, https:\/\/www.elsindical.com.ar\/notas\/var\/www\/html\/notas\/wp-content\/uploads\/2024\/07\/paritarias-bonaerenses-2024-300x169.jpg 300w, https:\/\/www.elsindical.com.ar\/notas\/var\/www\/html\/notas\/wp-content\/uploads\/2024\/07\/paritarias-bonaerenses-2024-768x432.jpg 768w, https:\/\/www.elsindical.com.ar\/notas\/var\/www\/html\/notas\/wp-content\/uploads\/2024\/07\/paritarias-bonaerenses-2024-500x281.jpg 500w, https:\/\/www.elsindical.com.ar\/notas\/var\/www\/html\/notas\/wp-content\/uploads\/2024\/07\/paritarias-bonaerenses-2024-460x260.jpg 460w, https:\/\/www.elsindical.com.ar\/notas\/var\/www\/html\/notas\/wp-content\/uploads\/2024\/07\/paritarias-bonaerenses-2024.jpg 1200w\" sizes=\"auto, (max-width: 1024px) 100vw, 1024px\" \/><\/a><\/figure>\n\n\n\n<p>Este semana fueron recibidos por autoridades representantes de ATE, FUDB y Cicop para reanudar las paritarias. Hoy es el turno de la AJB.<\/p>\n\n\n\n<p>El gobierno de <strong>Axel Kicillof convoc\u00f3 esta semana a los gremios para retomar la discusi\u00f3n por los salarios<\/strong>. Si bien a\u00fan no hay oferta, s\u00ed el compromiso de tomar junio como base de las negociaciones paritarias para el segundo semestre.<\/p>\n\n\n\n<p><strong>El mi\u00e9rcoles, autoridades provinciales recibieron a representantes de ATE bonaerense (estatales), <a href=\"https:\/\/x.com\/CICOP_ok\">Cicop<\/a> (profesionales de la salud) y el Frente de Unidad Docente Bonaerense (conformado por <a href=\"https:\/\/x.com\/SUTEBAProvincia\">Suteba<\/a>, AMET, FEB, Udocba, Sadop).<\/strong><\/p>\n\n\n\n<p><strong>Asimismo, la <a href=\"https:\/\/x.com\/AJBOficial\">AJB<\/a> (trabajadores judiciales) ser\u00e1n recibido hoy en la sede platense del Ministerio de Trabajo de la provincia de Buenos Aires.<\/strong><\/p>\n\n\n\n<p>\u201cEsta instancia da continuidad a la \u00faltima mesa t\u00e9cnica salarial realizada durante mayo en la cual se incorpor\u00f3 el \u00faltimo aumento percibido de 7,5 por ciento\u201d, se\u00f1alaron desde la Asociaci\u00f3n Judicial Bonaerense.<\/p>\n\n\n\n<p><strong>Desde la AJB se reiterara la necesidad de una \u201curgente recomposici\u00f3n de los salarios que permitan volver a equiparar la inflaci\u00f3n acumulada en lo que va del 2024\u201d<\/strong>, adem\u00e1s de los diversos temas que son parte de la agenda.<\/p>\n\n\n\n<p>Asimismo, el FUDB valor\u00f3 que \u201cen un contexto cr\u00edtico econ\u00f3mico, consecuencia del ajuste nacional, se convoque a la paritaria docente\u201d.<\/p>\n\n\n\n<p>Por otro lado, Cicop se expres\u00f3 en igual sentido, pero reiter\u00f3 la advertencia sobre el impacto del retorno del Impuesto a las Ganancias en las guardias.<\/p>\n","protected":false},"excerpt":{"rendered":"<p>Este semana fueron recibidos por autoridades representantes de ATE, FUDB y Cicop para reanudar las paritarias. Hoy es el turno de la AJB. El gobierno de Axel Kicillof convoc\u00f3 esta semana a los gremios para retomar la discusi\u00f3n por los salarios. Si bien a\u00fan no hay oferta, s\u00ed el compromiso de tomar junio como base&hellip;<\/p>\n","protected":false},"author":1,"featured_media":131585,"comment_status":"open","ping_status":"open","sticky":false,"template":"","format":"standard","meta":{"footnotes":""},"categories":[16],"tags":[290,291,2450,1422,28942,43268,778,4475],"class_list":["post-131584","post","type-post","status-publish","format-standard","has-post-thumbnail","hentry","category-gremiales","tag-ate","tag-cicop","tag-diario-el-sindical","tag-feb","tag-fudb","tag-paritarias-bonaerenses","tag-sadop","tag-udocba"],"_links":{"self":[{"href":"https:\/\/www.elsindical.com.ar\/notas\/wp-json\/wp\/v2\/posts\/131584","targetHints":{"allow":["GET"]}}],"collection":[{"href":"https:\/\/www.elsindical.com.ar\/notas\/wp-json\/wp\/v2\/posts"}],"about":[{"href":"https:\/\/www.elsindical.com.ar\/notas\/wp-json\/wp\/v2\/types\/post"}],"author":[{"embeddable":true,"href":"https:\/\/www.elsindical.com.ar\/notas\/wp-json\/wp\/v2\/users\/1"}],"replies":[{"embeddable":true,"href":"https:\/\/www.elsindical.com.ar\/notas\/wp-json\/wp\/v2\/comments?post=131584"}],"version-history":[{"count":1,"href":"https:\/\/www.elsindical.com.ar\/notas\/wp-json\/wp\/v2\/posts\/131584\/revisions"}],"predecessor-version":[{"id":131586,"href":"https:\/\/www.elsindical.com.ar\/notas\/wp-json\/wp\/v2\/posts\/131584\/revisions\/131586"}],"wp:featuredmedia":[{"embeddable":true,"href":"https:\/\/www.elsindical.com.ar\/notas\/wp-json\/wp\/v2\/media\/131585"}],"wp:attachment":[{"href":"https:\/\/www.elsindical.com.ar\/notas\/wp-json\/wp\/v2\/media?parent=131584"}],"wp:term":[{"taxonomy":"category","embeddable":true,"href":"https:\/\/www.elsindical.com.ar\/notas\/wp-json\/wp\/v2\/categories?post=131584"},{"taxonomy":"post_tag","embeddable":true,"href":"https:\/\/www.elsindical.com.ar\/notas\/wp-json\/wp\/v2\/tags?post=131584"}],"curies":[{"name":"wp","href":"https:\/\/api.w.org\/{rel}","templated":true}]}}