{"id":13155,"date":"2011-03-25T01:10:36","date_gmt":"2011-03-25T04:10:36","guid":{"rendered":"http:\/\/www.elsindical.com.ar\/notas\/?p=13155"},"modified":"2011-03-25T01:10:36","modified_gmt":"2011-03-25T04:10:36","slug":"gran-participacion-ciudadana-en-plaza-de-mayo-a-35-anos-del-golpe-militar","status":"publish","type":"post","link":"https:\/\/www.elsindical.com.ar\/notas\/gran-participacion-ciudadana-en-plaza-de-mayo-a-35-anos-del-golpe-militar\/","title":{"rendered":"Gran participaci\u00f3n ciudadana en Plaza de Mayo a 35 a\u00f1os del golpe militar"},"content":{"rendered":"<p style=\"text-align: justify;\"><em><a href=\"http:\/\/www.elsindical.com.ar\/notas\/var\/www\/html\/notas\/wp-content\/uploads\/2011\/03\/Plaza-de-Mayo-35-a\u00f1os-del-g.jpg\"><img loading=\"lazy\" decoding=\"async\" class=\"alignleft size-medium wp-image-13156\" title=\"Plaza-de-Mayo-35-a\u00f1os-del-g\" src=\"http:\/\/www.elsindical.com.ar\/notas\/var\/www\/html\/notas\/wp-content\/uploads\/2011\/03\/Plaza-de-Mayo-35-a\u00f1os-del-g-300x119.jpg\" alt=\"\" width=\"300\" height=\"119\" srcset=\"https:\/\/www.elsindical.com.ar\/notas\/var\/www\/html\/notas\/wp-content\/uploads\/2011\/03\/Plaza-de-Mayo-35-a\u00f1os-del-g-300x119.jpg 300w, https:\/\/www.elsindical.com.ar\/notas\/var\/www\/html\/notas\/wp-content\/uploads\/2011\/03\/Plaza-de-Mayo-35-a\u00f1os-del-g.jpg 443w\" sizes=\"auto, (max-width: 300px) 100vw, 300px\" \/><\/a>Organismos de derechos humanos realizaron ayer un acto en Plaza de Mayo en repudio al \u00faltimo golpe militar del 24 de marzo de 1976, en el que se celebr\u00f3 el avance de los juicios a los responsables de delitos de lesa humanidad, se reclam\u00f3 la apertura inmediata de los archivos de la dictadura, se reivindic\u00f3 la figura del ex mandatario N\u00e9stor Kirchner y se expres\u00f3 el apoyo a la presidenta Cristina Fern\u00e1ndez.<\/em><\/p>\n<div id=\"spntxt\" style=\"text-align: justify;\">\u00abHoy queremos reivindicar a un gran compatriota y militante el ex presidente N\u00e9stor Carlos Kirchner\u00bb, dijo una emocionada Taty Almeida, referente de Madres de Plaza de Mayo &#8211; L\u00ednea Fundadora, casi al final del documento, que consensuado por todos los organismos convocantes al acto, fue le\u00eddo durante el acto.<\/p>\n<p>La lectura del documento, estuvo a cargo de representantes de cada organismo convocante, Aid\u00e9 Gastel\u00fa y Taty Almeida por Madres; Estela de Carlotto por Abuelas de Plaza de Mayo y Lita Boitano, por Familiares de Detenidos-Desaparecidos.<\/p>\n<p>Al cumplirse hoy 35 a\u00f1os del golpe de Estado y frente a la multitud convocada en Plaza de Mayo los organismos destacaron el avance de los juicios orales y p\u00fablicos que se desarrollan en todo el pa\u00eds, las condenas a 169 genocidas de la \u00faltima dictadura, como as\u00ed tambi\u00e9n las 865 procesados, que sostuvieron significaron \u00abel fin de la impunidad\u00bb para muchos de los responsables de delitos de lesa humanidad.<\/p>\n<p>\u00abEstamos viviendo un momento hist\u00f3rico, los asesinaos est\u00e1n siendo juzgados\u00bb, destacaron.<\/p>\n<p>Adem\u00e1s se celebraron las pr\u00f3ximas condenas a los represores que actuaron en centro clandestino de detenci\u00f3n Automotores Orletti, que se conocer\u00e1 el pr\u00f3ximo 31 de marzo, y al ex comisario, Luis Abelardo Patti.<\/p>\n<p>Tambi\u00e9n se reclam\u00f3 la inmediata apertura de los archivos de la dictadura, de la SIDE y de todas las fuerzas de seguridad nacionales y provinciales, lo que \u00abnos permitir\u00e1 saber qu\u00e9 pas\u00f3 con nuestros hijos y nietos y encontrar los nombres de los represores que todav\u00eda siguen actuando\u00bb.<\/p>\n<p>\u00abLe pedimos a la Presidenta que desclasifique ya los documentos porque el pueblo argentino tiene el derecho a tener justicia y saber la verdad\u00bb, sostuvieron.<\/p>\n<p>En ese marco, Carlotto sostuvo: \u00abVemos como Ernestina Noble de Herrera usa todos los medios para que la verdad no avance. Son muchos j\u00f3venes que necesitan saber la verdad sobre su historia\u00bb.<\/p>\n<p>En el texto, tambi\u00e9n se pidi\u00f3 avanzar en los juicios contra \u00ablos responsables civiles e ideol\u00f3gicos que se beneficiaron con el modelo econ\u00f3mico de la dictadura que intent\u00f3 destruir la pol\u00edtica como herramienta de cambio y de lucha\u00bb.<\/p>\n<p>En ese contexto se apunt\u00f3 contra la jerarqu\u00eda de la Iglesia Cat\u00f3lica y miembros de la justicia, la Sociedad Rural, las empresas Ford, Mercedes Benz y el Ingenio Ledesma, \u00abc\u00f3mplices del genocidio\u00bb, como as\u00ed tambi\u00e9n se repudi\u00f3 a medios de comunicaci\u00f3n y periodistas que, sostuvieron y \u00abjustificaron el golpe, como el Grupo Clar\u00edn, La Naci\u00f3n y La Nueva Provincia, de la familia Massot, y a los periodistas Samuel `Chiche\u00b4 Gelblung, Mariano Grondona y Joaqu\u00edn Morales Sol\u00e1\u00bb.<\/p>\n<p>En el documento se reclam\u00f3 adem\u00e1s el esclarecimiento de las desapariciones de Jorge Julio L\u00f3pez y Luciano Arrua, y el juicio y condena a los responsables materiales e ideol\u00f3gicos de los asesinatos de Sandra Suppo, Mariano Ferreira y del cacique de la comunidad Qom, de Formosa, Sixto G\u00f3mez.<\/p>\n<p>Una parte del escrito estuvo destinada a repudiar a la Polic\u00eda Metropolitana, del jefe de Gobierno porte\u00f1o, Mauricio Macri, \u00abdise\u00f1ada por el represor Jorge \u00abFino\u00bb Palacios.<\/p>\n<p>Sobre el final del acto, una emocionada Taty Almeida reivindic\u00f3 la figura del ex presidente N\u00e9stor Kirchner.<\/p>\n<p>\u00abQueremos reivindicar al gran compatriota y militante el ex presidente N\u00e9stor Carlos Kirchner. que ante la ONU se reconoci\u00f3 como hijo de las Madres\u00bb, dijo, y agreg\u00f3: \u00abPor eso, desde esta hist\u00f3rica plaza te decimos `gracias N\u00e9stor y fuerza Cristina\u00b4\u00bb.<\/p>\n<p>La marcha y posterior acto pudieron realizarse, reci\u00e9n cuando la Plaza y la Avenida de Mayo fueron desalojadas por la tambi\u00e9n importante manifestaci\u00f3n convocada por los organismos de derechos humanos nucleados en Encuentro Memoria Verdad y Justicia, de la que participaron organizaciones de izquierda.<\/p>\n<p>Una hora despu\u00e9s del horario previsto la ya tradicional bandera con los rostros de los detenidos desaparecidos, portada por referentes de Madres, Abuelas, Familiares e Hijos pudo avanzar por Avenida de Mayo, antecedida por los tambores del grupo de percusi\u00f3n \u00abLa Chilinga\u00bb y seguida por organizaciones sociales, pol\u00edticas, estudiantiles y gremiales.<\/p>\n<p>Entre ellas, el Frente Transversal, La C\u00e1mpora, la JP Evita, la agrupaci\u00f3n Cabildo Abierto, Nuevo Encuentro, la Juventud Sindical de la CGT y de la CTA, como as\u00ed tambi\u00e9n estudiantes de la UES, Corriente nacional Y Popular, Frente para la Victoria y Peronismo Militante, entre otras.<\/p>\n<p>Durante la marcha se pudo ver a varios funcionarios y legisladores, como el ministro de Trabajo, Carlos Tomada; el secretario de Cultura de la Naci\u00f3n, Jorge Coscia; el senador nacional, Daniel Filmus; el diputado Juan Carlos Dante Gullo; el dirigente Carlos Heller; el embajador argentino en Chile, Gin\u00e9s Gonz\u00e1lez Garc\u00eda, y el c\u00f3nsul argentino en Miami, Miguel Talento.<\/p><\/div>\n<div style=\"text-align: justify;\"><em><strong>Fuente:T\u00e9lam<\/strong><\/em><\/div>\n","protected":false},"excerpt":{"rendered":"<p>Organismos de derechos humanos realizaron ayer un acto en Plaza de Mayo en repudio al \u00faltimo golpe militar del 24 de marzo de 1976, en el que se celebr\u00f3 el avance de los juicios a los responsables de delitos de lesa humanidad, se reclam\u00f3 la apertura inmediata de los archivos de la dictadura, se reivindic\u00f3&hellip;<\/p>\n","protected":false},"author":1,"featured_media":0,"comment_status":"open","ping_status":"open","sticky":false,"template":"","format":"standard","meta":{"footnotes":""},"categories":[8],"tags":[1765,508,375,3425,6296,6297,4793,904],"class_list":["post-13155","post","type-post","status-publish","format-standard","hentry","category-derechos-humanos","tag-ddhh","tag-desaparecidos","tag-gobierno","tag-golpe","tag-juicios","tag-madres-y-abuelas-de-plaza-de-mayo","tag-militares","tag-plaza-de-mayo"],"_links":{"self":[{"href":"https:\/\/www.elsindical.com.ar\/notas\/wp-json\/wp\/v2\/posts\/13155","targetHints":{"allow":["GET"]}}],"collection":[{"href":"https:\/\/www.elsindical.com.ar\/notas\/wp-json\/wp\/v2\/posts"}],"about":[{"href":"https:\/\/www.elsindical.com.ar\/notas\/wp-json\/wp\/v2\/types\/post"}],"author":[{"embeddable":true,"href":"https:\/\/www.elsindical.com.ar\/notas\/wp-json\/wp\/v2\/users\/1"}],"replies":[{"embeddable":true,"href":"https:\/\/www.elsindical.com.ar\/notas\/wp-json\/wp\/v2\/comments?post=13155"}],"version-history":[{"count":1,"href":"https:\/\/www.elsindical.com.ar\/notas\/wp-json\/wp\/v2\/posts\/13155\/revisions"}],"predecessor-version":[{"id":13157,"href":"https:\/\/www.elsindical.com.ar\/notas\/wp-json\/wp\/v2\/posts\/13155\/revisions\/13157"}],"wp:attachment":[{"href":"https:\/\/www.elsindical.com.ar\/notas\/wp-json\/wp\/v2\/media?parent=13155"}],"wp:term":[{"taxonomy":"category","embeddable":true,"href":"https:\/\/www.elsindical.com.ar\/notas\/wp-json\/wp\/v2\/categories?post=13155"},{"taxonomy":"post_tag","embeddable":true,"href":"https:\/\/www.elsindical.com.ar\/notas\/wp-json\/wp\/v2\/tags?post=13155"}],"curies":[{"name":"wp","href":"https:\/\/api.w.org\/{rel}","templated":true}]}}