{"id":131543,"date":"2024-07-03T15:36:08","date_gmt":"2024-07-03T18:36:08","guid":{"rendered":"https:\/\/www.elsindical.com.ar\/notas\/?p=131543"},"modified":"2024-07-03T15:36:13","modified_gmt":"2024-07-03T18:36:13","slug":"jorge-macri-le-reclama-una-deuda-a-javier-milei","status":"publish","type":"post","link":"https:\/\/www.elsindical.com.ar\/notas\/jorge-macri-le-reclama-una-deuda-a-javier-milei\/","title":{"rendered":"Jorge Macri le reclama una deuda a Javier Milei"},"content":{"rendered":"<div class=\"wp-block-image\">\n<figure class=\"aligncenter size-full\"><a href=\"https:\/\/www.elsindical.com.ar\/notas\/var\/www\/html\/notas\/wp-content\/uploads\/2024\/07\/Jorge-Macri-despacho.jpg\"><img loading=\"lazy\" decoding=\"async\" width=\"399\" height=\"399\" src=\"https:\/\/www.elsindical.com.ar\/notas\/var\/www\/html\/notas\/wp-content\/uploads\/2024\/07\/Jorge-Macri-despacho.jpg\" alt=\"\" class=\"wp-image-131544\" srcset=\"https:\/\/www.elsindical.com.ar\/notas\/var\/www\/html\/notas\/wp-content\/uploads\/2024\/07\/Jorge-Macri-despacho.jpg 399w, https:\/\/www.elsindical.com.ar\/notas\/var\/www\/html\/notas\/wp-content\/uploads\/2024\/07\/Jorge-Macri-despacho-300x300.jpg 300w, https:\/\/www.elsindical.com.ar\/notas\/var\/www\/html\/notas\/wp-content\/uploads\/2024\/07\/Jorge-Macri-despacho-150x150.jpg 150w, https:\/\/www.elsindical.com.ar\/notas\/var\/www\/html\/notas\/wp-content\/uploads\/2024\/07\/Jorge-Macri-despacho-50x50.jpg 50w\" sizes=\"auto, (max-width: 399px) 100vw, 399px\" \/><\/a><\/figure>\n<\/div>\n\n\n<p>\u00abYa va siendo hora que esa deuda se salde\u201d, asegur\u00f3 el jefe de gobierno porte\u00f1o, Jorge Macri. La Corte le dio la raz\u00f3n en su reclamo por la coparticipaci\u00f3n.<\/p>\n\n\n\n<p><strong>El jefe de gobierno porte\u00f1o, <a href=\"https:\/\/x.com\/jorgemacri\">Jorge Macri<\/a>, reclama una deuda al gobierno de Javier Milei, luego de que la Corte Suprema le diera la raz\u00f3n a la Ciudad en su reclamo por la coparticipaci\u00f3n.<\/strong><\/p>\n\n\n\n<p>El reclamo llega tras el anuncio de la migraci\u00f3n de la deuda del Banco Central al Tesoro Nacional, que tiene impacto directo en las cuentas de la ciudad de Buenos Aires y de algunas provincias.<\/p>\n\n\n\n<p>Es que Horacio Rodr\u00edguez Larreta instituy\u00f3 el impuesto a los ingresos brutos a esas operaciones cuando durante la presidencia de Alberto Fern\u00e1ndez se redujo la coparticipaci\u00f3n a la Ciudad.<\/p>\n\n\n\n<p><strong>Un fallo de la Corte Suprema orden\u00f3 la restituci\u00f3n de lo quitado y\u00a0al momento la deuda asciende a US$2000 millones y devenga otros U$S70 millones todos los meses.<\/strong><\/p>\n\n\n\n<p>En declaraciones period\u00edsticas, Macri le advirti\u00f3 al Gobierno nacional. \u201cYa va siendo hora que esa deuda se salde\u201d.<\/p>\n\n\n\n<p>\u201cCreo que (Milei) est\u00e1 haciendo un esfuerzo por llamar la atenci\u00f3n del mundo y traer inversiones. Para que eso ocurra tambi\u00e9n, <strong>los inversores observan el marco del cumplimiento de la ley y que un gobierno no cumpla un fallo de la Corte, est\u00e1 mal<\/strong>\u201d, se\u00f1al\u00f3 el funcionario.<\/p>\n","protected":false},"excerpt":{"rendered":"<p>\u00abYa va siendo hora que esa deuda se salde\u201d, asegur\u00f3 el jefe de gobierno porte\u00f1o, Jorge Macri. La Corte le dio la raz\u00f3n en su reclamo por la coparticipaci\u00f3n. El jefe de gobierno porte\u00f1o, Jorge Macri, reclama una deuda al gobierno de Javier Milei, luego de que la Corte Suprema le diera la raz\u00f3n a&hellip;<\/p>\n","protected":false},"author":1,"featured_media":131544,"comment_status":"open","ping_status":"open","sticky":false,"template":"","format":"standard","meta":{"footnotes":""},"categories":[13],"tags":[4284,7361,1590,2450,197,761,28812,8725],"class_list":["post-131543","post","type-post","status-publish","format-standard","has-post-thumbnail","hentry","category-politica","tag-caba","tag-corte-suprema-de-justicia","tag-deuda","tag-diario-el-sindical","tag-fallo","tag-gobierno-nacional","tag-javier-milei","tag-jorge-macri"],"_links":{"self":[{"href":"https:\/\/www.elsindical.com.ar\/notas\/wp-json\/wp\/v2\/posts\/131543","targetHints":{"allow":["GET"]}}],"collection":[{"href":"https:\/\/www.elsindical.com.ar\/notas\/wp-json\/wp\/v2\/posts"}],"about":[{"href":"https:\/\/www.elsindical.com.ar\/notas\/wp-json\/wp\/v2\/types\/post"}],"author":[{"embeddable":true,"href":"https:\/\/www.elsindical.com.ar\/notas\/wp-json\/wp\/v2\/users\/1"}],"replies":[{"embeddable":true,"href":"https:\/\/www.elsindical.com.ar\/notas\/wp-json\/wp\/v2\/comments?post=131543"}],"version-history":[{"count":1,"href":"https:\/\/www.elsindical.com.ar\/notas\/wp-json\/wp\/v2\/posts\/131543\/revisions"}],"predecessor-version":[{"id":131545,"href":"https:\/\/www.elsindical.com.ar\/notas\/wp-json\/wp\/v2\/posts\/131543\/revisions\/131545"}],"wp:featuredmedia":[{"embeddable":true,"href":"https:\/\/www.elsindical.com.ar\/notas\/wp-json\/wp\/v2\/media\/131544"}],"wp:attachment":[{"href":"https:\/\/www.elsindical.com.ar\/notas\/wp-json\/wp\/v2\/media?parent=131543"}],"wp:term":[{"taxonomy":"category","embeddable":true,"href":"https:\/\/www.elsindical.com.ar\/notas\/wp-json\/wp\/v2\/categories?post=131543"},{"taxonomy":"post_tag","embeddable":true,"href":"https:\/\/www.elsindical.com.ar\/notas\/wp-json\/wp\/v2\/tags?post=131543"}],"curies":[{"name":"wp","href":"https:\/\/api.w.org\/{rel}","templated":true}]}}