{"id":131508,"date":"2024-06-27T20:22:00","date_gmt":"2024-06-27T23:22:00","guid":{"rendered":"https:\/\/www.elsindical.com.ar\/notas\/?p=131508"},"modified":"2024-07-01T13:33:31","modified_gmt":"2024-07-01T16:33:31","slug":"avellaneda-el-concejo-deliberante-aprobo-la-creacion-de-un-fondo-de-asistencia-alimentaria","status":"publish","type":"post","link":"https:\/\/www.elsindical.com.ar\/notas\/avellaneda-el-concejo-deliberante-aprobo-la-creacion-de-un-fondo-de-asistencia-alimentaria\/","title":{"rendered":"Avellaneda: El Concejo Deliberante aprob\u00f3 la creaci\u00f3n de un fondo de asistencia alimentaria"},"content":{"rendered":"\n<figure class=\"wp-block-image size-full\"><a href=\"https:\/\/www.elsindical.com.ar\/notas\/var\/www\/html\/notas\/wp-content\/uploads\/2024\/07\/HCD-Avellaneda-27-junio-2024.jpg\"><img loading=\"lazy\" decoding=\"async\" width=\"880\" height=\"512\" src=\"https:\/\/www.elsindical.com.ar\/notas\/var\/www\/html\/notas\/wp-content\/uploads\/2024\/07\/HCD-Avellaneda-27-junio-2024.jpg\" alt=\"\" class=\"wp-image-131509\" srcset=\"https:\/\/www.elsindical.com.ar\/notas\/var\/www\/html\/notas\/wp-content\/uploads\/2024\/07\/HCD-Avellaneda-27-junio-2024.jpg 880w, https:\/\/www.elsindical.com.ar\/notas\/var\/www\/html\/notas\/wp-content\/uploads\/2024\/07\/HCD-Avellaneda-27-junio-2024-300x175.jpg 300w, https:\/\/www.elsindical.com.ar\/notas\/var\/www\/html\/notas\/wp-content\/uploads\/2024\/07\/HCD-Avellaneda-27-junio-2024-768x447.jpg 768w, https:\/\/www.elsindical.com.ar\/notas\/var\/www\/html\/notas\/wp-content\/uploads\/2024\/07\/HCD-Avellaneda-27-junio-2024-500x291.jpg 500w\" sizes=\"auto, (max-width: 880px) 100vw, 880px\" \/><\/a><\/figure>\n\n\n\n<p>Durante la sesi\u00f3n ordinaria de este jueves, el Cuerpo convalid\u00f3 la creaci\u00f3n de un fondo para la compra de alimentos ante la emergencia a alimentaria del distrito.<\/p>\n\n\n\n<p>El <strong>Concejo Deliberante de Avellaneda<\/strong> aprob\u00f3 la creaci\u00f3n de un fondo de asistencia para la compra de alimentos por alrededor de 1200 millones de pesos en el marco de la emergencia alimentaria que sufre el distrito, aunque el proyecto no cont\u00f3 con el apoyo de las fuerzas de<strong> La Libertad Avanza<\/strong> y <strong>Juntos por el Cambio<\/strong> durante la sesi\u00f3n ordinaria de este jueves.<\/p>\n\n\n\n<p>Desde el bloque de <strong>Uni\u00f3n por la Patria<\/strong>, el<strong> concejal C\u00e9sar R\u00edos<\/strong> sostuvo que los chicos del municipio \u201cchupan cartones para tener algo en el est\u00f3mago\u201d y critic\u00f3 las pol\u00edticas de ajuste de la gesti\u00f3n de L<strong>a Libertad Avanza<\/strong> a nivel nacional.<\/p>\n\n\n\n<p>\u201cEste gobierno no sabe lo que es no comer y tiene la caradurez de decir en los medios masivos de comunicaci\u00f3n que si uno no llega a fin de mes es mentira, porque sino se estar\u00edan muriendo en la calle\u201d, apunt\u00f3.\u00a0<\/p>\n\n\n\n<p>En esta l\u00ednea, agreg\u00f3: \u201cquiero que le llegue un mensaje al presidente <strong>Milei<\/strong>:\u00a0que no llegar a fin de mes no es solamente no comer, es no poder vestirse, no poder elegir qu\u00e9 zapatillas comprarle a nuestros hijos\u201d.<\/p>\n\n\n\n<p>Por el lado del espacio de <strong>Juntos por el Cambio<\/strong>,<strong> el edil Maximiliano Gallucci<\/strong> expres\u00f3 que tienen la \u201ccerteza\u201d de que \u201clas \u00e1reas ejecutivas que tienen que llevar adelante la distribuci\u00f3n de todo lo que se compra de manera transparente, de manera correcta, no se hace, no llega a todos\u201d.<\/p>\n\n\n\n<p>\u201cHoy tenemos un observatorio que observa, pero que hace poco y, lo que hace, no lo hace de la manera correcta\u201d, asever\u00f3, y denunci\u00f3 que existen escuelas del municipio que reciben comida en mal estado para los alumnos.<\/p>\n\n\n\n<p>Mientras que, el <strong>concejal de La Libertad Avanza, Arnaldo D\u00edaz, <\/strong>asegur\u00f3 que \u201csiempre se hizo negociados a trav\u00e9s de la mercader\u00eda\u201d. \u201cLo han hecho de manera asistencialista muchos a\u00f1os, cuando las bajadas y las partidas que hab\u00eda eran discrecionales y de acuerdo al amiguismo\u201d<\/p>\n\n\n\n<p>\u201cMi vieja estuvo en un comedor, y as\u00ed como estuvo, tambi\u00e9n s\u00e9 lo que hac\u00edan en los comedores. Porque ac\u00e1 muchos se hacen las carmelitas descalzas y muchos de los que est\u00e1n ac\u00e1 presentes, lamentablemente, usan a la gente de manera discrecional\u201d, se\u00f1al\u00f3, y resalt\u00f3 que \u201chay que dejar la hipocres\u00eda de lado\u201d.<\/p>\n\n\n\n<figure class=\"wp-block-image size-large\"><a href=\"https:\/\/www.elsindical.com.ar\/notas\/var\/www\/html\/notas\/wp-content\/uploads\/2024\/07\/UTEP-en-el-HCD-de-Avellaneda-27-de-junio-2024.jpeg\"><img loading=\"lazy\" decoding=\"async\" width=\"1024\" height=\"1024\" src=\"https:\/\/www.elsindical.com.ar\/notas\/var\/www\/html\/notas\/wp-content\/uploads\/2024\/07\/UTEP-en-el-HCD-de-Avellaneda-27-de-junio-2024-1024x1024.jpeg\" alt=\"\" class=\"wp-image-131510\" srcset=\"https:\/\/www.elsindical.com.ar\/notas\/var\/www\/html\/notas\/wp-content\/uploads\/2024\/07\/UTEP-en-el-HCD-de-Avellaneda-27-de-junio-2024-1024x1024.jpeg 1024w, https:\/\/www.elsindical.com.ar\/notas\/var\/www\/html\/notas\/wp-content\/uploads\/2024\/07\/UTEP-en-el-HCD-de-Avellaneda-27-de-junio-2024-300x300.jpeg 300w, https:\/\/www.elsindical.com.ar\/notas\/var\/www\/html\/notas\/wp-content\/uploads\/2024\/07\/UTEP-en-el-HCD-de-Avellaneda-27-de-junio-2024-150x150.jpeg 150w, https:\/\/www.elsindical.com.ar\/notas\/var\/www\/html\/notas\/wp-content\/uploads\/2024\/07\/UTEP-en-el-HCD-de-Avellaneda-27-de-junio-2024-768x768.jpeg 768w, https:\/\/www.elsindical.com.ar\/notas\/var\/www\/html\/notas\/wp-content\/uploads\/2024\/07\/UTEP-en-el-HCD-de-Avellaneda-27-de-junio-2024-50x50.jpeg 50w, https:\/\/www.elsindical.com.ar\/notas\/var\/www\/html\/notas\/wp-content\/uploads\/2024\/07\/UTEP-en-el-HCD-de-Avellaneda-27-de-junio-2024.jpeg 1080w\" sizes=\"auto, (max-width: 1024px) 100vw, 1024px\" \/><\/a><\/figure>\n","protected":false},"excerpt":{"rendered":"<p>Durante la sesi\u00f3n ordinaria de este jueves, el Cuerpo convalid\u00f3 la creaci\u00f3n de un fondo para la compra de alimentos ante la emergencia a alimentaria del distrito. El Concejo Deliberante de Avellaneda aprob\u00f3 la creaci\u00f3n de un fondo de asistencia para la compra de alimentos por alrededor de 1200 millones de pesos en el marco&hellip;<\/p>\n","protected":false},"author":1,"featured_media":131509,"comment_status":"open","ping_status":"open","sticky":false,"template":"","format":"standard","meta":{"footnotes":""},"categories":[13],"tags":[461,11729,2450,24532,19428,28812,40628,3231],"class_list":["post-131508","post","type-post","status-publish","format-standard","has-post-thumbnail","hentry","category-politica","tag-avellaneda","tag-concejales","tag-diario-el-sindical","tag-emergencia-alimentaria","tag-hcd-avellaneda","tag-javier-milei","tag-lla","tag-sesion"],"_links":{"self":[{"href":"https:\/\/www.elsindical.com.ar\/notas\/wp-json\/wp\/v2\/posts\/131508","targetHints":{"allow":["GET"]}}],"collection":[{"href":"https:\/\/www.elsindical.com.ar\/notas\/wp-json\/wp\/v2\/posts"}],"about":[{"href":"https:\/\/www.elsindical.com.ar\/notas\/wp-json\/wp\/v2\/types\/post"}],"author":[{"embeddable":true,"href":"https:\/\/www.elsindical.com.ar\/notas\/wp-json\/wp\/v2\/users\/1"}],"replies":[{"embeddable":true,"href":"https:\/\/www.elsindical.com.ar\/notas\/wp-json\/wp\/v2\/comments?post=131508"}],"version-history":[{"count":1,"href":"https:\/\/www.elsindical.com.ar\/notas\/wp-json\/wp\/v2\/posts\/131508\/revisions"}],"predecessor-version":[{"id":131511,"href":"https:\/\/www.elsindical.com.ar\/notas\/wp-json\/wp\/v2\/posts\/131508\/revisions\/131511"}],"wp:featuredmedia":[{"embeddable":true,"href":"https:\/\/www.elsindical.com.ar\/notas\/wp-json\/wp\/v2\/media\/131509"}],"wp:attachment":[{"href":"https:\/\/www.elsindical.com.ar\/notas\/wp-json\/wp\/v2\/media?parent=131508"}],"wp:term":[{"taxonomy":"category","embeddable":true,"href":"https:\/\/www.elsindical.com.ar\/notas\/wp-json\/wp\/v2\/categories?post=131508"},{"taxonomy":"post_tag","embeddable":true,"href":"https:\/\/www.elsindical.com.ar\/notas\/wp-json\/wp\/v2\/tags?post=131508"}],"curies":[{"name":"wp","href":"https:\/\/api.w.org\/{rel}","templated":true}]}}