{"id":131501,"date":"2024-07-01T12:19:36","date_gmt":"2024-07-01T15:19:36","guid":{"rendered":"https:\/\/www.elsindical.com.ar\/notas\/?p=131501"},"modified":"2024-07-01T12:19:41","modified_gmt":"2024-07-01T15:19:41","slug":"el-gobierno-otorga-el-mismo-bono-que-pago-en-marzo-a-los-jubilados","status":"publish","type":"post","link":"https:\/\/www.elsindical.com.ar\/notas\/el-gobierno-otorga-el-mismo-bono-que-pago-en-marzo-a-los-jubilados\/","title":{"rendered":"El Gobierno otorga el mismo bono que pag\u00f3 en marzo a los jubilados"},"content":{"rendered":"\n<figure class=\"wp-block-image size-large\"><a href=\"https:\/\/www.elsindical.com.ar\/notas\/var\/www\/html\/notas\/wp-content\/uploads\/2023\/01\/Supervivencia-ANSES-scaled.jpg\"><img loading=\"lazy\" decoding=\"async\" width=\"1024\" height=\"667\" src=\"https:\/\/www.elsindical.com.ar\/notas\/var\/www\/html\/notas\/wp-content\/uploads\/2023\/01\/Supervivencia-ANSES-1024x667.jpg\" alt=\"\" class=\"wp-image-119831\" srcset=\"https:\/\/www.elsindical.com.ar\/notas\/var\/www\/html\/notas\/wp-content\/uploads\/2023\/01\/Supervivencia-ANSES-1024x667.jpg 1024w, https:\/\/www.elsindical.com.ar\/notas\/var\/www\/html\/notas\/wp-content\/uploads\/2023\/01\/Supervivencia-ANSES-300x195.jpg 300w, https:\/\/www.elsindical.com.ar\/notas\/var\/www\/html\/notas\/wp-content\/uploads\/2023\/01\/Supervivencia-ANSES-768x500.jpg 768w, https:\/\/www.elsindical.com.ar\/notas\/var\/www\/html\/notas\/wp-content\/uploads\/2023\/01\/Supervivencia-ANSES-461x300.jpg 461w, https:\/\/www.elsindical.com.ar\/notas\/var\/www\/html\/notas\/wp-content\/uploads\/2023\/01\/Supervivencia-ANSES-1536x1000.jpg 1536w, https:\/\/www.elsindical.com.ar\/notas\/var\/www\/html\/notas\/wp-content\/uploads\/2023\/01\/Supervivencia-ANSES-2048x1333.jpg 2048w\" sizes=\"auto, (max-width: 1024px) 100vw, 1024px\" \/><\/a><\/figure>\n\n\n\n<p>Los jubilados que cobran la m\u00ednima, 215.600 pesos, recibir\u00e1n un bono de 70.000 pesos, que no se actualiza desde mayo pese a la inflaci\u00f3n de estos meses.<\/p>\n\n\n\n<p><strong>El Gobierno nacional anunci\u00f3 hoy que los jubilados y pensionados que cobran haberes m\u00ednimos recibir\u00e1n en julio un bono de $ 70.000\u00a0<\/strong>como refuerzo de sus ingresos, el mismo monto que se paga desde marzo, y por ende ning\u00fan beneficiario recibir\u00e1 menos de $ 285.600.<\/p>\n\n\n\n<p>Lo hizo a trav\u00e9s del decreto 552\/2024 que public\u00f3 este lunes en el Bolet\u00edn Oficial.<\/p>\n\n\n\n<p><strong>La jubilaciones en general tendr\u00e1n un ajuste de 4,2% correspondiente a la inflaci\u00f3n de mayo,<\/strong>&nbsp;seg\u00fan el nuevo mecanismo de actualizaci\u00f3n por \u00cdndice de Precios al Consumidor (IPC) que puso en marcha el Gobierno Nacional.<\/p>\n\n\n\n<p>Tal como sucedi\u00f3 en los meses anteriores, el bono s\u00f3lo aplica a los haberes m\u00ednimos y se suma al 4,2% sobre el sueldo base. En febrero era de 55 mil y <strong>subi\u00f3 a 70 mil en marzo, no se actualiza desde ese momento pese al aumento en el costo de vida.<\/strong> Perdieron casi un cuarto del poder adquisitivo<\/p>\n\n\n\n<p>Por lo tanto, ning\u00fan beneficiario de haberes m\u00ednimos cobrar\u00e1 menos de $285.600. Esta cifra se compone por el haber de junio de $206.931 m\u00e1s el 4,2% lo que da un total de remuneraci\u00f3n base de $ 215.600, monto al que se suman los $ 70.000 para alcanzar los $ 285.600.<\/p>\n\n\n\n<p>Cabe recordar que en el Congreso se est\u00e1 debatiendo una nueva f\u00f3rmula de actualizaci\u00f3n de las jubilaciones, que Javier Milei ya anticip\u00f3 que vetar\u00e1 en caso que sea sancionada.<\/p>\n","protected":false},"excerpt":{"rendered":"<p>Los jubilados que cobran la m\u00ednima, 215.600 pesos, recibir\u00e1n un bono de 70.000 pesos, que no se actualiza desde mayo pese a la inflaci\u00f3n de estos meses. El Gobierno nacional anunci\u00f3 hoy que los jubilados y pensionados que cobran haberes m\u00ednimos recibir\u00e1n en julio un bono de $ 70.000\u00a0como refuerzo de sus ingresos, el mismo&hellip;<\/p>\n","protected":false},"author":1,"featured_media":119831,"comment_status":"open","ping_status":"open","sticky":false,"template":"","format":"standard","meta":{"footnotes":""},"categories":[9,13],"tags":[80,6433,2450,761,25901,4910],"class_list":["post-131501","post","type-post","status-publish","format-standard","has-post-thumbnail","hentry","category-economia","category-politica","tag-anses","tag-bono","tag-diario-el-sindical","tag-gobierno-nacional","tag-ipc","tag-jubilados"],"_links":{"self":[{"href":"https:\/\/www.elsindical.com.ar\/notas\/wp-json\/wp\/v2\/posts\/131501","targetHints":{"allow":["GET"]}}],"collection":[{"href":"https:\/\/www.elsindical.com.ar\/notas\/wp-json\/wp\/v2\/posts"}],"about":[{"href":"https:\/\/www.elsindical.com.ar\/notas\/wp-json\/wp\/v2\/types\/post"}],"author":[{"embeddable":true,"href":"https:\/\/www.elsindical.com.ar\/notas\/wp-json\/wp\/v2\/users\/1"}],"replies":[{"embeddable":true,"href":"https:\/\/www.elsindical.com.ar\/notas\/wp-json\/wp\/v2\/comments?post=131501"}],"version-history":[{"count":1,"href":"https:\/\/www.elsindical.com.ar\/notas\/wp-json\/wp\/v2\/posts\/131501\/revisions"}],"predecessor-version":[{"id":131502,"href":"https:\/\/www.elsindical.com.ar\/notas\/wp-json\/wp\/v2\/posts\/131501\/revisions\/131502"}],"wp:featuredmedia":[{"embeddable":true,"href":"https:\/\/www.elsindical.com.ar\/notas\/wp-json\/wp\/v2\/media\/119831"}],"wp:attachment":[{"href":"https:\/\/www.elsindical.com.ar\/notas\/wp-json\/wp\/v2\/media?parent=131501"}],"wp:term":[{"taxonomy":"category","embeddable":true,"href":"https:\/\/www.elsindical.com.ar\/notas\/wp-json\/wp\/v2\/categories?post=131501"},{"taxonomy":"post_tag","embeddable":true,"href":"https:\/\/www.elsindical.com.ar\/notas\/wp-json\/wp\/v2\/tags?post=131501"}],"curies":[{"name":"wp","href":"https:\/\/api.w.org\/{rel}","templated":true}]}}