{"id":131440,"date":"2024-06-28T16:49:31","date_gmt":"2024-06-28T19:49:31","guid":{"rendered":"https:\/\/www.elsindical.com.ar\/notas\/?p=131440"},"modified":"2024-06-28T16:49:38","modified_gmt":"2024-06-28T19:49:38","slug":"chino-fernandez-regresa-con-desgarro","status":"publish","type":"post","link":"https:\/\/www.elsindical.com.ar\/notas\/chino-fernandez-regresa-con-desgarro\/","title":{"rendered":"Chino Fern\u00e1ndez regresa con Desgarro"},"content":{"rendered":"<div class=\"wp-block-image\">\n<figure class=\"aligncenter size-full\"><a href=\"https:\/\/www.elsindical.com.ar\/notas\/var\/www\/html\/notas\/wp-content\/uploads\/2024\/06\/desgarro-Chino-Fernandez.jpg\"><img loading=\"lazy\" decoding=\"async\" width=\"700\" height=\"692\" src=\"https:\/\/www.elsindical.com.ar\/notas\/var\/www\/html\/notas\/wp-content\/uploads\/2024\/06\/desgarro-Chino-Fernandez.jpg\" alt=\"\" class=\"wp-image-131441\" srcset=\"https:\/\/www.elsindical.com.ar\/notas\/var\/www\/html\/notas\/wp-content\/uploads\/2024\/06\/desgarro-Chino-Fernandez.jpg 700w, https:\/\/www.elsindical.com.ar\/notas\/var\/www\/html\/notas\/wp-content\/uploads\/2024\/06\/desgarro-Chino-Fernandez-300x297.jpg 300w, https:\/\/www.elsindical.com.ar\/notas\/var\/www\/html\/notas\/wp-content\/uploads\/2024\/06\/desgarro-Chino-Fernandez-303x300.jpg 303w, https:\/\/www.elsindical.com.ar\/notas\/var\/www\/html\/notas\/wp-content\/uploads\/2024\/06\/desgarro-Chino-Fernandez-50x50.jpg 50w\" sizes=\"auto, (max-width: 700px) 100vw, 700px\" \/><\/a><\/figure>\n<\/div>\n\n\n<p>El cantante Chino Fern\u00e1ndez, regresa con una selecci\u00f3n de tangos homenaje en un espect\u00e1culo denominado \u00abDesgarro\u00bb La cita es este s\u00e1bado 29 de junio a las 21:00 hs. en Neville Centro Cultural de Paysand\u00fa 1481, Caballito. <\/p>\n\n\n\n<p>Las entradas son a beneficio del \u00abProyecto de Ley Camila Periss\u00e9\u00bb para cambiar la legislaci\u00f3n sanitaria<\/p>\n\n\n\n<figure class=\"wp-block-embed is-type-video is-provider-youtube wp-block-embed-youtube wp-embed-aspect-16-9 wp-has-aspect-ratio\"><div class=\"wp-block-embed__wrapper\">\n<iframe loading=\"lazy\" title=\"Chino Fern\u00e1ndez regresa con Desgarro\" width=\"700\" height=\"394\" src=\"https:\/\/www.youtube.com\/embed\/R7qo7wG__3k?feature=oembed\" frameborder=\"0\" allow=\"accelerometer; autoplay; clipboard-write; encrypted-media; gyroscope; picture-in-picture; web-share\" referrerpolicy=\"strict-origin-when-cross-origin\" allowfullscreen><\/iframe>\n<\/div><\/figure>\n","protected":false},"excerpt":{"rendered":"<p>El cantante Chino Fern\u00e1ndez, regresa con una selecci\u00f3n de tangos homenaje en un espect\u00e1culo denominado \u00abDesgarro\u00bb La cita es este s\u00e1bado 29 de junio a las 21:00 hs. en Neville Centro Cultural de Paysand\u00fa 1481, Caballito. Las entradas son a beneficio del \u00abProyecto de Ley Camila Periss\u00e9\u00bb para cambiar la legislaci\u00f3n sanitaria<\/p>\n","protected":false},"author":1,"featured_media":131441,"comment_status":"open","ping_status":"open","sticky":false,"template":"","format":"standard","meta":{"footnotes":""},"categories":[15],"tags":[43217,400,481,43216,12469,2450,43218,43219,31850],"class_list":["post-131440","post","type-post","status-publish","format-standard","has-post-thumbnail","hentry","category-espectaculos","tag-alfredo-sadi","tag-caballito","tag-cantante","tag-chino-fernandez","tag-desgarro","tag-diario-el-sindical","tag-ley-camila-perisse","tag-neville-centro-cultural","tag-tangos"],"_links":{"self":[{"href":"https:\/\/www.elsindical.com.ar\/notas\/wp-json\/wp\/v2\/posts\/131440","targetHints":{"allow":["GET"]}}],"collection":[{"href":"https:\/\/www.elsindical.com.ar\/notas\/wp-json\/wp\/v2\/posts"}],"about":[{"href":"https:\/\/www.elsindical.com.ar\/notas\/wp-json\/wp\/v2\/types\/post"}],"author":[{"embeddable":true,"href":"https:\/\/www.elsindical.com.ar\/notas\/wp-json\/wp\/v2\/users\/1"}],"replies":[{"embeddable":true,"href":"https:\/\/www.elsindical.com.ar\/notas\/wp-json\/wp\/v2\/comments?post=131440"}],"version-history":[{"count":1,"href":"https:\/\/www.elsindical.com.ar\/notas\/wp-json\/wp\/v2\/posts\/131440\/revisions"}],"predecessor-version":[{"id":131442,"href":"https:\/\/www.elsindical.com.ar\/notas\/wp-json\/wp\/v2\/posts\/131440\/revisions\/131442"}],"wp:featuredmedia":[{"embeddable":true,"href":"https:\/\/www.elsindical.com.ar\/notas\/wp-json\/wp\/v2\/media\/131441"}],"wp:attachment":[{"href":"https:\/\/www.elsindical.com.ar\/notas\/wp-json\/wp\/v2\/media?parent=131440"}],"wp:term":[{"taxonomy":"category","embeddable":true,"href":"https:\/\/www.elsindical.com.ar\/notas\/wp-json\/wp\/v2\/categories?post=131440"},{"taxonomy":"post_tag","embeddable":true,"href":"https:\/\/www.elsindical.com.ar\/notas\/wp-json\/wp\/v2\/tags?post=131440"}],"curies":[{"name":"wp","href":"https:\/\/api.w.org\/{rel}","templated":true}]}}