{"id":131417,"date":"2024-06-27T16:05:23","date_gmt":"2024-06-27T19:05:23","guid":{"rendered":"https:\/\/www.elsindical.com.ar\/notas\/?p=131417"},"modified":"2024-06-27T16:05:29","modified_gmt":"2024-06-27T19:05:29","slug":"el-gobierno-desregulo-las-tarifas-de-internet-telefonia-celular-y-cable","status":"publish","type":"post","link":"https:\/\/www.elsindical.com.ar\/notas\/el-gobierno-desregulo-las-tarifas-de-internet-telefonia-celular-y-cable\/","title":{"rendered":"El Gobierno desregul\u00f3 las tarifas de internet, telefon\u00eda celular y cable"},"content":{"rendered":"\n<figure class=\"wp-block-image size-large\"><a href=\"https:\/\/www.elsindical.com.ar\/notas\/var\/www\/html\/notas\/wp-content\/uploads\/2024\/06\/telefonia-internet-y-cable.jpg\"><img loading=\"lazy\" decoding=\"async\" width=\"1024\" height=\"576\" src=\"https:\/\/www.elsindical.com.ar\/notas\/var\/www\/html\/notas\/wp-content\/uploads\/2024\/06\/telefonia-internet-y-cable-1024x576.jpg\" alt=\"\" class=\"wp-image-131418\" srcset=\"https:\/\/www.elsindical.com.ar\/notas\/var\/www\/html\/notas\/wp-content\/uploads\/2024\/06\/telefonia-internet-y-cable-1024x576.jpg 1024w, https:\/\/www.elsindical.com.ar\/notas\/var\/www\/html\/notas\/wp-content\/uploads\/2024\/06\/telefonia-internet-y-cable-300x169.jpg 300w, https:\/\/www.elsindical.com.ar\/notas\/var\/www\/html\/notas\/wp-content\/uploads\/2024\/06\/telefonia-internet-y-cable-768x432.jpg 768w, https:\/\/www.elsindical.com.ar\/notas\/var\/www\/html\/notas\/wp-content\/uploads\/2024\/06\/telefonia-internet-y-cable-500x281.jpg 500w, https:\/\/www.elsindical.com.ar\/notas\/var\/www\/html\/notas\/wp-content\/uploads\/2024\/06\/telefonia-internet-y-cable-1536x864.jpg 1536w, https:\/\/www.elsindical.com.ar\/notas\/var\/www\/html\/notas\/wp-content\/uploads\/2024\/06\/telefonia-internet-y-cable-460x260.jpg 460w, https:\/\/www.elsindical.com.ar\/notas\/var\/www\/html\/notas\/wp-content\/uploads\/2024\/06\/telefonia-internet-y-cable.jpg 1920w\" sizes=\"auto, (max-width: 1024px) 100vw, 1024px\" \/><\/a><\/figure>\n\n\n\n<p>El ENACOM elimin\u00f3 las normas que pon\u00edan tope a los precios y fijaban l\u00edmites a los aumentos mensuales.<\/p>\n\n\n\n<p>El Gobierno, a trav\u00e9s del Ente Nacional de Telecomunicaciones (ENACOM), <strong>elimin\u00f3 las normas que pon\u00edan tope a los precios y fijaban l\u00edmites a los aumentos mensuales de las tarifas de internet, telefon\u00eda celular y cable<\/strong>.<\/p>\n\n\n\n<p>El lunes las compa\u00f1\u00edas hab\u00edan obtenido un fallo favorable para <strong>dejar de ser consideradas servicio p\u00fablico.<\/strong><\/p>\n\n\n\n<p>A trav\u00e9s de la Resoluci\u00f3n 13\/2024, publicada este jueves en el Bolet\u00edn Oficial, el organismo <strong>elimin\u00f3 las regulaciones de la anterior gesti\u00f3n<\/strong>, a cargo de Claudio Ambrosini, que fijaban un l\u00edmite a las empresas para los aumentos de entre el 5 y el 10 por ciento mensual.<\/p>\n\n\n\n<p>As\u00ed, en el marco del DNU 70\/2023, que busca la desregulaci\u00f3n de la econom\u00eda, <strong>la normativa elimina resoluciones dictadas entre 2020 y 2023 que pon\u00edan topes a los incrementos.<\/strong><\/p>\n\n\n\n<p>El texto lleva la firma del <strong>interventor Juan Mart\u00edn Ozores, quien fue consultor y empleado de Movistar, <\/strong>y los interventores adjuntos Patricia Rold\u00e1n, abogada con 30 a\u00f1os de carrera en organismos estatales; y el ex director del ENACOM en la gesti\u00f3n del presidente Mauricio Macri, Alejandro Pereyra.<\/p>\n\n\n\n<p>La medida llega luego de que se dieran a conocer cifras de un estudio de la C\u00e1mara Argentina de Internet (CABASE), que revelaron que el <strong>67,5% de los hogares argentinos tomaron alguna medida para reducir el costo de su servicio de internet fijo en medio de la recesi\u00f3n<\/strong>.<\/p>\n\n\n\n<p>Adem\u00e1s, el <strong>65,3% de los hogares tomaron medidas para reducir el costo de su servicio de televisi\u00f3n paga.<\/strong><\/p>\n\n\n\n<h2 class=\"wp-block-heading\">Las Telco y la batalla judicial para no ser servicio p\u00fablico<\/h2>\n\n\n\n<p>Un fallo de la Sala II de la C\u00e1mara Contencioso Administrativo Federal confirm\u00f3 este lunes una sentencia anterior de noviembre de 2023 que declar\u00f3 la nulidad del Decreto 690\/2020, que establec\u00eda que \u201clos Servicios de las Tecnolog\u00edas de la Informaci\u00f3n y las Comunicaciones (TIC) y el acceso a las redes de telecomunicaciones para y entre licenciatarios y licenciatarias de servicios TIC s<strong>on servicios p\u00fablicos esenciales y estrat\u00e9gicos en competencia\u201d.<\/strong><\/p>\n\n\n\n<p>La decisi\u00f3n de la <strong>C\u00e1mara lleg\u00f3 tras un planteo original de Telecom Argentina<\/strong>, que presta servicios de telefon\u00eda, cable y acceso a internet, en el que cuestion\u00f3 la constitucionalidad del decreto y plante\u00f3 que hasta su dictado pod\u00eda \u201cfijar libremente los precios\u201d. Adem\u00e1s, r<strong>echaz\u00f3 las restricciones que la categor\u00eda de \u201cservicio p\u00fablico\u201d le impon\u00eda a sus operaciones.<\/strong><\/p>\n\n\n\n<p>En su fallo, los jueces afirmaron que <strong>para declarar una actividad como un servicio p\u00fablico se requiere de una ley <\/strong>del Congreso.<\/p>\n","protected":false},"excerpt":{"rendered":"<p>El ENACOM elimin\u00f3 las normas que pon\u00edan tope a los precios y fijaban l\u00edmites a los aumentos mensuales. El Gobierno, a trav\u00e9s del Ente Nacional de Telecomunicaciones (ENACOM), elimin\u00f3 las normas que pon\u00edan tope a los precios y fijaban l\u00edmites a los aumentos mensuales de las tarifas de internet, telefon\u00eda celular y cable. El lunes&hellip;<\/p>\n","protected":false},"author":1,"featured_media":131418,"comment_status":"open","ping_status":"open","sticky":false,"template":"","format":"standard","meta":{"footnotes":""},"categories":[9,13],"tags":[1655,2450,22023,24032,761,814,373,8491],"class_list":["post-131417","post","type-post","status-publish","format-standard","has-post-thumbnail","hentry","category-economia","category-politica","tag-cable","tag-diario-el-sindical","tag-economia","tag-enacom","tag-gobierno-nacional","tag-internet","tag-tarifas","tag-telefonia"],"_links":{"self":[{"href":"https:\/\/www.elsindical.com.ar\/notas\/wp-json\/wp\/v2\/posts\/131417","targetHints":{"allow":["GET"]}}],"collection":[{"href":"https:\/\/www.elsindical.com.ar\/notas\/wp-json\/wp\/v2\/posts"}],"about":[{"href":"https:\/\/www.elsindical.com.ar\/notas\/wp-json\/wp\/v2\/types\/post"}],"author":[{"embeddable":true,"href":"https:\/\/www.elsindical.com.ar\/notas\/wp-json\/wp\/v2\/users\/1"}],"replies":[{"embeddable":true,"href":"https:\/\/www.elsindical.com.ar\/notas\/wp-json\/wp\/v2\/comments?post=131417"}],"version-history":[{"count":1,"href":"https:\/\/www.elsindical.com.ar\/notas\/wp-json\/wp\/v2\/posts\/131417\/revisions"}],"predecessor-version":[{"id":131419,"href":"https:\/\/www.elsindical.com.ar\/notas\/wp-json\/wp\/v2\/posts\/131417\/revisions\/131419"}],"wp:featuredmedia":[{"embeddable":true,"href":"https:\/\/www.elsindical.com.ar\/notas\/wp-json\/wp\/v2\/media\/131418"}],"wp:attachment":[{"href":"https:\/\/www.elsindical.com.ar\/notas\/wp-json\/wp\/v2\/media?parent=131417"}],"wp:term":[{"taxonomy":"category","embeddable":true,"href":"https:\/\/www.elsindical.com.ar\/notas\/wp-json\/wp\/v2\/categories?post=131417"},{"taxonomy":"post_tag","embeddable":true,"href":"https:\/\/www.elsindical.com.ar\/notas\/wp-json\/wp\/v2\/tags?post=131417"}],"curies":[{"name":"wp","href":"https:\/\/api.w.org\/{rel}","templated":true}]}}