{"id":131357,"date":"2024-06-24T14:38:39","date_gmt":"2024-06-24T17:38:39","guid":{"rendered":"https:\/\/www.elsindical.com.ar\/notas\/?p=131357"},"modified":"2024-06-24T14:38:44","modified_gmt":"2024-06-24T17:38:44","slug":"genocidio-israeli-unos-21-000-ninos-estan-desaparecidos-en-la-franja-de-gaza-segun-save-the-children","status":"publish","type":"post","link":"https:\/\/www.elsindical.com.ar\/notas\/genocidio-israeli-unos-21-000-ninos-estan-desaparecidos-en-la-franja-de-gaza-segun-save-the-children\/","title":{"rendered":"Genocidio israel\u00ed: Unos 21.000 ni\u00f1os est\u00e1n desaparecidos en la Franja de Gaza, seg\u00fan Save the Children"},"content":{"rendered":"\n<figure class=\"wp-block-image size-large\"><a href=\"https:\/\/www.elsindical.com.ar\/notas\/var\/www\/html\/notas\/wp-content\/uploads\/2024\/06\/ninos-palestinos-1.jpg\"><img loading=\"lazy\" decoding=\"async\" width=\"1024\" height=\"554\" src=\"https:\/\/www.elsindical.com.ar\/notas\/var\/www\/html\/notas\/wp-content\/uploads\/2024\/06\/ninos-palestinos-1-1024x554.jpg\" alt=\"\" class=\"wp-image-131358\" srcset=\"https:\/\/www.elsindical.com.ar\/notas\/var\/www\/html\/notas\/wp-content\/uploads\/2024\/06\/ninos-palestinos-1-1024x554.jpg 1024w, https:\/\/www.elsindical.com.ar\/notas\/var\/www\/html\/notas\/wp-content\/uploads\/2024\/06\/ninos-palestinos-1-300x162.jpg 300w, https:\/\/www.elsindical.com.ar\/notas\/var\/www\/html\/notas\/wp-content\/uploads\/2024\/06\/ninos-palestinos-1-768x415.jpg 768w, https:\/\/www.elsindical.com.ar\/notas\/var\/www\/html\/notas\/wp-content\/uploads\/2024\/06\/ninos-palestinos-1-500x270.jpg 500w, https:\/\/www.elsindical.com.ar\/notas\/var\/www\/html\/notas\/wp-content\/uploads\/2024\/06\/ninos-palestinos-1.jpg 1195w\" sizes=\"auto, (max-width: 1024px) 100vw, 1024px\" \/><\/a><\/figure>\n\n\n\n<p class=\"wp-block-paragraph\">En total han muerto en el enclave m\u00e1s de 37.600 personas, el 70 % de ellas mujeres y ni\u00f1os, seg\u00fan Sanidad gazat\u00ed.<\/p>\n\n\n\n<p class=\"wp-block-paragraph\">Unos <strong>21.000 ni\u00f1os est\u00e1n desaparecidos en la Franja de Gaza<\/strong>, muchos de ellos atrapados bajo los escombros,<strong> presumiblemente muertos, o en fosas comunes sin identificar,<\/strong> seg\u00fan un informe publicado este lunes por la organizaci\u00f3n <strong>Save the Children.<\/strong><\/p>\n\n\n\n<p class=\"wp-block-paragraph\">\u00abEs casi imposible recopilar y verificar informaci\u00f3n en las condiciones actuales de Gaza\u00bb, indica la organizaci\u00f3n de ayuda a la infancia, que estima que unos<strong> 17.000 ni\u00f1os est\u00e1n en estos momentos solos, hu\u00e9rfanos o separados de sus padres, ante el constante desplazamiento forzoso.<\/strong><\/p>\n\n\n\n<p class=\"wp-block-paragraph\">Seg\u00fan el Ministerio de Sanidad de Gaza, controlado por Ham\u00e1s, <strong>m\u00e1s de 15.800 ni\u00f1os han muerto desde que comenzara la guerra en octubre<\/strong>, una treintena de menores han muerto de hambre y <strong>3.500 corren riesgo de muerte por desnutrici\u00f3n.<\/strong><\/p>\n\n\n\n<figure class=\"wp-block-image size-large\"><a href=\"https:\/\/www.elsindical.com.ar\/notas\/var\/www\/html\/notas\/wp-content\/uploads\/2024\/06\/ninos-palestinos-2.jpg\"><img loading=\"lazy\" decoding=\"async\" width=\"1024\" height=\"682\" src=\"https:\/\/www.elsindical.com.ar\/notas\/var\/www\/html\/notas\/wp-content\/uploads\/2024\/06\/ninos-palestinos-2-1024x682.jpg\" alt=\"\" class=\"wp-image-131359\" srcset=\"https:\/\/www.elsindical.com.ar\/notas\/var\/www\/html\/notas\/wp-content\/uploads\/2024\/06\/ninos-palestinos-2-1024x682.jpg 1024w, https:\/\/www.elsindical.com.ar\/notas\/var\/www\/html\/notas\/wp-content\/uploads\/2024\/06\/ninos-palestinos-2-300x200.jpg 300w, https:\/\/www.elsindical.com.ar\/notas\/var\/www\/html\/notas\/wp-content\/uploads\/2024\/06\/ninos-palestinos-2-768x512.jpg 768w, https:\/\/www.elsindical.com.ar\/notas\/var\/www\/html\/notas\/wp-content\/uploads\/2024\/06\/ninos-palestinos-2-450x300.jpg 450w, https:\/\/www.elsindical.com.ar\/notas\/var\/www\/html\/notas\/wp-content\/uploads\/2024\/06\/ninos-palestinos-2.jpg 1280w\" sizes=\"auto, (max-width: 1024px) 100vw, 1024px\" \/><\/a><\/figure>\n\n\n\n<p class=\"wp-block-paragraph\">Save the Children asegura que m\u00e1s de 14.000 ni\u00f1os han muerto en la Franja de Gaza desde octubre; unos 4.000 est\u00e1n desaparecidos bajo los escombros, y un n\u00famero por determinar, en fosas comunes.<\/p>\n\n\n\n<p class=\"wp-block-paragraph\">\u00abMiles de ni\u00f1os palestinos desaparecidos <strong>est\u00e1n atrapados bajo los escombros, enterrados en tumbas sin marcar, da\u00f1ados hasta el punto de no poder ser reconocidos por los explosivos<\/strong>, detenidos por las fuerzas israel\u00edes o perdidos en el caos del conflicto\u00bb, se\u00f1ala la organizaci\u00f3n.<\/p>\n\n\n\n<p class=\"wp-block-paragraph\"><strong>\u00abCada d\u00eda encontramos m\u00e1s ni\u00f1os no acompa\u00f1ados y cada d\u00eda es m\u00e1s dif\u00edcil ayudarlos.<\/strong> Identificamos a ni\u00f1os separados y no acompa\u00f1ados y tratamos de localizar a sus familias, pero no hay instalaciones seguras para ellos; no hay ning\u00fan lugar seguro en Gaza\u00bb, agregan.<\/p>\n\n\n\n<p class=\"wp-block-paragraph\">Save the Children tambi\u00e9n recuerda que al menos 33 ni\u00f1os murieron en el ataque de Ham\u00e1s en Israel el 7 de octubre, en el que murieron unas 1.200 personas y 250 fueron secuestradas.<\/p>\n\n\n\n<p class=\"wp-block-paragraph\">La organizaci\u00f3n indici\u00f3 que <strong>en el territorio ocupado de Cisjordania, unos 250 ni\u00f1os palestinos tambi\u00e9n est\u00e1n desaparecidos,<\/strong> muchos de ellos en r\u00e9gimen de detenci\u00f3n ilegal.<\/p>\n\n\n\n<p class=\"wp-block-paragraph\"><strong>\u00abLas familias se ven torturadas por la incertidumbre sobre el paradero de sus seres queridos.<\/strong> Ning\u00fan padre deber\u00eda tener que excavar entre escombros o fosas comunes para intentar encontrar el cuerpo de su hijo. Ning\u00fan ni\u00f1o deber\u00eda estar solo, desprotegido en una zona de guerra.<strong> Ning\u00fan ni\u00f1o deber\u00eda ser detenido o tomado como reh\u00e9n\u00bb,<\/strong> se\u00f1al\u00f3 Jeremy Stoner, director de Save the Children en Oriente Medio.<\/p>\n\n\n\n<h2 class=\"wp-block-heading\">Israel, sin l\u00edmites<\/h2>\n\n\n\n<p class=\"wp-block-paragraph\">Stoner ha solicitado una investigaci\u00f3n independiente sobre la situaci\u00f3n de los ni\u00f1os desaparecidos en Gaza y para que los responsables rindan cuentas.<\/p>\n\n\n\n<p class=\"wp-block-paragraph\">Seg\u00fan datos de la ONU<strong>, Israel ha lanzado 75.000 toneladas de explosivos<\/strong> -el equivalente a seis bombas nucleares- lo cual, adem\u00e1s de haber destruido el 65 % de las estructuras de la Franja, deja a los menores en una situaci\u00f3n muy vulnerable porque tienen siete veces m\u00e1s probabilidades de morir en una explosi\u00f3n.&nbsp;<\/p>\n","protected":false},"excerpt":{"rendered":"<p>En total han muerto en el enclave m\u00e1s de 37.600 personas, el 70 % de ellas mujeres y ni\u00f1os, seg\u00fan Sanidad gazat\u00ed. Unos 21.000 ni\u00f1os est\u00e1n desaparecidos en la Franja de Gaza, muchos de ellos atrapados bajo los escombros, presumiblemente muertos, o en fosas comunes sin identificar, seg\u00fan un informe publicado este lunes por la&hellip;<\/p>\n","protected":false},"author":1,"featured_media":131358,"comment_status":"open","ping_status":"open","sticky":false,"template":"","format":"standard","meta":{"footnotes":""},"categories":[18],"tags":[22020,2450,41723,30712,3528,1788,3533,19099],"class_list":["post-131357","post","type-post","status-publish","format-standard","has-post-thumbnail","hentry","category-internacionales","tag-denuncias","tag-diario-el-sindical","tag-franja-de-gaza","tag-genocidio","tag-israel","tag-ninos","tag-palestina","tag-save-the-children"],"_links":{"self":[{"href":"https:\/\/www.elsindical.com.ar\/notas\/wp-json\/wp\/v2\/posts\/131357","targetHints":{"allow":["GET"]}}],"collection":[{"href":"https:\/\/www.elsindical.com.ar\/notas\/wp-json\/wp\/v2\/posts"}],"about":[{"href":"https:\/\/www.elsindical.com.ar\/notas\/wp-json\/wp\/v2\/types\/post"}],"author":[{"embeddable":true,"href":"https:\/\/www.elsindical.com.ar\/notas\/wp-json\/wp\/v2\/users\/1"}],"replies":[{"embeddable":true,"href":"https:\/\/www.elsindical.com.ar\/notas\/wp-json\/wp\/v2\/comments?post=131357"}],"version-history":[{"count":1,"href":"https:\/\/www.elsindical.com.ar\/notas\/wp-json\/wp\/v2\/posts\/131357\/revisions"}],"predecessor-version":[{"id":131360,"href":"https:\/\/www.elsindical.com.ar\/notas\/wp-json\/wp\/v2\/posts\/131357\/revisions\/131360"}],"wp:featuredmedia":[{"embeddable":true,"href":"https:\/\/www.elsindical.com.ar\/notas\/wp-json\/wp\/v2\/media\/131358"}],"wp:attachment":[{"href":"https:\/\/www.elsindical.com.ar\/notas\/wp-json\/wp\/v2\/media?parent=131357"}],"wp:term":[{"taxonomy":"category","embeddable":true,"href":"https:\/\/www.elsindical.com.ar\/notas\/wp-json\/wp\/v2\/categories?post=131357"},{"taxonomy":"post_tag","embeddable":true,"href":"https:\/\/www.elsindical.com.ar\/notas\/wp-json\/wp\/v2\/tags?post=131357"}],"curies":[{"name":"wp","href":"https:\/\/api.w.org\/{rel}","templated":true}]}}