{"id":131302,"date":"2024-06-22T11:19:03","date_gmt":"2024-06-22T14:19:03","guid":{"rendered":"https:\/\/www.elsindical.com.ar\/notas\/?p=131302"},"modified":"2024-06-22T11:19:09","modified_gmt":"2024-06-22T14:19:09","slug":"ezeiza-secuestran-decenas-de-facas-en-penal-federal","status":"publish","type":"post","link":"https:\/\/www.elsindical.com.ar\/notas\/ezeiza-secuestran-decenas-de-facas-en-penal-federal\/","title":{"rendered":"Ezeiza: Secuestran decenas de facas en Penal Federal"},"content":{"rendered":"\n<figure class=\"wp-block-image size-large\"><a href=\"https:\/\/www.elsindical.com.ar\/notas\/var\/www\/html\/notas\/wp-content\/uploads\/2024\/06\/facas-en-penal-de-Ezeiza.jpg\"><img loading=\"lazy\" decoding=\"async\" width=\"1024\" height=\"576\" src=\"https:\/\/www.elsindical.com.ar\/notas\/var\/www\/html\/notas\/wp-content\/uploads\/2024\/06\/facas-en-penal-de-Ezeiza-1024x576.jpg\" alt=\"\" class=\"wp-image-131303\" srcset=\"https:\/\/www.elsindical.com.ar\/notas\/var\/www\/html\/notas\/wp-content\/uploads\/2024\/06\/facas-en-penal-de-Ezeiza-1024x576.jpg 1024w, https:\/\/www.elsindical.com.ar\/notas\/var\/www\/html\/notas\/wp-content\/uploads\/2024\/06\/facas-en-penal-de-Ezeiza-300x169.jpg 300w, https:\/\/www.elsindical.com.ar\/notas\/var\/www\/html\/notas\/wp-content\/uploads\/2024\/06\/facas-en-penal-de-Ezeiza-768x432.jpg 768w, https:\/\/www.elsindical.com.ar\/notas\/var\/www\/html\/notas\/wp-content\/uploads\/2024\/06\/facas-en-penal-de-Ezeiza-500x281.jpg 500w, https:\/\/www.elsindical.com.ar\/notas\/var\/www\/html\/notas\/wp-content\/uploads\/2024\/06\/facas-en-penal-de-Ezeiza-460x260.jpg 460w, https:\/\/www.elsindical.com.ar\/notas\/var\/www\/html\/notas\/wp-content\/uploads\/2024\/06\/facas-en-penal-de-Ezeiza.jpg 1200w\" sizes=\"auto, (max-width: 1024px) 100vw, 1024px\" \/><\/a><\/figure>\n\n\n\n<p class=\"wp-block-paragraph\">El Servicio Penitenciario Federal encontr\u00f3 decenas de facas en el Complejo Penitenciario Federal N\u00ba 1 de Ezeiza.<\/p>\n\n\n\n<p class=\"wp-block-paragraph\"><strong>El Servicio Penitenciario Federal inform\u00f3 que se encontraron decenas de armas caseras, facas, en el Complejo Federal N\u00ba 1 del partido de Ezeiza.<\/strong><\/p>\n\n\n\n<p class=\"wp-block-paragraph\">En las \u00faltimas horas se realiz\u00f3 un operativo de registro e inspecci\u00f3n en la <strong>Unidad Residencial IV Pabellon E<\/strong> del penal federal de Ezeiza.<\/p>\n\n\n\n<p class=\"wp-block-paragraph\">All\u00ed, <strong>los efectivos se llevaron un total de 39 facas caseras que los presos habr\u00edan fabricado con plafones de luz<\/strong>. Tambi\u00e9n decomisaron&nbsp;dos celulares y un cargador.<\/p>\n","protected":false},"excerpt":{"rendered":"<p>El Servicio Penitenciario Federal encontr\u00f3 decenas de facas en el Complejo Penitenciario Federal N\u00ba 1 de Ezeiza. El Servicio Penitenciario Federal inform\u00f3 que se encontraron decenas de armas caseras, facas, en el Complejo Federal N\u00ba 1 del partido de Ezeiza. En las \u00faltimas horas se realiz\u00f3 un operativo de registro e inspecci\u00f3n en la Unidad&hellip;<\/p>\n","protected":false},"author":1,"featured_media":131303,"comment_status":"open","ping_status":"open","sticky":false,"template":"","format":"standard","meta":{"footnotes":""},"categories":[19],"tags":[25525,624,16232,2450,12461,583],"class_list":["post-131302","post","type-post","status-publish","format-standard","has-post-thumbnail","hentry","category-intramuros","tag-armas-caseras","tag-celulares","tag-complejo-penitenciario-federal-1-ezeiza","tag-diario-el-sindical","tag-facas","tag-spf"],"_links":{"self":[{"href":"https:\/\/www.elsindical.com.ar\/notas\/wp-json\/wp\/v2\/posts\/131302","targetHints":{"allow":["GET"]}}],"collection":[{"href":"https:\/\/www.elsindical.com.ar\/notas\/wp-json\/wp\/v2\/posts"}],"about":[{"href":"https:\/\/www.elsindical.com.ar\/notas\/wp-json\/wp\/v2\/types\/post"}],"author":[{"embeddable":true,"href":"https:\/\/www.elsindical.com.ar\/notas\/wp-json\/wp\/v2\/users\/1"}],"replies":[{"embeddable":true,"href":"https:\/\/www.elsindical.com.ar\/notas\/wp-json\/wp\/v2\/comments?post=131302"}],"version-history":[{"count":1,"href":"https:\/\/www.elsindical.com.ar\/notas\/wp-json\/wp\/v2\/posts\/131302\/revisions"}],"predecessor-version":[{"id":131304,"href":"https:\/\/www.elsindical.com.ar\/notas\/wp-json\/wp\/v2\/posts\/131302\/revisions\/131304"}],"wp:featuredmedia":[{"embeddable":true,"href":"https:\/\/www.elsindical.com.ar\/notas\/wp-json\/wp\/v2\/media\/131303"}],"wp:attachment":[{"href":"https:\/\/www.elsindical.com.ar\/notas\/wp-json\/wp\/v2\/media?parent=131302"}],"wp:term":[{"taxonomy":"category","embeddable":true,"href":"https:\/\/www.elsindical.com.ar\/notas\/wp-json\/wp\/v2\/categories?post=131302"},{"taxonomy":"post_tag","embeddable":true,"href":"https:\/\/www.elsindical.com.ar\/notas\/wp-json\/wp\/v2\/tags?post=131302"}],"curies":[{"name":"wp","href":"https:\/\/api.w.org\/{rel}","templated":true}]}}