{"id":131281,"date":"2024-06-20T20:19:02","date_gmt":"2024-06-20T23:19:02","guid":{"rendered":"https:\/\/www.elsindical.com.ar\/notas\/?p=131281"},"modified":"2024-06-20T20:32:49","modified_gmt":"2024-06-20T23:32:49","slug":"mendoza-manejaba-alcoholizado-por-costanera-y-destruyo-el-auto-contra-un-poste-de-alumbrado","status":"publish","type":"post","link":"https:\/\/www.elsindical.com.ar\/notas\/mendoza-manejaba-alcoholizado-por-costanera-y-destruyo-el-auto-contra-un-poste-de-alumbrado\/","title":{"rendered":"Mendoza: Manejaba alcoholizado por Costanera y destruy\u00f3 el auto contra un poste de alumbrado"},"content":{"rendered":"<div class=\"wp-block-image\">\n<figure class=\"aligncenter size-full\"><a href=\"https:\/\/www.elsindical.com.ar\/notas\/var\/www\/html\/notas\/wp-content\/uploads\/2024\/06\/choque-en-Guaymallen.jpg\"><img loading=\"lazy\" decoding=\"async\" width=\"691\" height=\"397\" src=\"https:\/\/www.elsindical.com.ar\/notas\/var\/www\/html\/notas\/wp-content\/uploads\/2024\/06\/choque-en-Guaymallen.jpg\" alt=\"\" class=\"wp-image-131282\" srcset=\"https:\/\/www.elsindical.com.ar\/notas\/var\/www\/html\/notas\/wp-content\/uploads\/2024\/06\/choque-en-Guaymallen.jpg 691w, https:\/\/www.elsindical.com.ar\/notas\/var\/www\/html\/notas\/wp-content\/uploads\/2024\/06\/choque-en-Guaymallen-300x172.jpg 300w, https:\/\/www.elsindical.com.ar\/notas\/var\/www\/html\/notas\/wp-content\/uploads\/2024\/06\/choque-en-Guaymallen-500x287.jpg 500w, https:\/\/www.elsindical.com.ar\/notas\/var\/www\/html\/notas\/wp-content\/uploads\/2024\/06\/choque-en-Guaymallen-220x126.jpg 220w\" sizes=\"auto, (max-width: 691px) 100vw, 691px\" \/><\/a><\/figure>\n<\/div>\n\n\n<p>En el amanecer de este jueves, un hombre de 45 a\u00f1os que manejaba alcoholizado por Costanera, en Guaymall\u00e9n, termin\u00f3 con su autom\u00f3vil en la banquina luego de derrapar. Sin embargo tuvo suerte, porque m\u00e1s all\u00e1 de los da\u00f1os en el veh\u00edculo por el accidente vial no sufri\u00f3 lesiones de ning\u00fan tipo y tampoco hubo que lamentar v\u00edctimas. Un video viral de los protagonistas del choque dio que hablar en las redes.<br><br>Ocurri\u00f3 pasadas las 7 a la altura de Costanera y Matienzo. A esa hora, por la transitada avenida y rumbo al norte iba Rodrigo P. al mando de su Renault Clio, cuando en un momento perdi\u00f3 el dominio del auto, que termin\u00f3 fuera de la v\u00eda y en sentido contrario.<br><br>Y el dosaje de alcohol que le practicaron al borde de la banquina se los confirm\u00f3: dio 1,19 gramos por litro de sangre., Es decir, casi tres veces lo permitido legalmente para manejar y no provocar un accidente vial. Lo que al menos explica en parte el porqu\u00e9.<\/p>\n\n\n\n<p>De inmediato se viraliz\u00f3 en redes sociales los dichos de las personas que protagonizaron el accidente vial.<\/p>\n\n\n\n<figure class=\"wp-block-embed is-type-video is-provider-youtube wp-block-embed-youtube wp-embed-aspect-16-9 wp-has-aspect-ratio\"><div class=\"wp-block-embed__wrapper\">\n<iframe loading=\"lazy\" title=\"Mendoza conduc\u00eda borracho choc\u00f3 y culparon a un perro\" width=\"700\" height=\"394\" src=\"https:\/\/www.youtube.com\/embed\/jLet3ASfGcU?feature=oembed\" frameborder=\"0\" allow=\"accelerometer; autoplay; clipboard-write; encrypted-media; gyroscope; picture-in-picture; web-share\" referrerpolicy=\"strict-origin-when-cross-origin\" allowfullscreen><\/iframe>\n<\/div><\/figure>\n\n\n\n<p><br>Video: Canal 7 Mendoza<\/p>\n","protected":false},"excerpt":{"rendered":"<p>En el amanecer de este jueves, un hombre de 45 a\u00f1os que manejaba alcoholizado por Costanera, en Guaymall\u00e9n, termin\u00f3 con su autom\u00f3vil en la banquina luego de derrapar. Sin embargo tuvo suerte, porque m\u00e1s all\u00e1 de los da\u00f1os en el veh\u00edculo por el accidente vial no sufri\u00f3 lesiones de ning\u00fan tipo y tampoco hubo que&hellip;<\/p>\n","protected":false},"author":1,"featured_media":131282,"comment_status":"open","ping_status":"open","sticky":false,"template":"","format":"standard","meta":{"footnotes":""},"categories":[22],"tags":[4789,2450,2109,571,302,22030,2605,22331,24229,39554],"class_list":["post-131281","post","type-post","status-publish","format-standard","has-post-thumbnail","hentry","category-policiales","tag-costanera","tag-diario-el-sindical","tag-guaymallen","tag-mendoza","tag-perro","tag-policiales","tag-redes-sociales","tag-renault-clio","tag-test-alcoholemia","tag-video-viral"],"_links":{"self":[{"href":"https:\/\/www.elsindical.com.ar\/notas\/wp-json\/wp\/v2\/posts\/131281","targetHints":{"allow":["GET"]}}],"collection":[{"href":"https:\/\/www.elsindical.com.ar\/notas\/wp-json\/wp\/v2\/posts"}],"about":[{"href":"https:\/\/www.elsindical.com.ar\/notas\/wp-json\/wp\/v2\/types\/post"}],"author":[{"embeddable":true,"href":"https:\/\/www.elsindical.com.ar\/notas\/wp-json\/wp\/v2\/users\/1"}],"replies":[{"embeddable":true,"href":"https:\/\/www.elsindical.com.ar\/notas\/wp-json\/wp\/v2\/comments?post=131281"}],"version-history":[{"count":2,"href":"https:\/\/www.elsindical.com.ar\/notas\/wp-json\/wp\/v2\/posts\/131281\/revisions"}],"predecessor-version":[{"id":131284,"href":"https:\/\/www.elsindical.com.ar\/notas\/wp-json\/wp\/v2\/posts\/131281\/revisions\/131284"}],"wp:featuredmedia":[{"embeddable":true,"href":"https:\/\/www.elsindical.com.ar\/notas\/wp-json\/wp\/v2\/media\/131282"}],"wp:attachment":[{"href":"https:\/\/www.elsindical.com.ar\/notas\/wp-json\/wp\/v2\/media?parent=131281"}],"wp:term":[{"taxonomy":"category","embeddable":true,"href":"https:\/\/www.elsindical.com.ar\/notas\/wp-json\/wp\/v2\/categories?post=131281"},{"taxonomy":"post_tag","embeddable":true,"href":"https:\/\/www.elsindical.com.ar\/notas\/wp-json\/wp\/v2\/tags?post=131281"}],"curies":[{"name":"wp","href":"https:\/\/api.w.org\/{rel}","templated":true}]}}