{"id":131254,"date":"2024-06-19T21:32:20","date_gmt":"2024-06-20T00:32:20","guid":{"rendered":"https:\/\/www.elsindical.com.ar\/notas\/?p=131254"},"modified":"2024-06-19T21:43:56","modified_gmt":"2024-06-20T00:43:56","slug":"avellaneda-auto-choca-a-una-patrulla-y-se-incendia","status":"publish","type":"post","link":"https:\/\/www.elsindical.com.ar\/notas\/avellaneda-auto-choca-a-una-patrulla-y-se-incendia\/","title":{"rendered":"Avellaneda: Auto choca a una patrulla y se incendia"},"content":{"rendered":"<div class=\"wp-block-image\">\n<figure class=\"aligncenter size-full\"><a href=\"https:\/\/www.elsindical.com.ar\/notas\/var\/www\/html\/notas\/wp-content\/uploads\/2024\/06\/auto-choca-patrulla-en-Avellaneda.jpg\"><img loading=\"lazy\" decoding=\"async\" width=\"750\" height=\"467\" src=\"https:\/\/www.elsindical.com.ar\/notas\/var\/www\/html\/notas\/wp-content\/uploads\/2024\/06\/auto-choca-patrulla-en-Avellaneda.jpg\" alt=\"\" class=\"wp-image-131255\" srcset=\"https:\/\/www.elsindical.com.ar\/notas\/var\/www\/html\/notas\/wp-content\/uploads\/2024\/06\/auto-choca-patrulla-en-Avellaneda.jpg 750w, https:\/\/www.elsindical.com.ar\/notas\/var\/www\/html\/notas\/wp-content\/uploads\/2024\/06\/auto-choca-patrulla-en-Avellaneda-300x187.jpg 300w, https:\/\/www.elsindical.com.ar\/notas\/var\/www\/html\/notas\/wp-content\/uploads\/2024\/06\/auto-choca-patrulla-en-Avellaneda-482x300.jpg 482w\" sizes=\"auto, (max-width: 750px) 100vw, 750px\" \/><\/a><\/figure>\n<\/div>\n\n\n<p>   En un hecho de imprudencia al volante, un conductor, de un auto particular, embisti\u00f3 a una patrulla de la Polic\u00eda Bonaerense desde atr\u00e1s y como resultado de la colisi\u00f3n el auto particular comenz\u00f3 a incendiarse.<\/p>\n\n\n\n<p>El ins\u00f3lito incidente, ocurri\u00f3 en la Av. Mitre al 5700 casi esquina Corval\u00e1n, y como se puede apreciar en el video, el m\u00f3vil policial circulaba correctamente, cuando se aprecia un auto a una velocidad imprudente teniendo en cuenta que se encontraba un colectivo parado en doble fila y es el carril por el que los autos circulan a menos velocidad que los centrales que posee la avenida.<\/p>\n\n\n\n<p>Tambi\u00e9n el video deja en evidencia la falta de controles y sanciones a los veh\u00edculos estacionados en la Av. Mitre que impiden que los colectivos se acerquen a las paradas de colectivos por estar invadidas de autos mal estacionados.<\/p>\n\n\n\n<figure class=\"wp-block-embed is-type-video is-provider-youtube wp-block-embed-youtube wp-embed-aspect-16-9 wp-has-aspect-ratio\"><div class=\"wp-block-embed__wrapper\">\n<iframe loading=\"lazy\" title=\"Avellaneda auto choca a patrulla y se incendia\" width=\"700\" height=\"394\" src=\"https:\/\/www.youtube.com\/embed\/YlwTNgUSn9E?feature=oembed\" frameborder=\"0\" allow=\"accelerometer; autoplay; clipboard-write; encrypted-media; gyroscope; picture-in-picture; web-share\" referrerpolicy=\"strict-origin-when-cross-origin\" allowfullscreen><\/iframe>\n<\/div><\/figure>\n","protected":false},"excerpt":{"rendered":"<p>En un hecho de imprudencia al volante, un conductor, de un auto particular, embisti\u00f3 a una patrulla de la Polic\u00eda Bonaerense desde atr\u00e1s y como resultado de la colisi\u00f3n el auto particular comenz\u00f3 a incendiarse. El ins\u00f3lito incidente, ocurri\u00f3 en la Av. Mitre al 5700 casi esquina Corval\u00e1n, y como se puede apreciar en el&hellip;<\/p>\n","protected":false},"author":1,"featured_media":131255,"comment_status":"open","ping_status":"open","sticky":false,"template":"","format":"standard","meta":{"footnotes":""},"categories":[22],"tags":[13879,461,2450,43159,2057,93,21251,35659],"class_list":["post-131254","post","type-post","status-publish","format-standard","has-post-thumbnail","hentry","category-policiales","tag-auto-particular","tag-avellaneda","tag-diario-el-sindical","tag-imprudencia","tag-infraccion","tag-patrulla","tag-policia-de-la-provincia-de-buenos-aires","tag-siniestro-vial"],"_links":{"self":[{"href":"https:\/\/www.elsindical.com.ar\/notas\/wp-json\/wp\/v2\/posts\/131254","targetHints":{"allow":["GET"]}}],"collection":[{"href":"https:\/\/www.elsindical.com.ar\/notas\/wp-json\/wp\/v2\/posts"}],"about":[{"href":"https:\/\/www.elsindical.com.ar\/notas\/wp-json\/wp\/v2\/types\/post"}],"author":[{"embeddable":true,"href":"https:\/\/www.elsindical.com.ar\/notas\/wp-json\/wp\/v2\/users\/1"}],"replies":[{"embeddable":true,"href":"https:\/\/www.elsindical.com.ar\/notas\/wp-json\/wp\/v2\/comments?post=131254"}],"version-history":[{"count":2,"href":"https:\/\/www.elsindical.com.ar\/notas\/wp-json\/wp\/v2\/posts\/131254\/revisions"}],"predecessor-version":[{"id":131257,"href":"https:\/\/www.elsindical.com.ar\/notas\/wp-json\/wp\/v2\/posts\/131254\/revisions\/131257"}],"wp:featuredmedia":[{"embeddable":true,"href":"https:\/\/www.elsindical.com.ar\/notas\/wp-json\/wp\/v2\/media\/131255"}],"wp:attachment":[{"href":"https:\/\/www.elsindical.com.ar\/notas\/wp-json\/wp\/v2\/media?parent=131254"}],"wp:term":[{"taxonomy":"category","embeddable":true,"href":"https:\/\/www.elsindical.com.ar\/notas\/wp-json\/wp\/v2\/categories?post=131254"},{"taxonomy":"post_tag","embeddable":true,"href":"https:\/\/www.elsindical.com.ar\/notas\/wp-json\/wp\/v2\/tags?post=131254"}],"curies":[{"name":"wp","href":"https:\/\/api.w.org\/{rel}","templated":true}]}}