{"id":13122,"date":"2011-03-23T17:20:53","date_gmt":"2011-03-23T20:20:53","guid":{"rendered":"http:\/\/www.elsindical.com.ar\/notas\/?p=13122"},"modified":"2011-03-23T17:20:53","modified_gmt":"2011-03-23T20:20:53","slug":"bajo-florespersecucion-y-tiroteo-con-un-policia-herido","status":"publish","type":"post","link":"https:\/\/www.elsindical.com.ar\/notas\/bajo-florespersecucion-y-tiroteo-con-un-policia-herido\/","title":{"rendered":"Bajo Flores:Persecuci\u00f3n y tiroteo con un polic\u00eda herido"},"content":{"rendered":"<div id=\"bajada\">\n<p style=\"text-align: justify;\"><em><a href=\"http:\/\/www.elsindical.com.ar\/notas\/var\/www\/html\/notas\/wp-content\/uploads\/2011\/03\/camioneta-tiroteo-Bajo-Fore.jpg\"><img loading=\"lazy\" decoding=\"async\" class=\"alignleft size-medium wp-image-13123\" title=\"camioneta-tiroteo-Bajo-Fore\" src=\"http:\/\/www.elsindical.com.ar\/notas\/var\/www\/html\/notas\/wp-content\/uploads\/2011\/03\/camioneta-tiroteo-Bajo-Fore-300x135.jpg\" alt=\"\" width=\"300\" height=\"135\" srcset=\"https:\/\/www.elsindical.com.ar\/notas\/var\/www\/html\/notas\/wp-content\/uploads\/2011\/03\/camioneta-tiroteo-Bajo-Fore-300x135.jpg 300w, https:\/\/www.elsindical.com.ar\/notas\/var\/www\/html\/notas\/wp-content\/uploads\/2011\/03\/camioneta-tiroteo-Bajo-Fore.jpg 413w\" sizes=\"auto, (max-width: 300px) 100vw, 300px\" \/><\/a>Un efectivo de la Federal result\u00f3 herido de un balazo en una pierna esta ma\u00f1ana durante una persecuci\u00f3n y tiroteo con delincuentes que acababan de robar una camioneta en el Bajo Flores.<\/em><\/p>\n<\/div>\n<div id=\"texto\">\n<p style=\"text-align: justify;\">El episodio se produjo en la calle Cacique y la avenida Fern\u00e1ndez de la Cruz, donde el sargento de la comisar\u00eda 34 recibi\u00f3 un tiro en una pierna disparado por los ocupantes de una camioneta Ford Ecosport que hab\u00eda sido robada horas antes y que escapaban de la polic\u00eda.<\/p>\n<p style=\"text-align: justify;\">Seg\u00fan las fuentes, todo comenz\u00f3 cuando dos efectivos se hallaban sobre un patrullero de la comisar\u00eda 34a. realizando tareas de vigilancia en la zona del Bajo Flores y observaron el paso sospechoso de una camioneta Ford EcoSport.<\/p>\n<p style=\"text-align: justify;\">Los polic\u00edas pidieron informaci\u00f3n sobre la camioneta al Comando Radioel\u00e9ctrico y se determin\u00f3 que la misma hab\u00eda sido robada horas antes en la Capital Federal, por lo que se acercaron para identificar a los ocupantes.<\/p>\n<p style=\"text-align: justify;\">En ese momento, desde la camioneta dispararon contra los polic\u00edas, uno de los cuales, un sargento, recibi\u00f3 un tiro en una pierna.<\/p>\n<p style=\"text-align: justify;\">Los delincuentes huyeron a toda velocidad y comenzaron a ser perseguidos por otros parulleros que llegaron al lugar como apoyo, pero pocas cuadras m\u00e1s adelante dejaron abandonado el veh\u00edculo robado y escaparon a pie.<\/p>\n<p style=\"text-align: justify;\">En tanto, el sargento baleado fue auxiliado por sus compa\u00f1eros y, luego, fue trasladado al Hospital Churruca, donde este mediod\u00eda era operado.<\/p>\n<p style=\"text-align: justify;\">Efectivos de la comisar\u00eda 34a. realizaron un fuerte operativo de b\u00fasqueda de los delincuentes, quienes a\u00fan permanecen pr\u00f3fugos.<\/p>\n<\/div>\n","protected":false},"excerpt":{"rendered":"<p>Un efectivo de la Federal result\u00f3 herido de un balazo en una pierna esta ma\u00f1ana durante una persecuci\u00f3n y tiroteo con delincuentes que acababan de robar una camioneta en el Bajo Flores. El episodio se produjo en la calle Cacique y la avenida Fern\u00e1ndez de la Cruz, donde el sargento de la comisar\u00eda 34 recibi\u00f3&hellip;<\/p>\n","protected":false},"author":1,"featured_media":0,"comment_status":"open","ping_status":"open","sticky":false,"template":"","format":"standard","meta":{"footnotes":""},"categories":[22],"tags":[3452,581,148,4361,502,1566,238],"class_list":["post-13122","post","type-post","status-publish","format-standard","hentry","category-policiales","tag-bajo-flores","tag-delincuentes","tag-herido","tag-persecucion","tag-policia-federal-argentina","tag-sargento","tag-tiroteo"],"_links":{"self":[{"href":"https:\/\/www.elsindical.com.ar\/notas\/wp-json\/wp\/v2\/posts\/13122","targetHints":{"allow":["GET"]}}],"collection":[{"href":"https:\/\/www.elsindical.com.ar\/notas\/wp-json\/wp\/v2\/posts"}],"about":[{"href":"https:\/\/www.elsindical.com.ar\/notas\/wp-json\/wp\/v2\/types\/post"}],"author":[{"embeddable":true,"href":"https:\/\/www.elsindical.com.ar\/notas\/wp-json\/wp\/v2\/users\/1"}],"replies":[{"embeddable":true,"href":"https:\/\/www.elsindical.com.ar\/notas\/wp-json\/wp\/v2\/comments?post=13122"}],"version-history":[{"count":2,"href":"https:\/\/www.elsindical.com.ar\/notas\/wp-json\/wp\/v2\/posts\/13122\/revisions"}],"predecessor-version":[{"id":13125,"href":"https:\/\/www.elsindical.com.ar\/notas\/wp-json\/wp\/v2\/posts\/13122\/revisions\/13125"}],"wp:attachment":[{"href":"https:\/\/www.elsindical.com.ar\/notas\/wp-json\/wp\/v2\/media?parent=13122"}],"wp:term":[{"taxonomy":"category","embeddable":true,"href":"https:\/\/www.elsindical.com.ar\/notas\/wp-json\/wp\/v2\/categories?post=13122"},{"taxonomy":"post_tag","embeddable":true,"href":"https:\/\/www.elsindical.com.ar\/notas\/wp-json\/wp\/v2\/tags?post=13122"}],"curies":[{"name":"wp","href":"https:\/\/api.w.org\/{rel}","templated":true}]}}