{"id":131217,"date":"2024-06-18T18:53:52","date_gmt":"2024-06-18T21:53:52","guid":{"rendered":"https:\/\/www.elsindical.com.ar\/notas\/?p=131217"},"modified":"2024-06-18T19:03:22","modified_gmt":"2024-06-18T22:03:22","slug":"lenguaje-corporal-de-rolando-barbaro-por-hugo-lescano","status":"publish","type":"post","link":"https:\/\/www.elsindical.com.ar\/notas\/lenguaje-corporal-de-rolando-barbaro-por-hugo-lescano\/","title":{"rendered":"Lenguaje corporal de Rolando Barbaro, por Hugo Lescano"},"content":{"rendered":"<div class=\"wp-block-image\">\n<figure class=\"aligncenter size-full\"><a href=\"https:\/\/www.elsindical.com.ar\/notas\/var\/www\/html\/notas\/wp-content\/uploads\/2024\/06\/Rolando-Barbaro-lenguaje-corporal.jpg\"><img loading=\"lazy\" decoding=\"async\" width=\"520\" height=\"848\" src=\"https:\/\/www.elsindical.com.ar\/notas\/var\/www\/html\/notas\/wp-content\/uploads\/2024\/06\/Rolando-Barbaro-lenguaje-corporal.jpg\" alt=\"\" class=\"wp-image-131218\" srcset=\"https:\/\/www.elsindical.com.ar\/notas\/var\/www\/html\/notas\/wp-content\/uploads\/2024\/06\/Rolando-Barbaro-lenguaje-corporal.jpg 520w, https:\/\/www.elsindical.com.ar\/notas\/var\/www\/html\/notas\/wp-content\/uploads\/2024\/06\/Rolando-Barbaro-lenguaje-corporal-184x300.jpg 184w\" sizes=\"auto, (max-width: 520px) 100vw, 520px\" \/><\/a><\/figure>\n<\/div>\n\n\n<p>   Para los que preguntaban, aqu\u00ed va el discurso gestual de Rolando Barbaro luego de la dedicatoria amorosa de <a href=\"https:\/\/www.instagram.com\/marinacalabro_ok\/\">@marinacalabro_ok<\/a><\/p>\n\n\n\n<p>PRIMER MOMENTO<br><br>Movimiento de negaci\u00f3n con la cabeza (M60)<br>Cierre de ojos (AD46)<br>Lengua lubricando los labios (AD37)<br><br>Estos gestos (M60 + AD46) s\u00f3lo los combinamos cuando algo que vemos o escuchamos nos parece que no deber\u00eda estar sucediendo. Expresamos de este modo nuestro desacuerdo enf\u00e1tico. El AD37 refleja el estr\u00e9s que nos produce la situaci\u00f3n. La boca y los labios se secan desencadenando un microsegundo de xerostom\u00eda ante situaciones inesperadas y estresantes. Por eso pasa la lengua por sus labios<br><br>SEGUNDO MOMENTO<br><br>Toma la copa (control objetual)<br>Movimiento de negaci\u00f3n con la cabeza (M60)<br>Lengua empujando la cara interna de la mejilla (AD36)<br><br>Nos aferramos de los objetos para gestionar emociones en situaciones inc\u00f3modas, por eso Rolando toma la copa sumada a la necesidad de eliminar la sequedad (xerostom\u00eda) causada por el estr\u00e9s. Niega nuevamente con su cabeza (M60) y empuja la mejilla con su lengua denotando una conflicto interior y la necesidad de distensi\u00f3n.<br><br>En resumen, el cuerpo de Rolando se\u00f1ala que lo que expres\u00f3 Marina lo tom\u00f3 por sorpresa y no estuvo de acuerdo para nada.<br><br>Si ves estos gestos combinados en alguien que am\u00e1s, luego de expresarle tu amor p\u00fablicamente, quiz\u00e1 sea conveniente que tengas una charla al respecto para evitar sorpresas futuras para ambos.<br><br>\u00bfY vos? Ya te inscribiste a la Diplomatura Virtual en Detecci\u00f3n de Mentiras que empieza este mes de junio?<br><br>Ingres\u00e1 a www.HugoLescano.com.ar o mandame un mensaje y te env\u00edo el link con toda la info para inscribirte. Recibir\u00e1s tambi\u00e9n el acceso GRATIS a la Certificaci\u00f3n en Comunicaci\u00f3n No Verbal que est\u00e1 comenzando.<\/p>\n\n\n\n<figure class=\"wp-block-embed is-type-video is-provider-youtube wp-block-embed-youtube wp-embed-aspect-16-9 wp-has-aspect-ratio\"><div class=\"wp-block-embed__wrapper\">\n<iframe loading=\"lazy\" title=\"Lenguaje Corporal de Rolando Barbaro durante los Mart\u00edn Fierro 2024\" width=\"700\" height=\"394\" src=\"https:\/\/www.youtube.com\/embed\/mIspUaUBm3A?feature=oembed\" frameborder=\"0\" allow=\"accelerometer; autoplay; clipboard-write; encrypted-media; gyroscope; picture-in-picture; web-share\" referrerpolicy=\"strict-origin-when-cross-origin\" allowfullscreen><\/iframe>\n<\/div><\/figure>\n","protected":false},"excerpt":{"rendered":"<p>Para los que preguntaban, aqu\u00ed va el discurso gestual de Rolando Barbaro luego de la dedicatoria amorosa de @marinacalabro_ok PRIMER MOMENTO Movimiento de negaci\u00f3n con la cabeza (M60)Cierre de ojos (AD46)Lengua lubricando los labios (AD37) Estos gestos (M60 + AD46) s\u00f3lo los combinamos cuando algo que vemos o escuchamos nos parece que no deber\u00eda estar&hellip;<\/p>\n","protected":false},"author":1,"featured_media":131218,"comment_status":"open","ping_status":"open","sticky":false,"template":"","format":"standard","meta":{"footnotes":""},"categories":[15,25],"tags":[2450,43147,43146,6970,43145],"class_list":["post-131217","post","type-post","status-publish","format-standard","has-post-thumbnail","hentry","category-espectaculos","category-sociedad","tag-diario-el-sindical","tag-hugo-lescano","tag-lenguaje-corporal","tag-premios-martin-fierro","tag-rolando-barbaro"],"_links":{"self":[{"href":"https:\/\/www.elsindical.com.ar\/notas\/wp-json\/wp\/v2\/posts\/131217","targetHints":{"allow":["GET"]}}],"collection":[{"href":"https:\/\/www.elsindical.com.ar\/notas\/wp-json\/wp\/v2\/posts"}],"about":[{"href":"https:\/\/www.elsindical.com.ar\/notas\/wp-json\/wp\/v2\/types\/post"}],"author":[{"embeddable":true,"href":"https:\/\/www.elsindical.com.ar\/notas\/wp-json\/wp\/v2\/users\/1"}],"replies":[{"embeddable":true,"href":"https:\/\/www.elsindical.com.ar\/notas\/wp-json\/wp\/v2\/comments?post=131217"}],"version-history":[{"count":3,"href":"https:\/\/www.elsindical.com.ar\/notas\/wp-json\/wp\/v2\/posts\/131217\/revisions"}],"predecessor-version":[{"id":131221,"href":"https:\/\/www.elsindical.com.ar\/notas\/wp-json\/wp\/v2\/posts\/131217\/revisions\/131221"}],"wp:featuredmedia":[{"embeddable":true,"href":"https:\/\/www.elsindical.com.ar\/notas\/wp-json\/wp\/v2\/media\/131218"}],"wp:attachment":[{"href":"https:\/\/www.elsindical.com.ar\/notas\/wp-json\/wp\/v2\/media?parent=131217"}],"wp:term":[{"taxonomy":"category","embeddable":true,"href":"https:\/\/www.elsindical.com.ar\/notas\/wp-json\/wp\/v2\/categories?post=131217"},{"taxonomy":"post_tag","embeddable":true,"href":"https:\/\/www.elsindical.com.ar\/notas\/wp-json\/wp\/v2\/tags?post=131217"}],"curies":[{"name":"wp","href":"https:\/\/api.w.org\/{rel}","templated":true}]}}