{"id":131210,"date":"2024-06-18T18:27:26","date_gmt":"2024-06-18T21:27:26","guid":{"rendered":"https:\/\/www.elsindical.com.ar\/notas\/?p=131210"},"modified":"2024-06-18T18:27:33","modified_gmt":"2024-06-18T21:27:33","slug":"manana-habra-paro-total-de-subte-y-del-premetro","status":"publish","type":"post","link":"https:\/\/www.elsindical.com.ar\/notas\/manana-habra-paro-total-de-subte-y-del-premetro\/","title":{"rendered":"Ma\u00f1ana habr\u00e1 paro total de Subte y del premetro"},"content":{"rendered":"\n<figure class=\"wp-block-image size-full\"><a href=\"https:\/\/www.elsindical.com.ar\/notas\/var\/www\/html\/notas\/wp-content\/uploads\/2018\/05\/paro-subtes.jpg\"><img loading=\"lazy\" decoding=\"async\" width=\"970\" height=\"546\" src=\"https:\/\/www.elsindical.com.ar\/notas\/var\/www\/html\/notas\/wp-content\/uploads\/2018\/05\/paro-subtes.jpg\" alt=\"\" class=\"wp-image-78377\" srcset=\"https:\/\/www.elsindical.com.ar\/notas\/var\/www\/html\/notas\/wp-content\/uploads\/2018\/05\/paro-subtes.jpg 970w, https:\/\/www.elsindical.com.ar\/notas\/var\/www\/html\/notas\/wp-content\/uploads\/2018\/05\/paro-subtes-300x169.jpg 300w, https:\/\/www.elsindical.com.ar\/notas\/var\/www\/html\/notas\/wp-content\/uploads\/2018\/05\/paro-subtes-768x432.jpg 768w, https:\/\/www.elsindical.com.ar\/notas\/var\/www\/html\/notas\/wp-content\/uploads\/2018\/05\/paro-subtes-500x281.jpg 500w, https:\/\/www.elsindical.com.ar\/notas\/var\/www\/html\/notas\/wp-content\/uploads\/2018\/05\/paro-subtes-460x260.jpg 460w\" sizes=\"auto, (max-width: 970px) 100vw, 970px\" \/><\/a><\/figure>\n\n\n\n<p>AGTSyP anunci\u00f3 la medida de fuerza por una sanci\u00f3n contra Claudio Dellecarbonara.<\/p>\n\n\n\n<p>LaAsociaci\u00f3n Gremial de Trabajadores del\u00a0Subte\u00a0y el Premetro (AGTSyP) anunci\u00f3 hoy<strong>\u00a0que este mi\u00e9rcoles habr\u00e1 paro de las seis l\u00edneas y el premetro<\/strong>\u00a0tras no recibir respuesta de la Subsecretar\u00eda de Trabajo porte\u00f1o por una sanci\u00f3n de Emova contra el metrodelegado Claudio Dellecarbonara.<\/p>\n\n\n\n<p>Seg\u00fan el documento,&nbsp;<strong>el sindicato inform\u00f3 que desde de las 17 hasta las 19, las l\u00edneas B, E y el premetro no prestar\u00e1n servicio. En tanto, la D y la H no funcionar\u00e1n entre las 19 y las 21, mientras que desde las 21 hasta el cierre las l\u00edneas A y C se adhieren a la medida de fuerza.<\/strong><\/p>\n\n\n\n<p>En este sentido, AGTSyP denunci\u00f3 \u201cla actitud antisindical y persecutoria de Emova\u201d contra la organizaci\u00f3n. El documento resalta que&nbsp;<strong>Dellecarbonara fue sancionado por liberar molinetes y permitir que los pajeros viajen gratis durante una protesta.<\/strong><\/p>\n\n\n\n<p>Adem\u00e1s, reclaman por una soluci\u00f3n urgente a a la crisis sanitaria de la red por la presencia de asbesto cancer\u00edgeno y la situaci\u00f3n de precariedad<strong>&nbsp;\u201cque convierte al subte en una bomba de tiempo\u201d.<\/strong><\/p>\n","protected":false},"excerpt":{"rendered":"<p>AGTSyP anunci\u00f3 la medida de fuerza por una sanci\u00f3n contra Claudio Dellecarbonara. LaAsociaci\u00f3n Gremial de Trabajadores del\u00a0Subte\u00a0y el Premetro (AGTSyP) anunci\u00f3 hoy\u00a0que este mi\u00e9rcoles habr\u00e1 paro de las seis l\u00edneas y el premetro\u00a0tras no recibir respuesta de la Subsecretar\u00eda de Trabajo porte\u00f1o por una sanci\u00f3n de Emova contra el metrodelegado Claudio Dellecarbonara. Seg\u00fan el documento,&nbsp;el&hellip;<\/p>\n","protected":false},"author":1,"featured_media":78377,"comment_status":"open","ping_status":"open","sticky":false,"template":"","format":"standard","meta":{"footnotes":""},"categories":[16],"tags":[7721,2450,4711,28821,16580,8283,292,4554],"class_list":["post-131210","post","type-post","status-publish","format-standard","has-post-thumbnail","hentry","category-gremiales","tag-agtsyp","tag-diario-el-sindical","tag-metrodelegados","tag-paro-subte","tag-paro-total","tag-premetro","tag-protesta","tag-sancion"],"_links":{"self":[{"href":"https:\/\/www.elsindical.com.ar\/notas\/wp-json\/wp\/v2\/posts\/131210","targetHints":{"allow":["GET"]}}],"collection":[{"href":"https:\/\/www.elsindical.com.ar\/notas\/wp-json\/wp\/v2\/posts"}],"about":[{"href":"https:\/\/www.elsindical.com.ar\/notas\/wp-json\/wp\/v2\/types\/post"}],"author":[{"embeddable":true,"href":"https:\/\/www.elsindical.com.ar\/notas\/wp-json\/wp\/v2\/users\/1"}],"replies":[{"embeddable":true,"href":"https:\/\/www.elsindical.com.ar\/notas\/wp-json\/wp\/v2\/comments?post=131210"}],"version-history":[{"count":1,"href":"https:\/\/www.elsindical.com.ar\/notas\/wp-json\/wp\/v2\/posts\/131210\/revisions"}],"predecessor-version":[{"id":131211,"href":"https:\/\/www.elsindical.com.ar\/notas\/wp-json\/wp\/v2\/posts\/131210\/revisions\/131211"}],"wp:featuredmedia":[{"embeddable":true,"href":"https:\/\/www.elsindical.com.ar\/notas\/wp-json\/wp\/v2\/media\/78377"}],"wp:attachment":[{"href":"https:\/\/www.elsindical.com.ar\/notas\/wp-json\/wp\/v2\/media?parent=131210"}],"wp:term":[{"taxonomy":"category","embeddable":true,"href":"https:\/\/www.elsindical.com.ar\/notas\/wp-json\/wp\/v2\/categories?post=131210"},{"taxonomy":"post_tag","embeddable":true,"href":"https:\/\/www.elsindical.com.ar\/notas\/wp-json\/wp\/v2\/tags?post=131210"}],"curies":[{"name":"wp","href":"https:\/\/api.w.org\/{rel}","templated":true}]}}