{"id":13120,"date":"2011-03-23T12:46:52","date_gmt":"2011-03-23T15:46:52","guid":{"rendered":"http:\/\/www.elsindical.com.ar\/notas\/?p=13120"},"modified":"2011-03-23T12:46:52","modified_gmt":"2011-03-23T15:46:52","slug":"remedios-de-escaladadetienen-a-multiple-violador","status":"publish","type":"post","link":"https:\/\/www.elsindical.com.ar\/notas\/remedios-de-escaladadetienen-a-multiple-violador\/","title":{"rendered":"Remedios de Escalada:Detienen a m\u00faltiple violador"},"content":{"rendered":"<div>\n<p style=\"text-align: justify;\"><em><a href=\"http:\/\/www.elsindical.com.ar\/notas\/var\/www\/html\/notas\/wp-content\/uploads\/2010\/05\/violaci\u00f3n-joven.jpg\"><img loading=\"lazy\" decoding=\"async\" class=\"alignleft size-full wp-image-6447\" title=\"violaci\u00f3n-joven\" src=\"http:\/\/www.elsindical.com.ar\/notas\/var\/www\/html\/notas\/wp-content\/uploads\/2010\/05\/violaci\u00f3n-joven.jpg\" alt=\"\" width=\"255\" height=\"205\" \/><\/a>Fuentes policiales informaron que el sujeto tiene 33 a\u00f1os y est\u00e1\u00a0sospechado<strong> de al menos once abusos sexuales en la zona,<\/strong> a cuyas v\u00edctimas abordaba en el propio domicilio luego de escalar los departamentos.\u00a0<\/em><\/p>\n<\/div>\n<p style=\"text-align: justify;\">Personal de la Direcci\u00f3n Homicidios y Delitos Graves de la Superintendencia de Investigaciones en Funci\u00f3n Judicial de la Polic\u00eda de la Provincia de Buenos Aires logr\u00f3 atraparlo.<\/p>\n<p style=\"text-align: justify;\">Seg\u00fan se\u00f1alaron los investigadores, el abusador aprovechaba cuando sus v\u00edctimas, varias de ellas menores de edad, estaban durmiendo.<\/p>\n<p style=\"text-align: justify;\">El \u00faltimo caso que se conoci\u00f3 de este delincuente ocurri\u00f3 hace cuatro d\u00edas cuando manose\u00f3 a una peque\u00f1a de 5 a\u00f1os y escap\u00f3 sin poder ser atrapado.<\/p>\n<p style=\"text-align: justify;\">Entre sus antecedentes, se encuentran dos pedidos de captura del Departamento Judicial La Plata, uno por violaci\u00f3n de domicilio en una finca, sin consumar su cometido, y el restante por robo y encubrimiento.<\/p>\n","protected":false},"excerpt":{"rendered":"<p>Fuentes policiales informaron que el sujeto tiene 33 a\u00f1os y est\u00e1\u00a0sospechado de al menos once abusos sexuales en la zona, a cuyas v\u00edctimas abordaba en el propio domicilio luego de escalar los departamentos.\u00a0 Personal de la Direcci\u00f3n Homicidios y Delitos Graves de la Superintendencia de Investigaciones en Funci\u00f3n Judicial de la Polic\u00eda de la Provincia&hellip;<\/p>\n","protected":false},"author":1,"featured_media":0,"comment_status":"open","ping_status":"open","sticky":false,"template":"","format":"standard","meta":{"footnotes":""},"categories":[22],"tags":[91,209,30,6272,509,539],"class_list":["post-13120","post","type-post","status-publish","format-standard","hentry","category-policiales","tag-detenido","tag-lanus","tag-policia","tag-remedios-de-escalada","tag-victimas","tag-violador"],"_links":{"self":[{"href":"https:\/\/www.elsindical.com.ar\/notas\/wp-json\/wp\/v2\/posts\/13120","targetHints":{"allow":["GET"]}}],"collection":[{"href":"https:\/\/www.elsindical.com.ar\/notas\/wp-json\/wp\/v2\/posts"}],"about":[{"href":"https:\/\/www.elsindical.com.ar\/notas\/wp-json\/wp\/v2\/types\/post"}],"author":[{"embeddable":true,"href":"https:\/\/www.elsindical.com.ar\/notas\/wp-json\/wp\/v2\/users\/1"}],"replies":[{"embeddable":true,"href":"https:\/\/www.elsindical.com.ar\/notas\/wp-json\/wp\/v2\/comments?post=13120"}],"version-history":[{"count":1,"href":"https:\/\/www.elsindical.com.ar\/notas\/wp-json\/wp\/v2\/posts\/13120\/revisions"}],"predecessor-version":[{"id":13121,"href":"https:\/\/www.elsindical.com.ar\/notas\/wp-json\/wp\/v2\/posts\/13120\/revisions\/13121"}],"wp:attachment":[{"href":"https:\/\/www.elsindical.com.ar\/notas\/wp-json\/wp\/v2\/media?parent=13120"}],"wp:term":[{"taxonomy":"category","embeddable":true,"href":"https:\/\/www.elsindical.com.ar\/notas\/wp-json\/wp\/v2\/categories?post=13120"},{"taxonomy":"post_tag","embeddable":true,"href":"https:\/\/www.elsindical.com.ar\/notas\/wp-json\/wp\/v2\/tags?post=13120"}],"curies":[{"name":"wp","href":"https:\/\/api.w.org\/{rel}","templated":true}]}}