{"id":131179,"date":"2024-06-16T11:17:06","date_gmt":"2024-06-16T14:17:06","guid":{"rendered":"https:\/\/www.elsindical.com.ar\/notas\/?p=131179"},"modified":"2024-06-16T11:17:13","modified_gmt":"2024-06-16T14:17:13","slug":"cambios-en-el-ministerio-de-economia-se-va-cottani-y-llega-daza","status":"publish","type":"post","link":"https:\/\/www.elsindical.com.ar\/notas\/cambios-en-el-ministerio-de-economia-se-va-cottani-y-llega-daza\/","title":{"rendered":"Cambios en el Ministerio de Econom\u00eda: se va Cottani y llega Daza"},"content":{"rendered":"<div class=\"wp-block-image\">\n<figure class=\"aligncenter size-full\"><a href=\"https:\/\/www.elsindical.com.ar\/notas\/var\/www\/html\/notas\/wp-content\/uploads\/2024\/06\/Cottani-y-Daza.jpg\"><img loading=\"lazy\" decoding=\"async\" width=\"700\" height=\"392\" src=\"https:\/\/www.elsindical.com.ar\/notas\/var\/www\/html\/notas\/wp-content\/uploads\/2024\/06\/Cottani-y-Daza.jpg\" alt=\"\" class=\"wp-image-131180\" srcset=\"https:\/\/www.elsindical.com.ar\/notas\/var\/www\/html\/notas\/wp-content\/uploads\/2024\/06\/Cottani-y-Daza.jpg 700w, https:\/\/www.elsindical.com.ar\/notas\/var\/www\/html\/notas\/wp-content\/uploads\/2024\/06\/Cottani-y-Daza-300x168.jpg 300w, https:\/\/www.elsindical.com.ar\/notas\/var\/www\/html\/notas\/wp-content\/uploads\/2024\/06\/Cottani-y-Daza-500x280.jpg 500w\" sizes=\"auto, (max-width: 700px) 100vw, 700px\" \/><\/a><\/figure>\n<\/div>\n\n\n<p>La renuncia del viceministro de Econom\u00eda se suma a los decenas de cambios de funcionarios desde la asunci\u00f3n de Javier Milei.<\/p>\n\n\n\n<p><strong>El&nbsp;viceministro de Econom\u00eda, Joaqu\u00edn Cottani, renunciar\u00e1 a fin de mes y ser\u00e1 reemplazado por el&nbsp;economista Jos\u00e9 Luis Daza, experto en Wall Street que vivi\u00f3 a\u00f1os en Chile.<\/strong><\/p>\n\n\n\n<p>Cottani, quien fue subsecretario de Financiamiento de Domingo Cavallo, volver\u00eda a Nueva York. <strong>La salida se sumar\u00e1 a las casi 40 bajas de funcionarios que viene teniendo el Gobierno desde la asunci\u00f3n de Javier Milei.<\/strong><\/p>\n\n\n\n<p>Cottani renunci\u00f3\u00a0por razones familiares, ya que la familia se qued\u00f3 en Nueva York y le cuesta mucho ir y volver todo el tiempo.<\/p>\n\n\n\n<p><strong>El candidato a reemplazarlo es Daza, un economista que trabaj\u00f3 con Caputo en los bancos de inversi\u00f3n JP Morgan y Deustche Bank.<\/strong><\/p>\n\n\n\n<p>Daza tambi\u00e9n vive en el exterior, as\u00ed que est\u00e1 arreglando sus temas&nbsp;personales antes de confirmarse su nombramiento.<\/p>\n\n\n\n<p>Daza fue fundador de QFR Capital Management, que lleg\u00f3 a ser uno de los hedge fund de mercados emergentes m\u00e1s importantes, junto a los argentinos David Sekiguchi y Demian Reidel, actualmente en el consejo asesor de Javier Milei.&nbsp;<\/p>\n\n\n\n<p><strong>Fue representante del Banco Central de Chile en Asia, con base en Tokio.<\/strong> Luego, jefe de mercados emergentes del JP Morgan, donde conoci\u00f3 a Caputo, y del Deutsche Bank.<\/p>\n\n\n\n<p>Daza tiene estudios de doctorado en Econom\u00eda por la Universidad de Georgetown y es economista por la Universidad de Chile.&nbsp;<\/p>\n\n\n\n<p>En Chile, en la \u00faltima campa\u00f1a presidencial, su nombre son\u00f3 como posible ministro de Econom\u00eda en caso de que ganara Jos\u00e9 Antonio Kast.<\/p>\n","protected":false},"excerpt":{"rendered":"<p>La renuncia del viceministro de Econom\u00eda se suma a los decenas de cambios de funcionarios desde la asunci\u00f3n de Javier Milei. El&nbsp;viceministro de Econom\u00eda, Joaqu\u00edn Cottani, renunciar\u00e1 a fin de mes y ser\u00e1 reemplazado por el&nbsp;economista Jos\u00e9 Luis Daza, experto en Wall Street que vivi\u00f3 a\u00f1os en Chile. Cottani, quien fue subsecretario de Financiamiento de&hellip;<\/p>\n","protected":false},"author":1,"featured_media":131180,"comment_status":"open","ping_status":"open","sticky":false,"template":"","format":"standard","meta":{"footnotes":""},"categories":[13],"tags":[2450,43132,43133,24979,3006],"class_list":["post-131179","post","type-post","status-publish","format-standard","has-post-thumbnail","hentry","category-politica","tag-diario-el-sindical","tag-joaquin-cottani","tag-jos-luis-daza","tag-luis-caputo","tag-ministerio-de-economia"],"_links":{"self":[{"href":"https:\/\/www.elsindical.com.ar\/notas\/wp-json\/wp\/v2\/posts\/131179","targetHints":{"allow":["GET"]}}],"collection":[{"href":"https:\/\/www.elsindical.com.ar\/notas\/wp-json\/wp\/v2\/posts"}],"about":[{"href":"https:\/\/www.elsindical.com.ar\/notas\/wp-json\/wp\/v2\/types\/post"}],"author":[{"embeddable":true,"href":"https:\/\/www.elsindical.com.ar\/notas\/wp-json\/wp\/v2\/users\/1"}],"replies":[{"embeddable":true,"href":"https:\/\/www.elsindical.com.ar\/notas\/wp-json\/wp\/v2\/comments?post=131179"}],"version-history":[{"count":1,"href":"https:\/\/www.elsindical.com.ar\/notas\/wp-json\/wp\/v2\/posts\/131179\/revisions"}],"predecessor-version":[{"id":131181,"href":"https:\/\/www.elsindical.com.ar\/notas\/wp-json\/wp\/v2\/posts\/131179\/revisions\/131181"}],"wp:featuredmedia":[{"embeddable":true,"href":"https:\/\/www.elsindical.com.ar\/notas\/wp-json\/wp\/v2\/media\/131180"}],"wp:attachment":[{"href":"https:\/\/www.elsindical.com.ar\/notas\/wp-json\/wp\/v2\/media?parent=131179"}],"wp:term":[{"taxonomy":"category","embeddable":true,"href":"https:\/\/www.elsindical.com.ar\/notas\/wp-json\/wp\/v2\/categories?post=131179"},{"taxonomy":"post_tag","embeddable":true,"href":"https:\/\/www.elsindical.com.ar\/notas\/wp-json\/wp\/v2\/tags?post=131179"}],"curies":[{"name":"wp","href":"https:\/\/api.w.org\/{rel}","templated":true}]}}