{"id":131170,"date":"2024-06-15T14:01:32","date_gmt":"2024-06-15T17:01:32","guid":{"rendered":"https:\/\/www.elsindical.com.ar\/notas\/?p=131170"},"modified":"2024-06-15T14:12:25","modified_gmt":"2024-06-15T17:12:25","slug":"mendoza-escandalo-por-fiesta-con-bailarinas-por-el-dia-del-padre-en-base-militar","status":"publish","type":"post","link":"https:\/\/www.elsindical.com.ar\/notas\/mendoza-escandalo-por-fiesta-con-bailarinas-por-el-dia-del-padre-en-base-militar\/","title":{"rendered":"Mendoza: Esc\u00e1ndalo por fiesta con bailarinas por el d\u00eda del padre en base militar"},"content":{"rendered":"<div class=\"wp-block-image\">\n<figure class=\"aligncenter size-full\"><a href=\"https:\/\/www.elsindical.com.ar\/notas\/var\/www\/html\/notas\/wp-content\/uploads\/2024\/06\/festichola-militares-en-Mendoza.jpg\"><img loading=\"lazy\" decoding=\"async\" width=\"738\" height=\"416\" src=\"https:\/\/www.elsindical.com.ar\/notas\/var\/www\/html\/notas\/wp-content\/uploads\/2024\/06\/festichola-militares-en-Mendoza.jpg\" alt=\"\" class=\"wp-image-131171\" srcset=\"https:\/\/www.elsindical.com.ar\/notas\/var\/www\/html\/notas\/wp-content\/uploads\/2024\/06\/festichola-militares-en-Mendoza.jpg 738w, https:\/\/www.elsindical.com.ar\/notas\/var\/www\/html\/notas\/wp-content\/uploads\/2024\/06\/festichola-militares-en-Mendoza-300x169.jpg 300w, https:\/\/www.elsindical.com.ar\/notas\/var\/www\/html\/notas\/wp-content\/uploads\/2024\/06\/festichola-militares-en-Mendoza-500x282.jpg 500w, https:\/\/www.elsindical.com.ar\/notas\/var\/www\/html\/notas\/wp-content\/uploads\/2024\/06\/festichola-militares-en-Mendoza-460x260.jpg 460w\" sizes=\"auto, (max-width: 738px) 100vw, 738px\" \/><\/a><\/figure>\n<\/div>\n\n\n<p>   Mientras a\u00fan no se olvida el esc\u00e1ndalo por los millonarios gastos del Ministerio de Defensa para los casino de oficiales de las Fuerzas Armadas con comidas \u00abde lujo\u00bb, como salm\u00f3n rosado, variedades de quesos, -muzzarella, fresco, tybo, sardo, crema bajas calor\u00edas, roquefort, untable y rallado-, <strong>galletitas, caramelos, dulce de batata y membrillo, alfajores, bizcochuelo, dulce de leche, helados, flanes y barritas de cereal de manzana y ciruela<\/strong>.&nbsp;<\/p>\n\n\n\n<p>Carnes nalga, cuadril, matambrito de cerdo, peceto, carr\u00e9&nbsp;de cerdo, milanesas, roast beef, chorizo y chinchulines, todos firmados por el <strong>Brigadier General Xavier Juli\u00e1n Isaac<\/strong>, a quien Javier Milei y Petri promovieron al frente del Estado Mayor Conjunto de las Fuerzas Armadas<\/p>\n\n\n\n<p>Ahora, en una base de la Fuera A\u00e9rea de Mendoza, se conoce otro despilfarro y falta de respeto al uniforme si es que estos oficiales lo tienen al grabarse en festejos propios de un Carnaval y no de una base militar donde se supone existe un orden.<\/p>\n\n\n\n<p>Los videos que muestra la intimidad de <strong>un festejo del personal de La Fuerza A\u00e9rea de Mendoza por el D\u00eda del Padre<\/strong>, dej\u00f3 a los agentes envueltos en un esc\u00e1ndalo. La celebraci\u00f3n <strong>cont\u00f3 con la presencia de bailarinas de comparsa<\/strong> que participaban de juegos que causaron rechazo en redes sociales.<\/p>\n\n\n\n<p>El hecho ocurri\u00f3 este jueves por la tarde, luego de un almuerzo, en el Casino de Suboficiales en el distrito El Plumerillo, en Las Heras. <strong>Los involucrados fueron integrantes de la IV Brigada en Mendoza<\/strong>, seg\u00fan informaron medios locales.<\/p>\n\n\n\n<p>Los integrantes de la Fuerza se reunieron con motivo del D\u00eda del Padre, que se celebra el domingo 16 de junio en Argentina. Sin embargo, las actividades que se desarrollaron en el evento llamaron la atenci\u00f3n de los ciudadanos, que <strong>repudiaron el accionar de los agentes<\/strong>.<\/p>\n\n\n\n<p>En uno de los videos que circularon en redes sociales, se observa a <strong>un uniformado bailando en el centro del sal\u00f3n con una de las mujeres <\/strong>que visten los cl\u00e1sicos trajes de comparsa, ante la atenta mirada del resto, que aplaude y arenga para que el espect\u00e1culo contin\u00fae.<\/p>\n\n\n\n<p>Otro de los registros, muestra como uno de los agentes <strong>hace flexiones de brazos mientras una mujer, semidesnuda, se sienta en su espalda<\/strong> para proporcionarle m\u00e1s peso. Todo esto era fomentado por un animador que con un micr\u00f3fono incitaba a cumplir las consignas de juego que se propon\u00edan.<\/p>\n\n\n\n<p>Adem\u00e1s, en los clips se escucha de fondo m\u00fasica de fiesta que sonaba mientras <strong>los integrantes de la Fuerza A\u00e9rea se divert\u00edan con las bailarinas<\/strong>.<\/p>\n\n\n\n<p>El pol\u00e9mico festejo no pas\u00f3 desapercibido y de acuerdo a la informaci\u00f3n difundida extraoficialmente, <strong>los suboficiales identificados podr\u00edan ser sancionados en las pr\u00f3ximas horas<\/strong> por lo ocurrido, aunque oficialmente ni el ministerio ni la Ofician del Presidente que suelen reaccionar r\u00e1pido han dado un comunicado al respecto, donde tambi\u00e9n deber\u00edan explicar qui\u00e9n pag\u00f3 la fiesta.<\/p>\n\n\n\n<figure class=\"wp-block-embed is-type-video is-provider-youtube wp-block-embed-youtube wp-embed-aspect-16-9 wp-has-aspect-ratio\"><div class=\"wp-block-embed__wrapper\">\n<iframe loading=\"lazy\" title=\"Mendoza festichola militar Petri y Milei calladitos\" width=\"700\" height=\"394\" src=\"https:\/\/www.youtube.com\/embed\/IYMjkJNiGFo?feature=oembed\" frameborder=\"0\" allow=\"accelerometer; autoplay; clipboard-write; encrypted-media; gyroscope; picture-in-picture; web-share\" referrerpolicy=\"strict-origin-when-cross-origin\" allowfullscreen><\/iframe>\n<\/div><\/figure>\n","protected":false},"excerpt":{"rendered":"<p>Mientras a\u00fan no se olvida el esc\u00e1ndalo por los millonarios gastos del Ministerio de Defensa para los casino de oficiales de las Fuerzas Armadas con comidas \u00abde lujo\u00bb, como salm\u00f3n rosado, variedades de quesos, -muzzarella, fresco, tybo, sardo, crema bajas calor\u00edas, roquefort, untable y rallado-, galletitas, caramelos, dulce de batata y membrillo, alfajores, bizcochuelo, dulce&hellip;<\/p>\n","protected":false},"author":1,"featured_media":131171,"comment_status":"open","ping_status":"open","sticky":false,"template":"","format":"standard","meta":{"footnotes":""},"categories":[25],"tags":[43128,43131,43129,9143,28812,40475,571,4793,8129],"class_list":["post-131170","post","type-post","status-publish","format-standard","has-post-thumbnail","hentry","category-sociedad","tag-brigadier-general-xavier-julian-isaac","tag-comparsa","tag-fia-del-padre","tag-fiesta","tag-javier-milei","tag-luis-petri","tag-mendoza","tag-militares","tag-ministerio-de-defensa"],"_links":{"self":[{"href":"https:\/\/www.elsindical.com.ar\/notas\/wp-json\/wp\/v2\/posts\/131170","targetHints":{"allow":["GET"]}}],"collection":[{"href":"https:\/\/www.elsindical.com.ar\/notas\/wp-json\/wp\/v2\/posts"}],"about":[{"href":"https:\/\/www.elsindical.com.ar\/notas\/wp-json\/wp\/v2\/types\/post"}],"author":[{"embeddable":true,"href":"https:\/\/www.elsindical.com.ar\/notas\/wp-json\/wp\/v2\/users\/1"}],"replies":[{"embeddable":true,"href":"https:\/\/www.elsindical.com.ar\/notas\/wp-json\/wp\/v2\/comments?post=131170"}],"version-history":[{"count":2,"href":"https:\/\/www.elsindical.com.ar\/notas\/wp-json\/wp\/v2\/posts\/131170\/revisions"}],"predecessor-version":[{"id":131173,"href":"https:\/\/www.elsindical.com.ar\/notas\/wp-json\/wp\/v2\/posts\/131170\/revisions\/131173"}],"wp:featuredmedia":[{"embeddable":true,"href":"https:\/\/www.elsindical.com.ar\/notas\/wp-json\/wp\/v2\/media\/131171"}],"wp:attachment":[{"href":"https:\/\/www.elsindical.com.ar\/notas\/wp-json\/wp\/v2\/media?parent=131170"}],"wp:term":[{"taxonomy":"category","embeddable":true,"href":"https:\/\/www.elsindical.com.ar\/notas\/wp-json\/wp\/v2\/categories?post=131170"},{"taxonomy":"post_tag","embeddable":true,"href":"https:\/\/www.elsindical.com.ar\/notas\/wp-json\/wp\/v2\/tags?post=131170"}],"curies":[{"name":"wp","href":"https:\/\/api.w.org\/{rel}","templated":true}]}}