{"id":131132,"date":"2024-06-14T01:20:16","date_gmt":"2024-06-14T04:20:16","guid":{"rendered":"https:\/\/www.elsindical.com.ar\/notas\/?p=131132"},"modified":"2024-06-14T01:20:21","modified_gmt":"2024-06-14T04:20:21","slug":"el-indec-arrojo-una-inflacion-del-42-para-mayo-y-fue-la-mas-baja-desde-enero-del-2022","status":"publish","type":"post","link":"https:\/\/www.elsindical.com.ar\/notas\/el-indec-arrojo-una-inflacion-del-42-para-mayo-y-fue-la-mas-baja-desde-enero-del-2022\/","title":{"rendered":"El INDEC arroj\u00f3 una inflaci\u00f3n del 4,2% para mayo y fue la m\u00e1s baja desde Enero del 2022"},"content":{"rendered":"<div class=\"wp-block-image\">\n<figure class=\"aligncenter size-full\"><a href=\"https:\/\/www.elsindical.com.ar\/notas\/var\/www\/html\/notas\/wp-content\/uploads\/2024\/06\/inflacion-de-mayo-2024.jpg\"><img loading=\"lazy\" decoding=\"async\" width=\"700\" height=\"403\" src=\"https:\/\/www.elsindical.com.ar\/notas\/var\/www\/html\/notas\/wp-content\/uploads\/2024\/06\/inflacion-de-mayo-2024.jpg\" alt=\"\" class=\"wp-image-131133\" srcset=\"https:\/\/www.elsindical.com.ar\/notas\/var\/www\/html\/notas\/wp-content\/uploads\/2024\/06\/inflacion-de-mayo-2024.jpg 700w, https:\/\/www.elsindical.com.ar\/notas\/var\/www\/html\/notas\/wp-content\/uploads\/2024\/06\/inflacion-de-mayo-2024-300x173.jpg 300w, https:\/\/www.elsindical.com.ar\/notas\/var\/www\/html\/notas\/wp-content\/uploads\/2024\/06\/inflacion-de-mayo-2024-500x288.jpg 500w, https:\/\/www.elsindical.com.ar\/notas\/var\/www\/html\/notas\/wp-content\/uploads\/2024\/06\/inflacion-de-mayo-2024-220x126.jpg 220w\" sizes=\"auto, (max-width: 700px) 100vw, 700px\" \/><\/a><\/figure>\n<\/div>\n\n\n<p>La variaci\u00f3n mas baja desde Enero 2022. En el a\u00f1o acumula 71,9%.<\/p>\n\n\n\n<p>El Nivel general del <strong>\u00cdndice de precios al consumidor registr\u00f3 un alza mensual de 4,2% en mayo de 2024<\/strong>, menos de la mitad del 8,8% que marc\u00f3 abril. La variaci\u00f3n m\u00e1s baja desde Enero 2022<\/p>\n\n\n\n<p>En lo que va del a\u00f1o acumula una variaci\u00f3n de 71,9%. En la comparaci\u00f3n interanual, el incremento alcanz\u00f3 el 276,4%.<\/p>\n\n\n\n<p>El Gobierno sigue consolidando la baja de la inflaci\u00f3n,<strong> aunque los pr\u00f3ximos meses las consultoras preveen un leve rebote por las tarifas.<\/strong><\/p>\n\n\n\n<p>A nivel de las categor\u00edas, Estacionales (7,2%) lider\u00f3 el incremento, seguida por Regulados con la ayuda de posponer tarifas (4,0%) y el IPC N\u00facleo (3,7%)<\/p>\n\n\n\n<p>La divisi\u00f3n de mayor aumento en el mes fue Comunicaci\u00f3n (8,2%), por las subas en los servicios de telefon\u00eda e internet. Le siguieron Educaci\u00f3n (7,6%), por incrementos en todos los niveles educativos, y Bebidas alcoh\u00f3licas y tabaco (6,7%) por la suba en los cigarrillos.<\/p>\n\n\n\n<p>La divisi\u00f3n con mayor incidencia en todas las regiones fue Alimentos y bebidas no alcoh\u00f3licas (4,8%), donde se destacaron los aumentos de Verduras, tub\u00e9rculos y legumbres; Leche, productos l\u00e1cteos y huevos; y Aceites, grasas y manteca.<\/p>\n\n\n\n<p>Las dos divisiones que registraron las menores variaciones en mayo fueron Salud (0,7%), por bajas en las cuotas de medicina prepaga, y Vivienda, agua, electricidad y otros combustibles (2,5%).<\/p>\n","protected":false},"excerpt":{"rendered":"<p>La variaci\u00f3n mas baja desde Enero 2022. En el a\u00f1o acumula 71,9%. El Nivel general del \u00cdndice de precios al consumidor registr\u00f3 un alza mensual de 4,2% en mayo de 2024, menos de la mitad del 8,8% que marc\u00f3 abril. La variaci\u00f3n m\u00e1s baja desde Enero 2022 En lo que va del a\u00f1o acumula una&hellip;<\/p>\n","protected":false},"author":1,"featured_media":131133,"comment_status":"open","ping_status":"open","sticky":false,"template":"","format":"standard","meta":{"footnotes":""},"categories":[9],"tags":[2450,22023,2200,25901],"class_list":["post-131132","post","type-post","status-publish","format-standard","has-post-thumbnail","hentry","category-economia","tag-diario-el-sindical","tag-economia","tag-indec","tag-ipc"],"_links":{"self":[{"href":"https:\/\/www.elsindical.com.ar\/notas\/wp-json\/wp\/v2\/posts\/131132","targetHints":{"allow":["GET"]}}],"collection":[{"href":"https:\/\/www.elsindical.com.ar\/notas\/wp-json\/wp\/v2\/posts"}],"about":[{"href":"https:\/\/www.elsindical.com.ar\/notas\/wp-json\/wp\/v2\/types\/post"}],"author":[{"embeddable":true,"href":"https:\/\/www.elsindical.com.ar\/notas\/wp-json\/wp\/v2\/users\/1"}],"replies":[{"embeddable":true,"href":"https:\/\/www.elsindical.com.ar\/notas\/wp-json\/wp\/v2\/comments?post=131132"}],"version-history":[{"count":1,"href":"https:\/\/www.elsindical.com.ar\/notas\/wp-json\/wp\/v2\/posts\/131132\/revisions"}],"predecessor-version":[{"id":131134,"href":"https:\/\/www.elsindical.com.ar\/notas\/wp-json\/wp\/v2\/posts\/131132\/revisions\/131134"}],"wp:featuredmedia":[{"embeddable":true,"href":"https:\/\/www.elsindical.com.ar\/notas\/wp-json\/wp\/v2\/media\/131133"}],"wp:attachment":[{"href":"https:\/\/www.elsindical.com.ar\/notas\/wp-json\/wp\/v2\/media?parent=131132"}],"wp:term":[{"taxonomy":"category","embeddable":true,"href":"https:\/\/www.elsindical.com.ar\/notas\/wp-json\/wp\/v2\/categories?post=131132"},{"taxonomy":"post_tag","embeddable":true,"href":"https:\/\/www.elsindical.com.ar\/notas\/wp-json\/wp\/v2\/tags?post=131132"}],"curies":[{"name":"wp","href":"https:\/\/api.w.org\/{rel}","templated":true}]}}