{"id":131127,"date":"2024-06-13T14:39:12","date_gmt":"2024-06-13T17:39:12","guid":{"rendered":"https:\/\/www.elsindical.com.ar\/notas\/?p=131127"},"modified":"2024-06-13T14:39:16","modified_gmt":"2024-06-13T17:39:16","slug":"decretaron-la-emergencia-ferroviaria-durante-24-meses","status":"publish","type":"post","link":"https:\/\/www.elsindical.com.ar\/notas\/decretaron-la-emergencia-ferroviaria-durante-24-meses\/","title":{"rendered":"Decretaron la emergencia ferroviaria durante 24 meses"},"content":{"rendered":"<div class=\"wp-block-image\">\n<figure class=\"aligncenter size-full\"><a href=\"https:\/\/www.elsindical.com.ar\/notas\/var\/www\/html\/notas\/wp-content\/uploads\/2024\/06\/siniestro-ferroviario.jpg\"><img loading=\"lazy\" decoding=\"async\" width=\"700\" height=\"465\" src=\"https:\/\/www.elsindical.com.ar\/notas\/var\/www\/html\/notas\/wp-content\/uploads\/2024\/06\/siniestro-ferroviario.jpg\" alt=\"\" class=\"wp-image-131128\" srcset=\"https:\/\/www.elsindical.com.ar\/notas\/var\/www\/html\/notas\/wp-content\/uploads\/2024\/06\/siniestro-ferroviario.jpg 700w, https:\/\/www.elsindical.com.ar\/notas\/var\/www\/html\/notas\/wp-content\/uploads\/2024\/06\/siniestro-ferroviario-300x199.jpg 300w, https:\/\/www.elsindical.com.ar\/notas\/var\/www\/html\/notas\/wp-content\/uploads\/2024\/06\/siniestro-ferroviario-452x300.jpg 452w\" sizes=\"auto, (max-width: 700px) 100vw, 700px\" \/><\/a><\/figure>\n<\/div>\n\n\n<p>Las empresas del sector tendr\u00e1n que presentar un plan de readecuaci\u00f3n y priorizaci\u00f3n de obras.<\/p>\n\n\n\n<p>El Gobierno <strong>decret\u00f3 hoy la emergencia p\u00fablica en materia ferroviaria por un per\u00edodo de 24 meses<\/strong>. En ese sentido, destacaron que la medida tiene como objetivo \u201cresguardar la seguridad operativa de la prestaci\u00f3n del servicio de transporte ferroviario de cargas y pasajeros\u201d.<\/p>\n\n\n\n<p>La medida, anunciada esta madrugada en el <strong>Decreto de Necesidad y Urgencia 524\/2024 a trav\u00e9s del Bolet\u00edn Oficial, <\/strong>abarca todas las actividades relacionadas con la administraci\u00f3n, mantenimiento y operaci\u00f3n de la infraestructura ferroviaria en la Red Ferroviaria Nacional.<\/p>\n\n\n\n<p>El documento establece que la emergencia incluye tanto los servicios prestados directamente por el Estado Nacional como aquellos gestionados por otras entidades. Adem\u00e1s, se\u00f1ala que en caso de ser necesario \u201cel Poder Ejecutivo Nacional o la autoridad de aplicaci\u00f3n designada <strong>podr\u00e1 prorrogar dicho plazo por \u00fanica vez por otro per\u00edodo <\/strong>de hasta 24 meses\u201d.<\/p>\n\n\n\n<p>De este modo, varias entidades del sector ferroviario <strong>deber\u00e1n presentar un plan de acci\u00f3n dentro de un plazo de 15 d\u00edas<\/strong>. Entre estas entidades se encuentran Ferrocarriles Argentinos Sociedad del Estado, la Administraci\u00f3n de Infraestructuras Ferroviarias Sociedad del Estado, la Operadora Ferroviaria Sociedad del Estado, Belgrano Cargas y Log\u00edstica Sociedad An\u00f3nima y Desarrollo del Capital Humano Ferroviario Sociedad An\u00f3nima con participaci\u00f3n estatal mayoritaria.<\/p>\n\n\n\n<p>Las empresas tendr\u00e1n que <strong>\u201celevar al Poder Ejecutivo Nacional una propuesta de medidas indispensables y urgentes\u201d <\/strong>para mejorar la seguridad operativa del servicio ferroviario. Las propuestas deben incluir \u201csolicitudes de readecuaci\u00f3n presupuestaria\u201d y un esquema de \u201cpriorizaci\u00f3n de obras, trabajos, capacitaciones y contrataciones\u201d.<\/p>\n\n\n\n<p>En tanto, las entidades deber\u00e1n detallar \u201cuna breve <strong>descripci\u00f3n de cada medida, el plazo de ejecuci\u00f3n, estimaciones presupuestarias, factibilidad de fuentes de financiamiento, condiciones de mantenimiento y seguridad<\/strong>\u201c. Adem\u00e1s, en caso de ser necesario deber\u00e1n contemplar \u201cadecuaciones de las condiciones laborales de los trabajadores mediante negociaciones con las representaciones sindicales correspondientes\u201d.<\/p>\n\n\n\n<p>La Administraci\u00f3n de Infraestructuras Ferroviarias Sociedad del Estado tiene un mandato espec\u00edfico en relaci\u00f3n con los servicios de transporte ferroviario de pasajeros de las l\u00edneas General Urquiza y Belgrano Norte. Para estas l\u00edneas, las empresas prestadoras deber\u00e1n presentar sus propuestas ante dicha administraci\u00f3n en un plazo de 10 d\u00edas desde la entrada en vigencia del decreto. <strong>La presentaci\u00f3n de estas propuestas \u201cimplica el voluntario sometimiento al r\u00e9gimen jur\u00eddico instituido\u201d por el decreto.<\/strong><\/p>\n\n\n\n<p>El Ejecutivo recalc\u00f3 la necesidad de que las medidas propuestas por las empresas del sector ferroviario \u201ccontribuyan significativamente a la mejora del sistema\u201d. En el DNU, destacaron que la evaluaci\u00f3n y aprobaci\u00f3n de estas propuestas se llevar\u00e1 a cabo \u201ccon la celeridad que la situaci\u00f3n amerita\u201d, con el objetivo de <strong>iniciar lo antes posible las obras y mejoras necesarias.<\/strong><\/p>\n","protected":false},"excerpt":{"rendered":"<p>Las empresas del sector tendr\u00e1n que presentar un plan de readecuaci\u00f3n y priorizaci\u00f3n de obras. El Gobierno decret\u00f3 hoy la emergencia p\u00fablica en materia ferroviaria por un per\u00edodo de 24 meses. En ese sentido, destacaron que la medida tiene como objetivo \u201cresguardar la seguridad operativa de la prestaci\u00f3n del servicio de transporte ferroviario de cargas&hellip;<\/p>\n","protected":false},"author":1,"featured_media":131128,"comment_status":"open","ping_status":"open","sticky":false,"template":"","format":"standard","meta":{"footnotes":""},"categories":[13],"tags":[1295,1523,2450,43116,761],"class_list":["post-131127","post","type-post","status-publish","format-standard","has-post-thumbnail","hentry","category-politica","tag-boletin-oficial","tag-decreto","tag-diario-el-sindical","tag-emergencia-ferroviaria","tag-gobierno-nacional"],"_links":{"self":[{"href":"https:\/\/www.elsindical.com.ar\/notas\/wp-json\/wp\/v2\/posts\/131127","targetHints":{"allow":["GET"]}}],"collection":[{"href":"https:\/\/www.elsindical.com.ar\/notas\/wp-json\/wp\/v2\/posts"}],"about":[{"href":"https:\/\/www.elsindical.com.ar\/notas\/wp-json\/wp\/v2\/types\/post"}],"author":[{"embeddable":true,"href":"https:\/\/www.elsindical.com.ar\/notas\/wp-json\/wp\/v2\/users\/1"}],"replies":[{"embeddable":true,"href":"https:\/\/www.elsindical.com.ar\/notas\/wp-json\/wp\/v2\/comments?post=131127"}],"version-history":[{"count":1,"href":"https:\/\/www.elsindical.com.ar\/notas\/wp-json\/wp\/v2\/posts\/131127\/revisions"}],"predecessor-version":[{"id":131129,"href":"https:\/\/www.elsindical.com.ar\/notas\/wp-json\/wp\/v2\/posts\/131127\/revisions\/131129"}],"wp:featuredmedia":[{"embeddable":true,"href":"https:\/\/www.elsindical.com.ar\/notas\/wp-json\/wp\/v2\/media\/131128"}],"wp:attachment":[{"href":"https:\/\/www.elsindical.com.ar\/notas\/wp-json\/wp\/v2\/media?parent=131127"}],"wp:term":[{"taxonomy":"category","embeddable":true,"href":"https:\/\/www.elsindical.com.ar\/notas\/wp-json\/wp\/v2\/categories?post=131127"},{"taxonomy":"post_tag","embeddable":true,"href":"https:\/\/www.elsindical.com.ar\/notas\/wp-json\/wp\/v2\/tags?post=131127"}],"curies":[{"name":"wp","href":"https:\/\/api.w.org\/{rel}","templated":true}]}}