{"id":131028,"date":"2024-06-08T12:24:31","date_gmt":"2024-06-08T15:24:31","guid":{"rendered":"https:\/\/www.elsindical.com.ar\/notas\/?p=131028"},"modified":"2024-06-08T12:45:22","modified_gmt":"2024-06-08T15:45:22","slug":"avellaneda-detuvieron-en-un-shopping-a-un-peligroso-barra-de-boca-juniors","status":"publish","type":"post","link":"https:\/\/www.elsindical.com.ar\/notas\/avellaneda-detuvieron-en-un-shopping-a-un-peligroso-barra-de-boca-juniors\/","title":{"rendered":"Avellaneda: Detuvieron en un shopping a un peligroso barra de Boca Juniors"},"content":{"rendered":"\n<figure class=\"wp-block-image size-large\"><a href=\"https:\/\/www.elsindical.com.ar\/notas\/var\/www\/html\/notas\/wp-content\/uploads\/2024\/06\/PFA-barra-de-Boca-detenido-en-Avellaneda-2.jpeg\"><img loading=\"lazy\" decoding=\"async\" width=\"1024\" height=\"768\" src=\"https:\/\/www.elsindical.com.ar\/notas\/var\/www\/html\/notas\/wp-content\/uploads\/2024\/06\/PFA-barra-de-Boca-detenido-en-Avellaneda-2-1024x768.jpeg\" alt=\"\" class=\"wp-image-131029\" srcset=\"https:\/\/www.elsindical.com.ar\/notas\/var\/www\/html\/notas\/wp-content\/uploads\/2024\/06\/PFA-barra-de-Boca-detenido-en-Avellaneda-2-1024x768.jpeg 1024w, https:\/\/www.elsindical.com.ar\/notas\/var\/www\/html\/notas\/wp-content\/uploads\/2024\/06\/PFA-barra-de-Boca-detenido-en-Avellaneda-2-300x225.jpeg 300w, https:\/\/www.elsindical.com.ar\/notas\/var\/www\/html\/notas\/wp-content\/uploads\/2024\/06\/PFA-barra-de-Boca-detenido-en-Avellaneda-2-768x576.jpeg 768w, https:\/\/www.elsindical.com.ar\/notas\/var\/www\/html\/notas\/wp-content\/uploads\/2024\/06\/PFA-barra-de-Boca-detenido-en-Avellaneda-2-400x300.jpeg 400w, https:\/\/www.elsindical.com.ar\/notas\/var\/www\/html\/notas\/wp-content\/uploads\/2024\/06\/PFA-barra-de-Boca-detenido-en-Avellaneda-2.jpeg 1280w\" sizes=\"auto, (max-width: 1024px) 100vw, 1024px\" \/><\/a><\/figure>\n\n\n\n<p>El hombre fue aprehendido en el patio de comidas de un centro comercial de Avellaneda. Estaba armado e intent\u00f3 escapar.<\/p>\n\n\n\n<p>Un miembro de la <strong>barra brava<\/strong> de <strong>Boca Juniors<\/strong>, cuyo nombre no trascendi\u00f3, fue aprehendido en la en la localidad bonaerense de Avellaneda por agentes de la Divisi\u00f3n de B\u00fasqueda de Pr\u00f3fugos. El peligroso sujeto era intensamente buscado y<strong> est\u00e1 acusado del delito de extorsi\u00f3n y amenazas coactivas calificadas por el uso de armas de fuego<\/strong>.<\/p>\n\n\n\n<p>Seg\u00fan la informaci\u00f3n brindada por la Polic\u00eda Federal, las investigaciones se iniciaron en mayo del corriente a\u00f1o, a ra\u00edz de una <strong>denuncia an\u00f3nima<\/strong> efectuada en la Divisi\u00f3n Denuncias Federales, mediante la cual se tom\u00f3 conocimiento de que el sospechoso se encontrar\u00eda residiendo en un domicilio ubicado sobre la calle Larroque al 1800 de la localidad de Dock Sud, provincia de Buenos Aires.<\/p>\n\n\n\n<p>Al mismo tiempo, se pudo verificar que el acusado, mediante intimidaciones y la utilizaci\u00f3n de armas de fuego, exig\u00eda a los encargados o due\u00f1os de obras en construcci\u00f3n,<strong> grandes sumas de dinero a cambio de brindarles \u201cseguridad\u201d<\/strong>, para no destruir, robar o incendiar las herramientas y maquinarias de dichas edificaciones.<\/p>\n\n\n\n<p>En el transcurso de la investigaci\u00f3n, tambi\u00e9n se pudo conocer que dichas amenazas, las llevar\u00eda a cabo en conjunto con sus c\u00f3mplices,<strong> todos con posibles conexiones con la barra brava del club Boca Juniors<\/strong>, los cuales se encontraban organizados en una banda de al menos seis integrantes.<\/p>\n\n\n\n<p>En el reporte policial se aporta c\u00f3mo era la mec\u00e1nica del il\u00edcito que llevaba a cabo el sujeto. La investigaci\u00f3n estableci\u00f3 que en muchas ocasiones los encargados de las obras terminaban cediendo a las mencionadas exigencias monetarias, <strong>efectuando el pago de las sumas requeridas<\/strong> mediante la cuenta de una importante red de pago virtual que hab\u00eda sido aportada por el acusado.<\/p>\n\n\n\n<p>Tras el an\u00e1lisis de esa billetera virtual ofrecida como m\u00e9todo de pago, se logr\u00f3 identificar al causante. Por esa raz\u00f3n, el Juzgado Nacional en lo Criminal y Correccional N\u00ba 3, a cargo de la Dra. Alejandra Mercedes Alliaud, Secretar\u00eda N\u00ba 110 a cargo de la Dra. Mar\u00eda Cecilia Perzan, ordenaron la captura del sospechoso.<\/p>\n\n\n\n<p>Consecuentemente, los efectivos emprendieron las tareas de campo pertinentes, efectuando distintos procedimientos en las inmediaciones del domicilio denunciado oportunamente, hasta que en un determinado momento, observaron que el sujeto sal\u00eda desde el interior de la vivienda con un veh\u00edculo particular, por lo que<strong> los uniformados iniciaron un discreto seguimiento hasta un conocido Shopping del barrio de Avellaneda<\/strong>.<\/p>\n\n\n\n<p>Al descender del autom\u00f3vil,<strong> el sujeto se dirigi\u00f3 al patio de comidas del centro comercial y es all\u00ed donde fue sorprendido por el personal<\/strong>. Sin embargo, al percatarse de la presencia policial, el delincuente lejos de entregarse,<strong> intent\u00f3 escapar y agredirlos usando un arma de fuego<\/strong>, aunque gracias al r\u00e1pido accionar de los agentes fue reducido sin mayores consecuencias.<\/p>\n\n\n\n<p>Asimismo, se procedi\u00f3 al secuestro de una pistola calibre 9 mil\u00edmetros con 16 cartuchos en su cargador y la numeraci\u00f3n limada. El detenido junto los elementos incautados, quedaron a disposici\u00f3n Magistrado Interventor por el delito de \u201cExtorsi\u00f3n\u201d.<\/p>\n\n\n\n<p><\/p>\n\n\n\n<figure class=\"wp-block-embed is-type-video is-provider-youtube wp-block-embed-youtube wp-embed-aspect-16-9 wp-has-aspect-ratio\"><div class=\"wp-block-embed__wrapper\">\n<iframe loading=\"lazy\" title=\"La PFA detuvo a un barra de Boca por extorsi\u00f3n\" width=\"700\" height=\"394\" src=\"https:\/\/www.youtube.com\/embed\/-TErO0Vgd2c?feature=oembed\" frameborder=\"0\" allow=\"accelerometer; autoplay; clipboard-write; encrypted-media; gyroscope; picture-in-picture; web-share\" referrerpolicy=\"strict-origin-when-cross-origin\" allowfullscreen><\/iframe>\n<\/div><\/figure>\n","protected":false},"excerpt":{"rendered":"<p>El hombre fue aprehendido en el patio de comidas de un centro comercial de Avellaneda. Estaba armado e intent\u00f3 escapar. Un miembro de la barra brava de Boca Juniors, cuyo nombre no trascendi\u00f3, fue aprehendido en la en la localidad bonaerense de Avellaneda por agentes de la Divisi\u00f3n de B\u00fasqueda de Pr\u00f3fugos. El peligroso sujeto&hellip;<\/p>\n","protected":false},"author":1,"featured_media":131029,"comment_status":"open","ping_status":"open","sticky":false,"template":"","format":"standard","meta":{"footnotes":""},"categories":[22],"tags":[461,15807,2358,2450,3028,698,1412],"class_list":["post-131028","post","type-post","status-publish","format-standard","has-post-thumbnail","hentry","category-policiales","tag-avellaneda","tag-barra-de-boca","tag-boca-juniors","tag-diario-el-sindical","tag-dock-sud","tag-pfa","tag-shopping"],"_links":{"self":[{"href":"https:\/\/www.elsindical.com.ar\/notas\/wp-json\/wp\/v2\/posts\/131028","targetHints":{"allow":["GET"]}}],"collection":[{"href":"https:\/\/www.elsindical.com.ar\/notas\/wp-json\/wp\/v2\/posts"}],"about":[{"href":"https:\/\/www.elsindical.com.ar\/notas\/wp-json\/wp\/v2\/types\/post"}],"author":[{"embeddable":true,"href":"https:\/\/www.elsindical.com.ar\/notas\/wp-json\/wp\/v2\/users\/1"}],"replies":[{"embeddable":true,"href":"https:\/\/www.elsindical.com.ar\/notas\/wp-json\/wp\/v2\/comments?post=131028"}],"version-history":[{"count":2,"href":"https:\/\/www.elsindical.com.ar\/notas\/wp-json\/wp\/v2\/posts\/131028\/revisions"}],"predecessor-version":[{"id":131031,"href":"https:\/\/www.elsindical.com.ar\/notas\/wp-json\/wp\/v2\/posts\/131028\/revisions\/131031"}],"wp:featuredmedia":[{"embeddable":true,"href":"https:\/\/www.elsindical.com.ar\/notas\/wp-json\/wp\/v2\/media\/131029"}],"wp:attachment":[{"href":"https:\/\/www.elsindical.com.ar\/notas\/wp-json\/wp\/v2\/media?parent=131028"}],"wp:term":[{"taxonomy":"category","embeddable":true,"href":"https:\/\/www.elsindical.com.ar\/notas\/wp-json\/wp\/v2\/categories?post=131028"},{"taxonomy":"post_tag","embeddable":true,"href":"https:\/\/www.elsindical.com.ar\/notas\/wp-json\/wp\/v2\/tags?post=131028"}],"curies":[{"name":"wp","href":"https:\/\/api.w.org\/{rel}","templated":true}]}}