{"id":1310,"date":"2009-10-26T17:28:58","date_gmt":"2009-10-26T20:28:58","guid":{"rendered":"http:\/\/www.elsindical.com.ar\/notas\/?p=1310"},"modified":"2009-10-26T17:28:58","modified_gmt":"2009-10-26T20:28:58","slug":"macri-postergo-para-manana-la-denuncia-contra-el-gobierno","status":"publish","type":"post","link":"https:\/\/www.elsindical.com.ar\/notas\/macri-postergo-para-manana-la-denuncia-contra-el-gobierno\/","title":{"rendered":"Macri posterg\u00f3 para ma\u00f1ana la denuncia contra el Gobierno"},"content":{"rendered":"<p style=\"text-align: justify;\"><em><img loading=\"lazy\" decoding=\"async\" class=\"alignleft size-full wp-image-1311\" title=\"Macri,-Montenegro,-Narodows\" src=\"http:\/\/www.elsindical.com.ar\/notas\/var\/www\/html\/notas\/wp-content\/uploads\/2009\/10\/Macri-Montenegro-Narodows.jpg\" alt=\"Macri,-Montenegro,-Narodows\" width=\"255\" height=\"175\" \/>El jefe comunal pas\u00f3 para ma\u00f1ana la denuncia penal por el presunto boicot contra la Polic\u00eda Metropolitana.<\/em><\/p>\n<div style=\"text-align: justify;\">\n<p>El jefe de Gobierno porte\u00f1o, Mauricio Macri, tiene previsto llevar a la Justicia el tema de las escuchas ilegales realizadas por el esp\u00eda Ciro James, ex polic\u00eda de la Federal. Su intenci\u00f3n es presentar una <strong>denuncia penal para que se investigue el supuesto \u00abboicot\u00bb del Gobierno Nacional a la Polic\u00eda Metropolitana .<\/strong><\/p>\n<p>Durante su defensa ante las acusaciones por la contrataci\u00f3n de James, Macri sali\u00f3 a acusar al Gobierno de ponerle palos en la rueda a la nueva Polic\u00eda Metropolitana. En esa misma oportunidad -el jueves pasado-, el jefe comunal anticip\u00f3 que har\u00eda una denuncia penal por el presunto boicot a la fuerza. Este tr\u00e1mite judicial se har\u00eda efectivo hoy mismo. \u00abEs un tema de un sector de la c\u00fapula de la Polic\u00eda Federal, de An\u00edbal Fern\u00e1ndez y el gobierno nacional. \u00bfSi est\u00e1 Kirchner detr\u00e1s de esto? Absolutamente\u00bb, respondi\u00f3 Macri.<\/p>\n<p>En declaraciones al canal Am\u00e9rica TV, el jefe de gobierno porte\u00f1o ratific\u00f3 que \u00abantes de que finalice noviembre\u00bb estar\u00e1n en la calle los \u00abprimeros efectivos\u00bb de la Polic\u00eda Metropolitana, que seg\u00fan explic\u00f3 tendr\u00e1n como objetivo \u00abtratar de ayudar\u00bb a los habitantes y a los agentes de la Federal.<\/p>\n<p>Macri se pregunt\u00f3 \u00abde qu\u00e9 le sirve\u00bb a su gobierno realizar escuchas telef\u00f3nicas en forma ilegal cuando est\u00e1 \u00abtratando de construir una nueva polic\u00eda con valores y entrenamiento\u00bb. El funcionario se mostr\u00f3 \u00abseguro\u00bb de que las denuncias formuladas contra Ciro James, un ex polic\u00eda que supuestamente realizaba tareas de espionaje desde el Ministerio de Educaci\u00f3n porte\u00f1o, tienen origen en que su figura surge como posible precandidato a la presidencia en 2011.<\/p>\n<p>Macri junto con las principales figuras de su gobierno sostienen que James fue \u00abinfiltrado\u00bb por la Polic\u00eda Federal con el objetivo de boicotear a la Polic\u00eda Metropolitana y a su administraci\u00f3n. \u00abNo estamos mintiendo. Nosotros decimos la verdad: Ciro James ingres\u00f3 hace un a\u00f1o y medio al Ministerio de Educaci\u00f3n porte\u00f1o ocultando ser polic\u00eda\u00bb, declar\u00f3 el titular de la cartera judicial, Guillermo Montenegro<\/p>\n<p>Por su parte, el jefe de Gabinete, An\u00edbal Fern\u00e1ndez, volvi\u00f3 hoy a fustigar al titular del Gobierno porte\u00f1o, Mauricio Macri, al se\u00f1alar que encabeza \u00abuna sarta de mentirosos\u00bb, y asegur\u00f3 que <strong>el caso del supuesto esp\u00eda Ciro James \u00abes la punta de un iceberg\u00bb que oculta \u00abmuch\u00edsimas cosas que van a tener que explicarse\u00bb.<\/strong><\/p>\n<p><strong>\u00abMacri se hace el tonto como perro que volte\u00f3 la olla y mira para otro lado<\/strong>, no habla del tema, y ninguno de sus ministros da explicaciones. El jefe de Gobierno de la Ciudad aut\u00f3noma deber\u00eda hacerse cargo de esta situaci\u00f3n y ponerse al frente de esta discusi\u00f3n, pero se esconde atr\u00e1s de los malvones\u00bb, fustig\u00f3 Fern\u00e1ndez.<\/p>\n<p>En declaraciones a radio Del Plata, el funcionario nacional insisti\u00f3 con que Macri \u00abtendr\u00eda que dejar esa conducta adolescente y hacerse cargo de las funciones que le fueron conferidas. Es habitual sostener que lo malo, lo sucio y lo feo que sucede en la administraci\u00f3n de la Ciudad Aut\u00f3noma no es su responsabilidad\u00bb.<\/p>\n<p>James est\u00e1 detenido, acusado de haber espiado a un familiar de una v\u00edctima del atentado contra la AMIA. La Justicia detect\u00f3 innumerables contactos telef\u00f3nicos entre el esp\u00eda y el primer jefe de la Metropolitana, el ex comisario federal Jorge Palacios, cuestionado por su actuaci\u00f3n en la investigaci\u00f3n del atentado contra la AMIA.<\/p>\n<p style=\"text-align: justify;\"><strong>Fuente: DyN<\/strong><\/p>\n<\/div>\n","protected":false},"excerpt":{"rendered":"<p>El jefe comunal pas\u00f3 para ma\u00f1ana la denuncia penal por el presunto boicot contra la Polic\u00eda Metropolitana. El jefe de Gobierno porte\u00f1o, Mauricio Macri, tiene previsto llevar a la Justicia el tema de las escuchas ilegales realizadas por el esp\u00eda Ciro James, ex polic\u00eda de la Federal. Su intenci\u00f3n es presentar una denuncia penal para&hellip;<\/p>\n","protected":false},"author":1,"featured_media":0,"comment_status":"open","ping_status":"open","sticky":false,"template":"","format":"standard","meta":{"footnotes":""},"categories":[13],"tags":[673,641,76],"class_list":["post-1310","post","type-post","status-publish","format-standard","hentry","category-politica","tag-guillermo-montenegro","tag-mariano-narodowski","tag-mauricio-macri"],"_links":{"self":[{"href":"https:\/\/www.elsindical.com.ar\/notas\/wp-json\/wp\/v2\/posts\/1310","targetHints":{"allow":["GET"]}}],"collection":[{"href":"https:\/\/www.elsindical.com.ar\/notas\/wp-json\/wp\/v2\/posts"}],"about":[{"href":"https:\/\/www.elsindical.com.ar\/notas\/wp-json\/wp\/v2\/types\/post"}],"author":[{"embeddable":true,"href":"https:\/\/www.elsindical.com.ar\/notas\/wp-json\/wp\/v2\/users\/1"}],"replies":[{"embeddable":true,"href":"https:\/\/www.elsindical.com.ar\/notas\/wp-json\/wp\/v2\/comments?post=1310"}],"version-history":[{"count":2,"href":"https:\/\/www.elsindical.com.ar\/notas\/wp-json\/wp\/v2\/posts\/1310\/revisions"}],"predecessor-version":[{"id":1313,"href":"https:\/\/www.elsindical.com.ar\/notas\/wp-json\/wp\/v2\/posts\/1310\/revisions\/1313"}],"wp:attachment":[{"href":"https:\/\/www.elsindical.com.ar\/notas\/wp-json\/wp\/v2\/media?parent=1310"}],"wp:term":[{"taxonomy":"category","embeddable":true,"href":"https:\/\/www.elsindical.com.ar\/notas\/wp-json\/wp\/v2\/categories?post=1310"},{"taxonomy":"post_tag","embeddable":true,"href":"https:\/\/www.elsindical.com.ar\/notas\/wp-json\/wp\/v2\/tags?post=1310"}],"curies":[{"name":"wp","href":"https:\/\/api.w.org\/{rel}","templated":true}]}}