{"id":130982,"date":"2024-06-06T12:43:39","date_gmt":"2024-06-06T15:43:39","guid":{"rendered":"https:\/\/www.elsindical.com.ar\/notas\/?p=130982"},"modified":"2024-06-06T12:43:46","modified_gmt":"2024-06-06T15:43:46","slug":"el-gobierno-elimino-el-mecanismo-para-garantizar-el-suministro-a-electrodependientes","status":"publish","type":"post","link":"https:\/\/www.elsindical.com.ar\/notas\/el-gobierno-elimino-el-mecanismo-para-garantizar-el-suministro-a-electrodependientes\/","title":{"rendered":"El Gobierno elimin\u00f3 el mecanismo para garantizar el suministro a electrodependientes"},"content":{"rendered":"<div class=\"wp-block-image\">\n<figure class=\"aligncenter size-large\"><a href=\"https:\/\/www.elsindical.com.ar\/notas\/var\/www\/html\/notas\/wp-content\/uploads\/2024\/04\/electrodependientes-1.jpg\"><img loading=\"lazy\" decoding=\"async\" width=\"1024\" height=\"576\" src=\"https:\/\/www.elsindical.com.ar\/notas\/var\/www\/html\/notas\/wp-content\/uploads\/2024\/04\/electrodependientes-1-1024x576.jpg\" alt=\"\" class=\"wp-image-130032\" srcset=\"https:\/\/www.elsindical.com.ar\/notas\/var\/www\/html\/notas\/wp-content\/uploads\/2024\/04\/electrodependientes-1-1024x576.jpg 1024w, https:\/\/www.elsindical.com.ar\/notas\/var\/www\/html\/notas\/wp-content\/uploads\/2024\/04\/electrodependientes-1-300x169.jpg 300w, https:\/\/www.elsindical.com.ar\/notas\/var\/www\/html\/notas\/wp-content\/uploads\/2024\/04\/electrodependientes-1-768x432.jpg 768w, https:\/\/www.elsindical.com.ar\/notas\/var\/www\/html\/notas\/wp-content\/uploads\/2024\/04\/electrodependientes-1-500x281.jpg 500w, https:\/\/www.elsindical.com.ar\/notas\/var\/www\/html\/notas\/wp-content\/uploads\/2024\/04\/electrodependientes-1-460x260.jpg 460w, https:\/\/www.elsindical.com.ar\/notas\/var\/www\/html\/notas\/wp-content\/uploads\/2024\/04\/electrodependientes-1.jpg 1200w\" sizes=\"auto, (max-width: 1024px) 100vw, 1024px\" \/><\/a><\/figure>\n<\/div>\n\n\n<p class=\"wp-block-paragraph\">El Ejecutivo otorg\u00f3 a las distribuidoras m\u00e1s tiempo para responder ante un eventual corte energ\u00eda y elimin\u00f3 el registro de estos hogares ante el ENRE.<\/p>\n\n\n\n<p class=\"wp-block-paragraph\">El gobierno de Javier Milei <strong>elimin\u00f3 el registro de electrodependientes <\/strong>que permit\u00eda que el Ente Nacional Regulador de la Electricidad (ENRE) agilizara los reclamos ante las distribuidoras el\u00e9ctricas para garantizar la r\u00e1pida realizaci\u00f3n de las obras necesarias y evitar el corte de suministro el\u00e9ctrico en hogares donde es vital para la salud de sus habitantes.<\/p>\n\n\n\n<p class=\"wp-block-paragraph\">As\u00ed qued\u00f3 plasmado en las <strong>Resoluciones 329\/2024 y 330\/2024 <\/strong>publicadas hoy en el Bolet\u00edn Oficial con la firma el interventor del ENRE, Dar\u00edo Oscar Arru\u00e9.<\/p>\n\n\n\n<p class=\"wp-block-paragraph\">En la primera de esas resoluciones el Gobierno dio <strong>m\u00e1s tiempo a las distribuidoras el\u00e9ctricas para responder ante la falta de suministro el\u00e9ctrico. <\/strong>Hasta hoy Edenor y Edesur ten\u00edas 48 horas para responder a una denuncia por falta de energ\u00eda en un hogar electrodependiente. Estas 48 horas eran contadas a partir del momento en que se realizaba la denuncia sin importar si se trataba de d\u00edas h\u00e1biles o inh\u00e1biles.<\/p>\n\n\n\n<p class=\"wp-block-paragraph\">Ahora el gobierno les otorg\u00f3 a las <strong>empresas distribuidoras hasta dos d\u00edas h\u00e1biles desde el momento en que se radic\u00f3 la denuncia<\/strong>. Es decir que un electrodependiente que se queda sin suministro el\u00e9ctrico un s\u00e1bado a la ma\u00f1ana por ejemplo, en uno de esos fines de semana extra largos de 4 d\u00edas por un feriado y un feriado puente, deber\u00eda esperar hasta el viernes siguiente para ver si le restituyen el servicio.<\/p>\n\n\n\n<p class=\"wp-block-paragraph\">En tanto, en la Resoluci\u00f3n 330\/2024 se dispuso la derogaci\u00f3n de las Resoluciones 97\/2021; 254\/ 2023 y 472\/2023 que <strong>garantizaban la visibilidad ante el ENRE de los hogares con electrodependientes y una r\u00e1pida respuesta de parte de las distribuidoras el\u00e9ctricas<\/strong> en caso de un corte en el suministro as\u00ed como prioridad para las obras necesarias que les permitan estar conectados a una fuente alternativa de energ\u00eda (FAE). <strong>Este registro no existe m\u00e1s<\/strong>.<\/p>\n\n\n\n<p class=\"wp-block-paragraph\">El gobierno aprob\u00f3 un nuevo procedimiento para la respuesta de estos casos aunque sin celeridad que requiere estas situaciones. De hecho, en el art\u00edculo 5 de la nueva medida se dispone la <strong>\u201caplicaci\u00f3n de sanciones por incumplimiento del plazo m\u00e1ximo de 30 d\u00edas h\u00e1biles fijado\u201d<\/strong> para que las distribuidoras el\u00e9ctrica adecuen y dispongan la conexi\u00f3n de la Fuente Alternativa de Energ\u00eda.<\/p>\n\n\n\n<p class=\"wp-block-paragraph\">Es decir que <strong>las distribuidoras tendr\u00e1n ahora hasta 30 d\u00edas para responder a los reclamos<\/strong>, pasados los cuales ser\u00e1n pasibles de ser sancionadas.<\/p>\n\n\n\n<p class=\"wp-block-paragraph\">La semana pasada la <strong>Asociaci\u00f3n Argentina de Electrodependientes (AAdED) hab\u00edan advertido que el gobierno estaba preparando el terreno para eliminar el registro<\/strong> de electrodependientes, cosa que se confirm\u00f3 este jueves.<\/p>\n\n\n\n<p class=\"wp-block-paragraph\">Mauro Stefanizzi, <strong>presidente de la AAdED, alert\u00f3 sobre el aumento de rechazos en las renovaciones<\/strong>, que se hacen cada dos a\u00f1os, del registro para electrodependientes.<\/p>\n\n\n\n<p class=\"wp-block-paragraph\">\u201cSe est\u00e1n <strong>rechazando a numerosos electrodependientes que utilizan respiradores (CPAP) con el argumento de que estos dispositivos \u2018poseen una bater\u00eda externa\u2019. <\/strong>Esto no solo contraviene la ley, sino que adem\u00e1s pone en peligro vidas, ya que frecuentemente esas bater\u00edas se encuentran completamente descargadas\u201d, alert\u00f3 Stefanizzi.<\/p>\n\n\n\n<p class=\"wp-block-paragraph\">Y sigui\u00f3: \u201cla ley no solo garantiza el derecho a disponer de una fuente alternativa de energ\u00eda en caso de cortes de luz, sino que tambi\u00e9n deben tener un tratamiento tarifario gratuito. Y si estas personas, aunque est\u00e9n conectadas durante 12 horas al d\u00eda, <strong>no pueden costear la factura debido a los aumentos tarifarios, tambi\u00e9n corren riesgos, ya que esto podr\u00eda traducirse en cortes de luz<\/strong>, explica. Esta condici\u00f3n ha generado inquietud en las familias, exacerbada por la falta de atenci\u00f3n presencial en el Ministerio de Salud. La denuncia de la asociaci\u00f3n sobre este tema no ha obtenido una respuesta satisfactoria\u201d.<\/p>\n\n\n\n<p class=\"wp-block-paragraph\">Stefanizzi alert\u00f3 adem\u00e1s sobre los <strong>fuertes aumentos en el servicio el\u00e9ctrico de hasta un 300% para aquellos que no est\u00e9n inscritos o no <\/strong>sean aceptados en el registro de electrodependientes.<\/p>\n","protected":false},"excerpt":{"rendered":"<p>El Ejecutivo otorg\u00f3 a las distribuidoras m\u00e1s tiempo para responder ante un eventual corte energ\u00eda y elimin\u00f3 el registro de estos hogares ante el ENRE. El gobierno de Javier Milei elimin\u00f3 el registro de electrodependientes que permit\u00eda que el Ente Nacional Regulador de la Electricidad (ENRE) agilizara los reclamos ante las distribuidoras el\u00e9ctricas para garantizar&hellip;<\/p>\n","protected":false},"author":1,"featured_media":130032,"comment_status":"open","ping_status":"open","sticky":false,"template":"","format":"standard","meta":{"footnotes":""},"categories":[13],"tags":[2450,29113,3764,29981,22031],"class_list":["post-130982","post","type-post","status-publish","format-standard","has-post-thumbnail","hentry","category-politica","tag-diario-el-sindical","tag-electrodependiente","tag-enre","tag-gobienro-nacional","tag-salud"],"_links":{"self":[{"href":"https:\/\/www.elsindical.com.ar\/notas\/wp-json\/wp\/v2\/posts\/130982","targetHints":{"allow":["GET"]}}],"collection":[{"href":"https:\/\/www.elsindical.com.ar\/notas\/wp-json\/wp\/v2\/posts"}],"about":[{"href":"https:\/\/www.elsindical.com.ar\/notas\/wp-json\/wp\/v2\/types\/post"}],"author":[{"embeddable":true,"href":"https:\/\/www.elsindical.com.ar\/notas\/wp-json\/wp\/v2\/users\/1"}],"replies":[{"embeddable":true,"href":"https:\/\/www.elsindical.com.ar\/notas\/wp-json\/wp\/v2\/comments?post=130982"}],"version-history":[{"count":1,"href":"https:\/\/www.elsindical.com.ar\/notas\/wp-json\/wp\/v2\/posts\/130982\/revisions"}],"predecessor-version":[{"id":130983,"href":"https:\/\/www.elsindical.com.ar\/notas\/wp-json\/wp\/v2\/posts\/130982\/revisions\/130983"}],"wp:featuredmedia":[{"embeddable":true,"href":"https:\/\/www.elsindical.com.ar\/notas\/wp-json\/wp\/v2\/media\/130032"}],"wp:attachment":[{"href":"https:\/\/www.elsindical.com.ar\/notas\/wp-json\/wp\/v2\/media?parent=130982"}],"wp:term":[{"taxonomy":"category","embeddable":true,"href":"https:\/\/www.elsindical.com.ar\/notas\/wp-json\/wp\/v2\/categories?post=130982"},{"taxonomy":"post_tag","embeddable":true,"href":"https:\/\/www.elsindical.com.ar\/notas\/wp-json\/wp\/v2\/tags?post=130982"}],"curies":[{"name":"wp","href":"https:\/\/api.w.org\/{rel}","templated":true}]}}