{"id":130912,"date":"2024-06-02T20:34:58","date_gmt":"2024-06-02T23:34:58","guid":{"rendered":"https:\/\/www.elsindical.com.ar\/notas\/?p=130912"},"modified":"2024-06-02T20:35:03","modified_gmt":"2024-06-02T23:35:03","slug":"sturzenegger-diseno-un-nuevo-sistema-de-compra-de-alimentos-tras-el-escandalo-en-capital-humano","status":"publish","type":"post","link":"https:\/\/www.elsindical.com.ar\/notas\/sturzenegger-diseno-un-nuevo-sistema-de-compra-de-alimentos-tras-el-escandalo-en-capital-humano\/","title":{"rendered":"Sturzenegger dise\u00f1\u00f3 un nuevo sistema de compra de alimentos, tras el esc\u00e1ndalo en Capital Humano"},"content":{"rendered":"<div class=\"wp-block-image\">\n<figure class=\"aligncenter size-full is-resized\"><a href=\"https:\/\/www.elsindical.com.ar\/notas\/var\/www\/html\/notas\/wp-content\/uploads\/2024\/06\/Sturzenegger-2024.jpg\"><img loading=\"lazy\" decoding=\"async\" width=\"700\" height=\"401\" src=\"https:\/\/www.elsindical.com.ar\/notas\/var\/www\/html\/notas\/wp-content\/uploads\/2024\/06\/Sturzenegger-2024.jpg\" alt=\"\" class=\"wp-image-130913\" style=\"width:834px;height:auto\" srcset=\"https:\/\/www.elsindical.com.ar\/notas\/var\/www\/html\/notas\/wp-content\/uploads\/2024\/06\/Sturzenegger-2024.jpg 700w, https:\/\/www.elsindical.com.ar\/notas\/var\/www\/html\/notas\/wp-content\/uploads\/2024\/06\/Sturzenegger-2024-300x172.jpg 300w, https:\/\/www.elsindical.com.ar\/notas\/var\/www\/html\/notas\/wp-content\/uploads\/2024\/06\/Sturzenegger-2024-500x286.jpg 500w, https:\/\/www.elsindical.com.ar\/notas\/var\/www\/html\/notas\/wp-content\/uploads\/2024\/06\/Sturzenegger-2024-220x126.jpg 220w\" sizes=\"auto, (max-width: 700px) 100vw, 700px\" \/><\/a><\/figure>\n<\/div>\n\n\n<p>El asesor presidencial y posible futuro integrante del Gabinete present\u00f3 un esquema de contratos contingentes con el sector privado en reemplazo del acopio de parte del Estado. Mientras el Gobierno despega a Pettovello de las denuncias por no entregar alimentos destinados a comedores. La Justicia allana los galpones de Buenos Aires y Tucum\u00e1n.<\/p>\n\n\n\n<p>Mientras siguen los coletazos en el Gobierno nacional por las denuncias contra el Ministerio de Capital Humano por no hacer entrega de alimentos almacenados a comedores, el asesor presidencial Federico Sturzenegger anunci\u00f3 \u00abun sistema alternativo\u00bb que involucra al sector privado y relega el rol del Estado en la compra de alimentos en contextos de emergencia.<\/p>\n\n\n\n<p>Este domingo, el economista -que seg\u00fan se anunci\u00f3 se incorporar\u00eda en breve al Gabinete- public\u00f3 en su cuenta de X una serie de mensajes en los que detalla el mecanismo que dise\u00f1\u00f3 \u00aba pedido del presidente Javier Milei y la ministra Sandra Pettovello\u00bb, con el que busca \u00abmodernizar\u00bb la ayuda que el gobierno brinda en situaciones de emergencia, que hace actualmente de forma \u201cineficiente y cara\u201d, seg\u00fan manifest\u00f3.<\/p>\n\n\n\n<p>En este nuevo sistema de acopio previo por seguros, seg\u00fan detall\u00f3 Sturzenegger, \u00abno se compran los bienes, sino que compra una &#8216;opci\u00f3n de compra&#8217; de esos bienes\u201d y realiz\u00f3 una comparaci\u00f3n con el sistema financiero: \u00abEn jerga financiera es un call\u00bb.<\/p>\n\n\n\n<p>En esa l\u00ednea, el asesor explic\u00f3: \u201cEs una idea muy sencilla: el Gobierno compra un seguro de entrega inmediata en la emergencia. El sector privado usa toda su log\u00edstica y capacidad de almacenamiento para proveer este stock\u201d<\/p>\n\n\n\n<p>\u00abY como ese stock rota, los productos estar\u00e1n siempre disponibles sin que el Estado tenga que tener inventarios o tener un solo dep\u00f3sito\u00bb, continu\u00f3 Sturzenegger, que suena para ocupar un cargo oficial dentro del Gabinete de Milei.<\/p>\n\n\n\n<figure class=\"wp-block-embed is-type-rich is-provider-twitter wp-block-embed-twitter\"><div class=\"wp-block-embed__wrapper\">\n<blockquote class=\"twitter-tweet\" data-width=\"550\" data-dnt=\"true\"><p lang=\"es\" dir=\"ltr\">El gobierno provee ayuda en situaciones de emergencia. Pero lo hace mediante un sistema de acopio ineficiente y caro. \u00bfExiste un mejor sistema p\/lograr el mismo objetivo? A pedido del presidente <a href=\"https:\/\/twitter.com\/JMilei?ref_src=twsrc%5Etfw\">@JMilei<\/a> y la Ministra Sandra Pettovello dise\u00f1amos un sistema alternativo. Abro hilo<\/p>&mdash; Fede Sturzenegger (@fedesturze) <a href=\"https:\/\/twitter.com\/fedesturze\/status\/1797338068594065679?ref_src=twsrc%5Etfw\">June 2, 2024<\/a><\/blockquote><script async src=\"https:\/\/platform.twitter.com\/widgets.js\" charset=\"utf-8\"><\/script>\n<\/div><figcaption class=\"wp-element-caption\">Para facilitar su comprensi\u00f3n, Sturzenegger compar\u00f3 el sistema que dise\u00f1\u00f3 para proveer alimentos en contextos de emergencia con la adquisici\u00f3n de repuestos para un auto o contratar un seguro.<br><br>\u00abQue el Estado maneje el stock es como si yo en vez de comprar un seguro de mi auto decidiera tener en mi casa los repuestos por si tengo un accidente. Mucho m\u00e1s eficiente es tener un seguro que me provea esos repuestos cuando lo necesito\u00bb, equipar\u00f3 para argumentar los beneficios de la propuesta que le llev\u00f3 al Presidente y a la ministra.<\/figcaption><\/figure>\n\n\n\n<p>\u00abSi los tengo en casa necesito un lugar, los tengo que traer, se me pueden da\u00f1ar, me los pueden robar, y si tienen fecha de vencimiento se me pueden vencer\u00bb, continu\u00f3 con el ejemplo de los repuestos de un veh\u00edculo.<\/p>\n\n\n\n<p>\u00abUna cosa es proveer ayuda a los m\u00e1s vulnerables y otra es usar esa ayuda para sostener una red de negocios privados\u00bb, complet\u00f3 Sturzenegger a modo de cr\u00edtica del mecanismo que actualmente rige en la gesti\u00f3n de gobierno nacional.<\/p>\n\n\n\n<p>Este anuncio se da en plena reestructuraci\u00f3n de la administraci\u00f3n libertaria motorizada por Javier Milei, tras el recambio en la jefatura de Gabinete, que provoc\u00f3 la salida de Nicol\u00e1s Posse. En ese sentido, el presidente hizo expl\u00edcito su deseo de incorporar a Federico Sturzenegger en un ministerio que se presume estar\u00eda orientado a tareas de desregulaci\u00f3n econ\u00f3mica.<\/p>\n","protected":false},"excerpt":{"rendered":"<p>El asesor presidencial y posible futuro integrante del Gabinete present\u00f3 un esquema de contratos contingentes con el sector privado en reemplazo del acopio de parte del Estado. Mientras el Gobierno despega a Pettovello de las denuncias por no entregar alimentos destinados a comedores. La Justicia allana los galpones de Buenos Aires y Tucum\u00e1n. Mientras siguen&hellip;<\/p>\n","protected":false},"author":1,"featured_media":130913,"comment_status":"open","ping_status":"open","sticky":false,"template":"","format":"standard","meta":{"footnotes":""},"categories":[13],"tags":[1118,2450,24384,28812,42202,22025,41810],"class_list":["post-130912","post","type-post","status-publish","format-standard","has-post-thumbnail","hentry","category-politica","tag-alimentos","tag-diario-el-sindical","tag-dr-adolfo-federico-sturzenegger","tag-javier-milei","tag-ministerio-de-capital-humano","tag-politica","tag-sandra-pettovello"],"_links":{"self":[{"href":"https:\/\/www.elsindical.com.ar\/notas\/wp-json\/wp\/v2\/posts\/130912","targetHints":{"allow":["GET"]}}],"collection":[{"href":"https:\/\/www.elsindical.com.ar\/notas\/wp-json\/wp\/v2\/posts"}],"about":[{"href":"https:\/\/www.elsindical.com.ar\/notas\/wp-json\/wp\/v2\/types\/post"}],"author":[{"embeddable":true,"href":"https:\/\/www.elsindical.com.ar\/notas\/wp-json\/wp\/v2\/users\/1"}],"replies":[{"embeddable":true,"href":"https:\/\/www.elsindical.com.ar\/notas\/wp-json\/wp\/v2\/comments?post=130912"}],"version-history":[{"count":1,"href":"https:\/\/www.elsindical.com.ar\/notas\/wp-json\/wp\/v2\/posts\/130912\/revisions"}],"predecessor-version":[{"id":130914,"href":"https:\/\/www.elsindical.com.ar\/notas\/wp-json\/wp\/v2\/posts\/130912\/revisions\/130914"}],"wp:featuredmedia":[{"embeddable":true,"href":"https:\/\/www.elsindical.com.ar\/notas\/wp-json\/wp\/v2\/media\/130913"}],"wp:attachment":[{"href":"https:\/\/www.elsindical.com.ar\/notas\/wp-json\/wp\/v2\/media?parent=130912"}],"wp:term":[{"taxonomy":"category","embeddable":true,"href":"https:\/\/www.elsindical.com.ar\/notas\/wp-json\/wp\/v2\/categories?post=130912"},{"taxonomy":"post_tag","embeddable":true,"href":"https:\/\/www.elsindical.com.ar\/notas\/wp-json\/wp\/v2\/tags?post=130912"}],"curies":[{"name":"wp","href":"https:\/\/api.w.org\/{rel}","templated":true}]}}