{"id":130864,"date":"2024-05-30T12:37:45","date_gmt":"2024-05-30T15:37:45","guid":{"rendered":"https:\/\/www.elsindical.com.ar\/notas\/?p=130864"},"modified":"2024-05-30T12:37:50","modified_gmt":"2024-05-30T15:37:50","slug":"miles-de-personas-protestaron-frente-a-la-quinta-de-olivos-contra-los-recortes-en-discapacidad","status":"publish","type":"post","link":"https:\/\/www.elsindical.com.ar\/notas\/miles-de-personas-protestaron-frente-a-la-quinta-de-olivos-contra-los-recortes-en-discapacidad\/","title":{"rendered":"Miles de personas protestaron frente a la Quinta de Olivos contra los recortes en discapacidad"},"content":{"rendered":"<div class=\"wp-block-image\">\n<figure class=\"aligncenter size-full is-resized\"><a href=\"https:\/\/www.elsindical.com.ar\/notas\/var\/www\/html\/notas\/wp-content\/uploads\/2024\/05\/protesta-Quinta-de-Olivos.jpg\"><img loading=\"lazy\" decoding=\"async\" width=\"610\" height=\"343\" src=\"https:\/\/www.elsindical.com.ar\/notas\/var\/www\/html\/notas\/wp-content\/uploads\/2024\/05\/protesta-Quinta-de-Olivos.jpg\" alt=\"\" class=\"wp-image-130865\" style=\"width:826px;height:auto\" srcset=\"https:\/\/www.elsindical.com.ar\/notas\/var\/www\/html\/notas\/wp-content\/uploads\/2024\/05\/protesta-Quinta-de-Olivos.jpg 610w, https:\/\/www.elsindical.com.ar\/notas\/var\/www\/html\/notas\/wp-content\/uploads\/2024\/05\/protesta-Quinta-de-Olivos-300x169.jpg 300w, https:\/\/www.elsindical.com.ar\/notas\/var\/www\/html\/notas\/wp-content\/uploads\/2024\/05\/protesta-Quinta-de-Olivos-500x281.jpg 500w, https:\/\/www.elsindical.com.ar\/notas\/var\/www\/html\/notas\/wp-content\/uploads\/2024\/05\/protesta-Quinta-de-Olivos-460x260.jpg 460w\" sizes=\"auto, (max-width: 610px) 100vw, 610px\" \/><\/a><\/figure>\n<\/div>\n\n\n<p>Buscan impedir la promulgaci\u00f3n de un decreto presidencial que las prestaciones para las personas con discapacidad se fijen de forma libre por cada prestador.<\/p>\n\n\n\n<p>Organizaciones nucleadas en el <strong>Foro Permanente para la Promoci\u00f3n y la Defensa de los Derechos de las Personas con Discapacidad <\/strong>se movilizaron en distintos puntos del pa\u00eds para rechazar los ajustes en el sector y la posible desregulaci\u00f3n del Sistema \u00danico de Prestaciones B\u00e1sicas. El principal punto de concentraci\u00f3n fue frente a la Residencia de Olivos, en el partido bonaerense de Vicente L\u00f3pez.<\/p>\n\n\n\n<p>Rechazan un proyecto de decreto presidencial que apunta a la desregulaci\u00f3n de las prestaciones por discapacidad, una medida que, de concretarse, implicar\u00eda \u201cla ruptura de un logro fundamental, que es que las <strong>personas con discapacidad sean atendidas en los servicios categorizados por el Estado o por profesionales sin importar su situaci\u00f3n econ\u00f3mica, mientras tengan una obra social<\/strong>, sean de PAMI o cuenten con una pensi\u00f3n o prepaga\u201d.<\/p>\n\n\n\n<p>Gabriela, directora de la escuela de discapacidad Pablo Picasso, explic\u00f3 que \u201c<strong>desregular el sistema va a ser que se pierda la igualdad que tienen hasta ahora ten\u00edan los chicos<\/strong>. M\u00e1s all\u00e1 de la cobertura que tuvieras, privada o p\u00fablica, todos ten\u00edan el derecho a la misma prestaci\u00f3n. Si se lleva a cabo la desregulaci\u00f3n va a cambiar, va a haber un servicio para pobres y otro para ricos.\u201d<\/p>\n\n\n\n<p>Por su parte, Mariana Paola, una de las manifestantes y madre de hijo con discapacidad, dijo entre l\u00e1grimas: \u201ccomo mam\u00e1 de un persona con discapacidad <strong>es muy angustiante esta situaci\u00f3n.<\/strong> Mi hijo ha progresado gracias a todas las personas que est\u00e1n ac\u00e1. Tengo miedo por el futuro de mi hijo\u201d.<\/p>\n\n\n\n<p>Luego se dirigi\u00f3 al presidente Javier Milei: \u201cLe pregunto se\u00f1or presidente como mam\u00e1 que va a ser de mi hijo si ustedes lleva a adelante esto. <strong>Nosotros no somos la casta, somos personas que amamos a nuestros hijos <\/strong>y defendemos nuestros derechos.<\/p>\n\n\n\n<p>Otra de las manifestantes, Cintia, una trabajadora del sector cont\u00f3: \u201cTrabajo en discapacidad hace muchos a\u00f1os, para un equipo integrador. <strong>Vine por las personas con discapacidad. Por favor deroguen este decreto. Queremos pedir por los derechos de los discapacitados<\/strong>. Queremos que los aranceles sean justos y regulados para todos. Queremos que se respeten los derechos para ellos y trabajo para nosotros, los discapacitados\u201d.<\/p>\n\n\n\n<p>En otras <strong>diez ciudades, tambi\u00e9n se dieron movilizaciones<\/strong>. En Rosario, Santa Fe, San Miguel de Tucum\u00e1n, C\u00f3rdoba, Villa Mar\u00eda, Alta Gracia, R\u00edo Cuarto, Mendoza, San Juan y Salta manifestaron bajo la consigna \u201cBasta de ajuste en discapacidad\u201d.<\/p>\n\n\n\n<p>Adem\u00e1s, trav\u00e9s de la <a href=\"https:\/\/www.change.org\/NoDesregulenElNomenclador\">plataforma de Change.org<\/a>, lanzaron una campa\u00f1a de recolecci\u00f3n de firmas que ya lleva reunidas m\u00e1s de 33.000 adhesiones, en rechazo a la posible desregulaci\u00f3n del sistema de prestaciones.<\/p>\n\n\n\n<p>El Foro Permanente para la Promoci\u00f3n y la Defensa de los Derechos de las Personas con Discapacidad, advirti\u00f3 a trav\u00e9s de un comunicado de prensa que, de concretarse la pretendida desregulaci\u00f3n de las prestaciones por parte del Gobierno, \u201cse agravar\u00e1 la ya importante crisis econ\u00f3mica de los prestadores categorizados que tienen que cumplir con una serie de exigencias impuestas por el Estado, ya que <strong>da lugar a que cada organismo financiador establezca el arancel que le parezca o convenga\u201d.<\/strong><\/p>\n\n\n\n<p>\u201cEl 10 de mayo se dio a conocer un proyecto de decreto presidencial que establece que los organismos p\u00fablicos financiadores de <strong>las prestaciones para las personas con discapacidad establecidas por la Ley 24.901 se fijar\u00e1n de forma independiente a los valores arancelarios <\/strong>de las prestaciones (y no vinculante entre ellos) incorporadas o a incorporar en el nomenclador de prestaciones b\u00e1sicas\u201d, se\u00f1alaron.<\/p>\n\n\n\n<p>Y a\u00f1adieron: \u201cActualmente no se ha podido establecer un mayor aumento, que <strong>est\u00e1 atrasado en un 100% para el transporte y en un 45% para el resto de las prestaciones, por la presi\u00f3n de uno de los organismos financiadores. <\/strong>Dicha situaci\u00f3n ha llevado a un desfinanciamiento y endeudamiento de los prestadores, que est\u00e1n al borde del colapso. Esto marca lo que puede pasar en el corto plazo si se publica dicho decreto\u201d<\/p>\n","protected":false},"excerpt":{"rendered":"<p>Buscan impedir la promulgaci\u00f3n de un decreto presidencial que las prestaciones para las personas con discapacidad se fijen de forma libre por cada prestador. Organizaciones nucleadas en el Foro Permanente para la Promoci\u00f3n y la Defensa de los Derechos de las Personas con Discapacidad se movilizaron en distintos puntos del pa\u00eds para rechazar los ajustes&hellip;<\/p>\n","protected":false},"author":1,"featured_media":130865,"comment_status":"open","ping_status":"open","sticky":false,"template":"","format":"standard","meta":{"footnotes":""},"categories":[25],"tags":[42450,2450,43041,28812,43040,43042],"class_list":["post-130864","post","type-post","status-publish","format-standard","has-post-thumbnail","hentry","category-sociedad","tag-decreto-presidencia","tag-diario-el-sindical","tag-foro-permanente-para-la-promocion-y-la-defensa-de-los-derechos-de-las-personas-con-discapacidad","tag-javier-milei","tag-protesta-quinta-de-olivos","tag-recortes-en-discapacidad"],"_links":{"self":[{"href":"https:\/\/www.elsindical.com.ar\/notas\/wp-json\/wp\/v2\/posts\/130864","targetHints":{"allow":["GET"]}}],"collection":[{"href":"https:\/\/www.elsindical.com.ar\/notas\/wp-json\/wp\/v2\/posts"}],"about":[{"href":"https:\/\/www.elsindical.com.ar\/notas\/wp-json\/wp\/v2\/types\/post"}],"author":[{"embeddable":true,"href":"https:\/\/www.elsindical.com.ar\/notas\/wp-json\/wp\/v2\/users\/1"}],"replies":[{"embeddable":true,"href":"https:\/\/www.elsindical.com.ar\/notas\/wp-json\/wp\/v2\/comments?post=130864"}],"version-history":[{"count":1,"href":"https:\/\/www.elsindical.com.ar\/notas\/wp-json\/wp\/v2\/posts\/130864\/revisions"}],"predecessor-version":[{"id":130866,"href":"https:\/\/www.elsindical.com.ar\/notas\/wp-json\/wp\/v2\/posts\/130864\/revisions\/130866"}],"wp:featuredmedia":[{"embeddable":true,"href":"https:\/\/www.elsindical.com.ar\/notas\/wp-json\/wp\/v2\/media\/130865"}],"wp:attachment":[{"href":"https:\/\/www.elsindical.com.ar\/notas\/wp-json\/wp\/v2\/media?parent=130864"}],"wp:term":[{"taxonomy":"category","embeddable":true,"href":"https:\/\/www.elsindical.com.ar\/notas\/wp-json\/wp\/v2\/categories?post=130864"},{"taxonomy":"post_tag","embeddable":true,"href":"https:\/\/www.elsindical.com.ar\/notas\/wp-json\/wp\/v2\/tags?post=130864"}],"curies":[{"name":"wp","href":"https:\/\/api.w.org\/{rel}","templated":true}]}}