{"id":130862,"date":"2024-05-30T07:18:38","date_gmt":"2024-05-30T10:18:38","guid":{"rendered":"https:\/\/www.elsindical.com.ar\/notas\/?p=130862"},"modified":"2024-05-30T07:18:43","modified_gmt":"2024-05-30T10:18:43","slug":"el-mensaje-de-cristina-en-medio-de-la-crisis-por-el-gas","status":"publish","type":"post","link":"https:\/\/www.elsindical.com.ar\/notas\/el-mensaje-de-cristina-en-medio-de-la-crisis-por-el-gas\/","title":{"rendered":"El mensaje de Cristina en medio de la crisis por el gas"},"content":{"rendered":"\n<figure class=\"wp-block-image size-full\"><a href=\"https:\/\/www.elsindical.com.ar\/notas\/var\/www\/html\/notas\/wp-content\/uploads\/2023\/09\/Cristina-Kirchner-senas.jpg\"><img loading=\"lazy\" decoding=\"async\" width=\"850\" height=\"438\" src=\"https:\/\/www.elsindical.com.ar\/notas\/var\/www\/html\/notas\/wp-content\/uploads\/2023\/09\/Cristina-Kirchner-senas.jpg\" alt=\"\" class=\"wp-image-125289\" srcset=\"https:\/\/www.elsindical.com.ar\/notas\/var\/www\/html\/notas\/wp-content\/uploads\/2023\/09\/Cristina-Kirchner-senas.jpg 850w, https:\/\/www.elsindical.com.ar\/notas\/var\/www\/html\/notas\/wp-content\/uploads\/2023\/09\/Cristina-Kirchner-senas-300x155.jpg 300w, https:\/\/www.elsindical.com.ar\/notas\/var\/www\/html\/notas\/wp-content\/uploads\/2023\/09\/Cristina-Kirchner-senas-768x396.jpg 768w, https:\/\/www.elsindical.com.ar\/notas\/var\/www\/html\/notas\/wp-content\/uploads\/2023\/09\/Cristina-Kirchner-senas-500x258.jpg 500w\" sizes=\"auto, (max-width: 850px) 100vw, 850px\" \/><\/a><\/figure>\n\n\n\n<p>\u00abAl problema de funcionarios que no funcionan (porque no saben o no entienden) se le ha sumado uno infinitamente m\u00e1s grave: el de las ideas que no funcionan\u00bb, asegur\u00f3 la ex presidenta Cristina Fern\u00e1ndez.<\/p>\n\n\n\n<p><strong>La ex presidenta Cristina Fern\u00e1ndez de Kirchner advirti\u00f3 sobre un el \u201ccombo\u201d letal en materia de gesti\u00f3n estatal que viene de la mano con el gobierno de Javier Milei, en medio del desabastecimiento de gas.<\/strong><\/p>\n\n\n\n<p>\u201cCon super\u00e1vit dibujado (en mi barrio le dicen trucho) y sin gas en el ca\u00f1o. \u00a0Durante el gobierno del Frente de Todos, en autocr\u00edtica online, mencion\u00e9 como un problema el de los funcionarios que no funcionaban. <strong>Con el actual gobierno, al problema de funcionarios que tampoco funcionan (porque no saben o no entienden) se le ha sumado uno infinitamente m\u00e1s grave: el de las ideas que no funcionan, combo letal en materia de gesti\u00f3n estatal<\/strong>\u201c, reflexion\u00f3.<\/p>\n\n\n\n<p>A trav\u00e9s de redes sociales, la ex presidenta aclar\u00f3: <strong>\u201cLa idea de \u00a1super\u00e1vit fiscal o muerte!, como todo dogma (excepto los de la f\u00e9), est\u00e1 destinado al fracaso\u201d.<\/strong><\/p>\n\n\n\n<p>\u201cLa paralizaci\u00f3n de obras absolutamente complementarias pero imprescindibles (l\u00e9ase compresores) al gasoducto N\u00e9stor Kirchner (aut\u00e9ntica obra p\u00fablica estructural) bajo el slogan para redes de \u00b4no hay plata\u00b4, revelan la falta de conocimiento o la confusi\u00f3n que hay en torno al concepto de gasto p\u00fablico, sobre todo cuando ese gasto es en realidad una inversi\u00f3n porque permite que el Estado evite gastos mayores posteriores\u201d, sostuvo.<\/p>\n\n\n\n<p>Y apunt\u00f3: \u201cPruebas al canto sobre funcionarios e ideas que no funcionan. <strong>Por no girar fondos a las contratistas que estaban ejecutando las obras de los compresores por alrededor de 40 millones de d\u00f3lares, tuvieron que contratar buques por montos muy superiores<\/strong>\u201c. \u201cHasta ac\u00e1 la idea no funcion\u00f3, pero adem\u00e1s, cuando calcularon los buques que ten\u00edan que comprar, los funcionarios calcularon mal o no tuvieron previsi\u00f3n\u201d, agreg\u00f3.<\/p>\n\n\n\n<p>\u201cLo dicho: con funcionarios que no funcionan m\u00e1s ideas que tampoco funcionan\u2026 nada puede salir bien\u201d, advierte la ex presidenta.<\/p>\n\n\n\n<p>Por otro lado, hizo referencia a la ausencia del Presidente en el marco de la crisis por el gas, cuando se paraliza el transporte y la industria en algunas regiones del pa\u00eds.<\/p>\n\n\n\n<p>\u201cPD: <strong>no voy a hacer ning\u00fan comentario sobre la ausencia del Presidente en estos momentos tan complicados, por estar de gira art\u00edstica en el pa\u00eds del norte<\/strong>. Ya lo hab\u00edamos caracterizado el 14 de febrero en nuestro documento \u00b4Argentina en su tercera crisis de deuda\u00b4: un showmaneconomista en la Rosada\u201d, concluy\u00f3.<\/p>\n\n\n\n<figure class=\"wp-block-embed is-type-rich is-provider-twitter wp-block-embed-twitter\"><div class=\"wp-block-embed__wrapper\">\n<blockquote class=\"twitter-tweet\" data-width=\"550\" data-dnt=\"true\"><p lang=\"es\" dir=\"ltr\">Con super\u00e1vit dibujado (en mi barrio le dicen trucho) y sin gas en el ca\u00f1o. <br>\u00a0<br>Durante el gobierno del Frente de Todos, en autocr\u00edtica online, mencion\u00e9 como un problema el de los funcionarios que no funcionaban. <br>\u00a0<br>Con el actual gobierno, al problema de funcionarios que tampoco\u2026<\/p>&mdash; Cristina Kirchner (@CFKArgentina) <a href=\"https:\/\/twitter.com\/CFKArgentina\/status\/1795853615996788858?ref_src=twsrc%5Etfw\">May 29, 2024<\/a><\/blockquote><script async src=\"https:\/\/platform.twitter.com\/widgets.js\" charset=\"utf-8\"><\/script>\n<\/div><figcaption class=\"wp-element-caption\"><strong>La empresa Petrobras acept\u00f3 esta ma\u00f1ana las condiciones de pago del cargamento de GNL amarrado en el puerto de Escobar y comenz\u00f3 su descarga,<\/strong>\u00a0seg\u00fan confirm\u00f3 la empresa\u00a0ENARSA. \u201cHoy a las 9.10 se recibi\u00f3 la confirmaci\u00f3n de la carta de cr\u00e9dito emitida por el BNA (Banco Naci\u00f3n), de parte del banco designado por Petrobras\u201d, comunic\u00f3 la compa\u00f1\u00eda desde su cuenta de \u201cX\u201d.<br><br>ENARSA afirm\u00f3 que \u201cinmediatamente, se inicia el proceso de descarga del barco, que ya se encontraba amurado al buque regasificador de Escobar, conectado desde las 16 hs. del martes 28 de mayo\u201d.<br><strong>El proceso hasta que el GNL pase a la planta compresora y de all\u00ed comience a ser distribuido puede demandar entre 48 y 72 horas hasta alcanzar la normalizaci\u00f3n.<\/strong><br><br>Manuel Adorni hab\u00eda estimado que el problema se resolver\u00eda\u00a0esta misma noche, mientras que el secretario de Energ\u00eda,\u00a0Eduardo Rodr\u00edguez Chirillo, sostuvo que \u201cno es responsabilidad de este Gobierno no contar con capacidad plena\u201d del Gasoducto N\u00e9stor Kirchner.<\/figcaption><\/figure>\n","protected":false},"excerpt":{"rendered":"<p>\u00abAl problema de funcionarios que no funcionan (porque no saben o no entienden) se le ha sumado uno infinitamente m\u00e1s grave: el de las ideas que no funcionan\u00bb, asegur\u00f3 la ex presidenta Cristina Fern\u00e1ndez. La ex presidenta Cristina Fern\u00e1ndez de Kirchner advirti\u00f3 sobre un el \u201ccombo\u201d letal en materia de gesti\u00f3n estatal que viene de&hellip;<\/p>\n","protected":false},"author":1,"featured_media":125289,"comment_status":"open","ping_status":"open","sticky":false,"template":"","format":"standard","meta":{"footnotes":""},"categories":[13],"tags":[43027,1205,2450,28812,22025],"class_list":["post-130862","post","type-post","status-publish","format-standard","has-post-thumbnail","hentry","category-politica","tag-crisis-de-gas","tag-cristina-fernandez-de-kirchner","tag-diario-el-sindical","tag-javier-milei","tag-politica"],"_links":{"self":[{"href":"https:\/\/www.elsindical.com.ar\/notas\/wp-json\/wp\/v2\/posts\/130862","targetHints":{"allow":["GET"]}}],"collection":[{"href":"https:\/\/www.elsindical.com.ar\/notas\/wp-json\/wp\/v2\/posts"}],"about":[{"href":"https:\/\/www.elsindical.com.ar\/notas\/wp-json\/wp\/v2\/types\/post"}],"author":[{"embeddable":true,"href":"https:\/\/www.elsindical.com.ar\/notas\/wp-json\/wp\/v2\/users\/1"}],"replies":[{"embeddable":true,"href":"https:\/\/www.elsindical.com.ar\/notas\/wp-json\/wp\/v2\/comments?post=130862"}],"version-history":[{"count":1,"href":"https:\/\/www.elsindical.com.ar\/notas\/wp-json\/wp\/v2\/posts\/130862\/revisions"}],"predecessor-version":[{"id":130863,"href":"https:\/\/www.elsindical.com.ar\/notas\/wp-json\/wp\/v2\/posts\/130862\/revisions\/130863"}],"wp:featuredmedia":[{"embeddable":true,"href":"https:\/\/www.elsindical.com.ar\/notas\/wp-json\/wp\/v2\/media\/125289"}],"wp:attachment":[{"href":"https:\/\/www.elsindical.com.ar\/notas\/wp-json\/wp\/v2\/media?parent=130862"}],"wp:term":[{"taxonomy":"category","embeddable":true,"href":"https:\/\/www.elsindical.com.ar\/notas\/wp-json\/wp\/v2\/categories?post=130862"},{"taxonomy":"post_tag","embeddable":true,"href":"https:\/\/www.elsindical.com.ar\/notas\/wp-json\/wp\/v2\/tags?post=130862"}],"curies":[{"name":"wp","href":"https:\/\/api.w.org\/{rel}","templated":true}]}}