{"id":130829,"date":"2024-05-29T13:16:51","date_gmt":"2024-05-29T16:16:51","guid":{"rendered":"https:\/\/www.elsindical.com.ar\/notas\/?p=130829"},"modified":"2024-05-29T13:16:57","modified_gmt":"2024-05-29T16:16:57","slug":"brasil-retiro-oficialmente-a-su-embajador-en-israel-frederico-meyer","status":"publish","type":"post","link":"https:\/\/www.elsindical.com.ar\/notas\/brasil-retiro-oficialmente-a-su-embajador-en-israel-frederico-meyer\/","title":{"rendered":"Brasil retir\u00f3 oficialmente a su embajador en Israel, Frederico Meyer"},"content":{"rendered":"<div class=\"wp-block-image\">\n<figure class=\"aligncenter size-full is-resized\"><a href=\"https:\/\/www.elsindical.com.ar\/notas\/var\/www\/html\/notas\/wp-content\/uploads\/2024\/05\/Frederico-Meyer-retirado-de-Israel.jpg\"><img loading=\"lazy\" decoding=\"async\" width=\"700\" height=\"389\" src=\"https:\/\/www.elsindical.com.ar\/notas\/var\/www\/html\/notas\/wp-content\/uploads\/2024\/05\/Frederico-Meyer-retirado-de-Israel.jpg\" alt=\"\" class=\"wp-image-130830\" style=\"width:782px;height:auto\" srcset=\"https:\/\/www.elsindical.com.ar\/notas\/var\/www\/html\/notas\/wp-content\/uploads\/2024\/05\/Frederico-Meyer-retirado-de-Israel.jpg 700w, https:\/\/www.elsindical.com.ar\/notas\/var\/www\/html\/notas\/wp-content\/uploads\/2024\/05\/Frederico-Meyer-retirado-de-Israel-300x167.jpg 300w, https:\/\/www.elsindical.com.ar\/notas\/var\/www\/html\/notas\/wp-content\/uploads\/2024\/05\/Frederico-Meyer-retirado-de-Israel-500x278.jpg 500w\" sizes=\"auto, (max-width: 700px) 100vw, 700px\" \/><\/a><\/figure>\n<\/div>\n\n\n<p class=\"wp-block-paragraph\">El funcionario fue llamado a consultas meses atr\u00e1s cuando el gobierno de Netanyahu declar\u00f3 \u00abpersona non grata\u00bb a Lula da Silva.<\/p>\n\n\n\n<p class=\"wp-block-paragraph\">Luego de llamar a consultas a su embajador en <strong>Israel<\/strong>, el presidente brasile\u00f1o, <strong>Luiz In\u00e1cio Lula da Silva<\/strong> retir\u00f3 oficialmente a su representante diplom\u00e1tico, <strong>Frederico Meyer,<\/strong> del pa\u00eds en guerra. Para hacerlo, el mandatario de Brasil <strong>lo nombr\u00f3 como representante del pa\u00eds en la Conferencia de Desarme de Ginebra.<\/strong><\/p>\n\n\n\n<p class=\"wp-block-paragraph\">Esta decisi\u00f3n fue publicada en el <strong>Diario Oficial de la Uni\u00f3n Europea<\/strong>. A partir de este momento, la embajada en Tel Aviv queda en manos del encargado de negocios <strong>F\u00e1bio Farias<\/strong>, un diplom\u00e1tico de nivel inferior al del embajador.<\/p>\n\n\n\n<p class=\"wp-block-paragraph\">Meyer estaba fuera de Israel desde la crisis diplom\u00e1tica que se desat\u00f3 entre el gobierno de<strong> Benjam\u00edn Netanyahu<\/strong> y el de <strong>Lula da Silva<\/strong>, cuando el presidente brasile\u00f1o <strong>compar\u00f3 el genocidio en Gaza con el Holocausto<\/strong> y fue declarado por Israel como \u00ab<strong>persona non grata\u00bb.<\/strong><\/p>\n\n\n\n<p class=\"wp-block-paragraph\"><strong>\u201cNo hab\u00eda condiciones para que \u00e9l regresara\u201d<\/strong> a Israel, dijo sobre Meyer una fuente, tras el cambio de puesto.\u00a0<\/p>\n\n\n\n<h2 class=\"wp-block-heading\">Entidades brasile\u00f1as pidieron repudio del gobierno al accionar de Ir\u00e1n<\/h2>\n\n\n\n<p class=\"wp-block-paragraph\">Pocos d\u00edas antes de la decisi\u00f3n que tom\u00f3 el Ejecutivo de Brasil, la <strong>Confederaci\u00f3n Brasile\u00f1a de Israel (Conib) <\/strong>critic\u00f3 al presidente<strong> Lula da Silva<\/strong> por no haber repudiado el ataque de Ir\u00e1n contra territorio israel\u00ed.&nbsp;<\/p>\n\n\n\n<p class=\"wp-block-paragraph\">\u201cEl mundo democr\u00e1tico y varios pa\u00edses de Medio Oriente se han unido a Israel en la condena y la lucha contra el ataque de Ir\u00e1n\u201d, pero \u201cla actual pol\u00edtica exterior de Brasil <strong>opt\u00f3 por ponerse del lado de la teocracia iran\u00ed<\/strong> desvi\u00e1ndose una vez m\u00e1s de nuestra l\u00ednea diplom\u00e1tica hist\u00f3rica de condenar agresiones de este tipo. Lamentable\u201d, expres\u00f3 el presidente de la instituci\u00f3n, <strong>Claudio Lottenberg<\/strong>, en un comunicado.<\/p>\n\n\n\n<p class=\"wp-block-paragraph\">Cuando se confirm\u00f3 el ataque iran\u00ed a Israel, el <strong>Palacio Itamaraty<\/strong> public\u00f3 una nota en la que manifestaba \u201cpreocupaci\u00f3n\u201d y aseguraba que\u00a0<strong>esperaba la movilizaci\u00f3n de la comunidad internacional \u201cpara evitar una escalada\u201d.<\/strong><\/p>\n","protected":false},"excerpt":{"rendered":"<p>El funcionario fue llamado a consultas meses atr\u00e1s cuando el gobierno de Netanyahu declar\u00f3 \u00abpersona non grata\u00bb a Lula da Silva. Luego de llamar a consultas a su embajador en Israel, el presidente brasile\u00f1o, Luiz In\u00e1cio Lula da Silva retir\u00f3 oficialmente a su representante diplom\u00e1tico, Frederico Meyer, del pa\u00eds en guerra. Para hacerlo, el mandatario&hellip;<\/p>\n","protected":false},"author":1,"featured_media":130830,"comment_status":"open","ping_status":"open","sticky":false,"template":"","format":"standard","meta":{"footnotes":""},"categories":[18],"tags":[95,2450,43030,3528,22156],"class_list":["post-130829","post","type-post","status-publish","format-standard","has-post-thumbnail","hentry","category-internacionales","tag-brasil","tag-diario-el-sindical","tag-frederico-meyer","tag-israel","tag-lula-da-silva"],"_links":{"self":[{"href":"https:\/\/www.elsindical.com.ar\/notas\/wp-json\/wp\/v2\/posts\/130829","targetHints":{"allow":["GET"]}}],"collection":[{"href":"https:\/\/www.elsindical.com.ar\/notas\/wp-json\/wp\/v2\/posts"}],"about":[{"href":"https:\/\/www.elsindical.com.ar\/notas\/wp-json\/wp\/v2\/types\/post"}],"author":[{"embeddable":true,"href":"https:\/\/www.elsindical.com.ar\/notas\/wp-json\/wp\/v2\/users\/1"}],"replies":[{"embeddable":true,"href":"https:\/\/www.elsindical.com.ar\/notas\/wp-json\/wp\/v2\/comments?post=130829"}],"version-history":[{"count":1,"href":"https:\/\/www.elsindical.com.ar\/notas\/wp-json\/wp\/v2\/posts\/130829\/revisions"}],"predecessor-version":[{"id":130831,"href":"https:\/\/www.elsindical.com.ar\/notas\/wp-json\/wp\/v2\/posts\/130829\/revisions\/130831"}],"wp:featuredmedia":[{"embeddable":true,"href":"https:\/\/www.elsindical.com.ar\/notas\/wp-json\/wp\/v2\/media\/130830"}],"wp:attachment":[{"href":"https:\/\/www.elsindical.com.ar\/notas\/wp-json\/wp\/v2\/media?parent=130829"}],"wp:term":[{"taxonomy":"category","embeddable":true,"href":"https:\/\/www.elsindical.com.ar\/notas\/wp-json\/wp\/v2\/categories?post=130829"},{"taxonomy":"post_tag","embeddable":true,"href":"https:\/\/www.elsindical.com.ar\/notas\/wp-json\/wp\/v2\/tags?post=130829"}],"curies":[{"name":"wp","href":"https:\/\/api.w.org\/{rel}","templated":true}]}}