{"id":130802,"date":"2024-05-28T03:14:28","date_gmt":"2024-05-28T06:14:28","guid":{"rendered":"https:\/\/www.elsindical.com.ar\/notas\/?p=130802"},"modified":"2024-05-28T03:14:33","modified_gmt":"2024-05-28T06:14:33","slug":"el-gobierno-ratifico-que-el-30-de-junio-habra-mas-despidos-en-el-estado","status":"publish","type":"post","link":"https:\/\/www.elsindical.com.ar\/notas\/el-gobierno-ratifico-que-el-30-de-junio-habra-mas-despidos-en-el-estado\/","title":{"rendered":"El Gobierno ratific\u00f3 que el 30 de junio habr\u00e1 m\u00e1s despidos en el Estado"},"content":{"rendered":"<div class=\"wp-block-image\">\n<figure class=\"aligncenter size-full\"><a href=\"https:\/\/www.elsindical.com.ar\/notas\/var\/www\/html\/notas\/wp-content\/uploads\/2024\/05\/Manuel-Adorni-pulgares.jpg\"><img loading=\"lazy\" decoding=\"async\" width=\"550\" height=\"588\" src=\"https:\/\/www.elsindical.com.ar\/notas\/var\/www\/html\/notas\/wp-content\/uploads\/2024\/05\/Manuel-Adorni-pulgares.jpg\" alt=\"\" class=\"wp-image-130803\" srcset=\"https:\/\/www.elsindical.com.ar\/notas\/var\/www\/html\/notas\/wp-content\/uploads\/2024\/05\/Manuel-Adorni-pulgares.jpg 550w, https:\/\/www.elsindical.com.ar\/notas\/var\/www\/html\/notas\/wp-content\/uploads\/2024\/05\/Manuel-Adorni-pulgares-281x300.jpg 281w\" sizes=\"auto, (max-width: 550px) 100vw, 550px\" \/><\/a><\/figure>\n<\/div>\n\n\n<p>El vocero presidencial explic\u00f3 que hay un \u201cproceso permanente\u201d de evaluaci\u00f3n de la planta de empleados p\u00fablicos.<\/p>\n\n\n\n<p>El Gobierno nacional confirm\u00f3 hoy que el 30 de junio habr\u00e1 m\u00e1s despidos en el Estado: <strong>\u201cEs sano revisar cada \u00e1rea\u201d<\/strong>, dijo el vocero presidencial, Manuel Adorni, en conferencia de prensa en Casa Rosada al explicar que hay un \u201cproceso permanente\u201d de evaluaci\u00f3n de la planta de empleados p\u00fablicos.<\/p>\n\n\n\n<p>\u201cM\u00e1s despidos va a haber, con seguridad. Lo dijimos que iba a haber una segunda revisi\u00f3n, que se le iba a dar curso el 30 de junio. <strong>Eso va a seguir pasando, casi como un proceso permanente y eterno<\/strong>, revisar funcionamientos de determinadas \u00e1reas, qu\u00e9 valor agregan, si la dotaci\u00f3n es la correcta y si no lo es se corrige\u201d, ratific\u00f3.<\/p>\n\n\n\n<p>En ese sentido, agreg\u00f3: : \u201cEsto no quita que cada tres meses vayamos ejecutando el nuevo paso en esta limpieza de la planta estatal. <strong>Es sano que as\u00ed sea, que se revise cada \u00e1rea<\/strong>, y ver si efectivamente est\u00e1 funcionando bien o no con la dotaci\u00f3n asignada\u201d.<\/p>\n\n\n\n<h2 class=\"wp-block-heading\">Nicol\u00e1s Posse: \u201cEl criterio es mantener a la gente que trabaja\u201d<\/h2>\n\n\n\n<p>Al respecto, el jefe de Gabinete, Nicol\u00e1s Posse, sostuvo en su exposici\u00f3n en el Senado, en el marco de su informe de gesti\u00f3n a mediados de mayo, ante una consulta sobre los despidos en el Estado: <strong>\u201cEl criterio es mantener a la gente que trabaja y trabaja bien, si eso no se ocurre, se trabajar\u00e1 en corregirlo<\/strong>\u201d.<\/p>\n\n\n\n<p>\u201cCuando recibimos la administraci\u00f3n hab\u00eda una enorme cantidad de contratos que ten\u00edan vencimiento al 31 de diciembre y <strong>muy poca claridad de qu\u00e9 tareas realizaba esa gente y a qu\u00e9 estaban abocados<\/strong>. Esto se est\u00e1 poniendo en orden lo m\u00e1s r\u00e1pido posible de manera gradual, tratando de tener el foco puesto en la gente que hace su trabajo y da un servicio y no cometiendo injusticias\u201d, justific\u00f3.<\/p>\n\n\n\n<p>El jefe de Gabinete respondi\u00f3 a las preguntas de la senadora de la UCR, Carolina Losada, que le plante\u00f3: \u201cUna preocupaci\u00f3n que tengo tiene que ver con muchas <strong>denuncias que estoy recibiendo de gente que trabaja <\/strong>en diferentes organismos p\u00fablicos\u201d.<\/p>\n\n\n\n<p>\u201cTodos estamos de acuerdo, por lo menos la mayor\u00eda de nosotros, con barrer a todos los \u2018\u00f1oquis\u2019 de todos los organismos. Pero muchos est\u00e1n diciendo que <strong>se est\u00e1n dejando a muchos \u2018\u00f1oquis\u2019 y se est\u00e1 sacando a gente que realmente labura. <\/strong>Quisiera saber cu\u00e1l es el criterio que se lleva a cabo para barrer con los que corresponde y dejar a los que realmente trabajan y si se puede revisar para hacerlo con bistur\u00ed y no con motosierra\u201d.<\/p>\n","protected":false},"excerpt":{"rendered":"<p>El vocero presidencial explic\u00f3 que hay un \u201cproceso permanente\u201d de evaluaci\u00f3n de la planta de empleados p\u00fablicos. El Gobierno nacional confirm\u00f3 hoy que el 30 de junio habr\u00e1 m\u00e1s despidos en el Estado: \u201cEs sano revisar cada \u00e1rea\u201d, dijo el vocero presidencial, Manuel Adorni, en conferencia de prensa en Casa Rosada al explicar que hay&hellip;<\/p>\n","protected":false},"author":1,"featured_media":130803,"comment_status":"open","ping_status":"open","sticky":false,"template":"","format":"standard","meta":{"footnotes":""},"categories":[13],"tags":[53,2450,761,41770,40963,41918],"class_list":["post-130802","post","type-post","status-publish","format-standard","has-post-thumbnail","hentry","category-politica","tag-despidos","tag-diario-el-sindical","tag-gobierno-nacional","tag-manuel-adorni","tag-nicolas-posse","tag-vocero-presidencial"],"_links":{"self":[{"href":"https:\/\/www.elsindical.com.ar\/notas\/wp-json\/wp\/v2\/posts\/130802","targetHints":{"allow":["GET"]}}],"collection":[{"href":"https:\/\/www.elsindical.com.ar\/notas\/wp-json\/wp\/v2\/posts"}],"about":[{"href":"https:\/\/www.elsindical.com.ar\/notas\/wp-json\/wp\/v2\/types\/post"}],"author":[{"embeddable":true,"href":"https:\/\/www.elsindical.com.ar\/notas\/wp-json\/wp\/v2\/users\/1"}],"replies":[{"embeddable":true,"href":"https:\/\/www.elsindical.com.ar\/notas\/wp-json\/wp\/v2\/comments?post=130802"}],"version-history":[{"count":1,"href":"https:\/\/www.elsindical.com.ar\/notas\/wp-json\/wp\/v2\/posts\/130802\/revisions"}],"predecessor-version":[{"id":130804,"href":"https:\/\/www.elsindical.com.ar\/notas\/wp-json\/wp\/v2\/posts\/130802\/revisions\/130804"}],"wp:featuredmedia":[{"embeddable":true,"href":"https:\/\/www.elsindical.com.ar\/notas\/wp-json\/wp\/v2\/media\/130803"}],"wp:attachment":[{"href":"https:\/\/www.elsindical.com.ar\/notas\/wp-json\/wp\/v2\/media?parent=130802"}],"wp:term":[{"taxonomy":"category","embeddable":true,"href":"https:\/\/www.elsindical.com.ar\/notas\/wp-json\/wp\/v2\/categories?post=130802"},{"taxonomy":"post_tag","embeddable":true,"href":"https:\/\/www.elsindical.com.ar\/notas\/wp-json\/wp\/v2\/tags?post=130802"}],"curies":[{"name":"wp","href":"https:\/\/api.w.org\/{rel}","templated":true}]}}