{"id":130791,"date":"2024-05-27T12:44:56","date_gmt":"2024-05-27T15:44:56","guid":{"rendered":"https:\/\/www.elsindical.com.ar\/notas\/?p=130791"},"modified":"2024-05-27T12:45:03","modified_gmt":"2024-05-27T15:45:03","slug":"javier-milei-vuelve-a-los-viajes-al-exterior-y-se-convierte-en-presidente-con-mas-vuelos-y-ausencias","status":"publish","type":"post","link":"https:\/\/www.elsindical.com.ar\/notas\/javier-milei-vuelve-a-los-viajes-al-exterior-y-se-convierte-en-presidente-con-mas-vuelos-y-ausencias\/","title":{"rendered":"Javier Milei vuelve a los viajes al exterior y se convierte en presidente con m\u00e1s vuelos y ausencias"},"content":{"rendered":"\n<figure class=\"wp-block-image size-large\"><a href=\"https:\/\/www.elsindical.com.ar\/notas\/var\/www\/html\/notas\/wp-content\/uploads\/2024\/05\/Mileiaeropuerto.jpg\"><img loading=\"lazy\" decoding=\"async\" width=\"1024\" height=\"576\" src=\"https:\/\/www.elsindical.com.ar\/notas\/var\/www\/html\/notas\/wp-content\/uploads\/2024\/05\/Mileiaeropuerto-1024x576.jpg\" alt=\"\" class=\"wp-image-130792\" srcset=\"https:\/\/www.elsindical.com.ar\/notas\/var\/www\/html\/notas\/wp-content\/uploads\/2024\/05\/Mileiaeropuerto-1024x576.jpg 1024w, https:\/\/www.elsindical.com.ar\/notas\/var\/www\/html\/notas\/wp-content\/uploads\/2024\/05\/Mileiaeropuerto-300x169.jpg 300w, https:\/\/www.elsindical.com.ar\/notas\/var\/www\/html\/notas\/wp-content\/uploads\/2024\/05\/Mileiaeropuerto-768x432.jpg 768w, https:\/\/www.elsindical.com.ar\/notas\/var\/www\/html\/notas\/wp-content\/uploads\/2024\/05\/Mileiaeropuerto-500x281.jpg 500w, https:\/\/www.elsindical.com.ar\/notas\/var\/www\/html\/notas\/wp-content\/uploads\/2024\/05\/Mileiaeropuerto-460x260.jpg 460w, https:\/\/www.elsindical.com.ar\/notas\/var\/www\/html\/notas\/wp-content\/uploads\/2024\/05\/Mileiaeropuerto.jpg 1200w\" sizes=\"auto, (max-width: 1024px) 100vw, 1024px\" \/><\/a><\/figure>\n\n\n\n<p class=\"wp-block-paragraph\">El presidente Javier Milei emprende esta noche su cuarto viaje a los Estados Unidos. La agenda de los viajes previstos en junio.<\/p>\n\n\n\n<p class=\"wp-block-paragraph\"><strong>El presidente&nbsp;Javier Milei&nbsp;volver\u00e1 esta semana a&nbsp;Estados Unidos&nbsp;por lo que resta de mayo y el 1\u00b0 de junio dar\u00e1 el presente en la renovaci\u00f3n del mando de&nbsp;Nayib&nbsp;Bukele&nbsp;en&nbsp;El Salvador.&nbsp;<\/strong><\/p>\n\n\n\n<p class=\"wp-block-paragraph\">El mandatario viajar\u00e1 a\u00a0Estados Unidos\u00a0por cuarta vez desde el inicio de su mandato, con intenciones de <strong>reunirse el director de\u00a0Meta,\u00a0Mark Zuckerberg<\/strong>,\u00a0y asistir el 30 del mayo a la reuni\u00f3n tecnol\u00f3gica en\u00a0Silicon Valley,\u00a0zona sur del \u00c1rea de la Bah\u00eda de San Francisco.<\/p>\n\n\n\n<p class=\"wp-block-paragraph\">Entre los eventos de la agenda presidencial figuran reuniones con representantes de\u00a0OpenAI, Apple, Google de Alphabet,\u00a0entre otras firmas de la industria tecnol\u00f3gica, entre los que destacan un nuevo intercambio con\u00a0Elon Musk.\u00a0<\/p>\n\n\n\n<p class=\"wp-block-paragraph\"><strong>La comitiva presidencial partir\u00e1 el lunes por la noche<\/strong>, con intenciones de avanzar en&nbsp;el desarrollo de Inteligencia Artificial en la Argentina y en la recolecci\u00f3n de inversiones.&nbsp;<\/p>\n\n\n\n<h2 class=\"wp-block-heading\">Viajes en junio<\/h2>\n\n\n\n<p class=\"wp-block-paragraph\"><strong>El 1\u00b0 de junio,&nbsp;Milei tiene previsto presenciar&nbsp;el acto de renovaci\u00f3n del mando de&nbsp;Nayin Bukele&nbsp;en El Salvador<\/strong>, quien fue reelecto con el 85% de los votos por sobre&nbsp;<strong>Manuel<\/strong>&nbsp;<strong>Flores<\/strong>, aspirante del FLMN,&nbsp;y conquist\u00f3&nbsp;58 de 60 diputados de la Asamblea Legislativa.<\/p>\n\n\n\n<p class=\"wp-block-paragraph\">A pesar de que el salvadore\u00f1o no asisti\u00f3 a la ceremonia de asunci\u00f3n de asunci\u00f3n del libertario,&nbsp;envi\u00f3 a su ministro de Hacienda y Seguridad P\u00fablica,&nbsp;H\u00e9ctor Villatoro.&nbsp;<\/p>\n\n\n\n<p class=\"wp-block-paragraph\">En junio, <strong>el jefe de Estado visitar\u00e1&nbsp;Borgo Egnazia,&nbsp;Italia, para&nbsp;participar&nbsp;de la Cumbre del Grupo de los 7,&nbsp;<\/strong>conformado por&nbsp;Estados Unidos, Alemania, Jap\u00f3n, Canad\u00e1, Francia, Reino Unido e Italia&nbsp;que&nbsp;sesionar\u00e1 entre el&nbsp;13 y el 15 de junio.&nbsp;<\/p>\n\n\n\n<p class=\"wp-block-paragraph\">Como segunda parada de su vuelta a Europa, y <strong>a pesar de la escalada de conflicto con su par de Espa\u00f1a,\u00a0Pedro S\u00e1nchez, tiene previsto regresar a Madrid a mediados de junio<\/strong> para ser premiado por el\u00a0Instituto Juan de Mariana.\u00a0<\/p>\n\n\n\n<p class=\"wp-block-paragraph\">Lo har\u00e1 el&nbsp;21&nbsp;del mes,&nbsp;en el marco de&nbsp;la Cena de la Libertad que tendr\u00e1 lugar&nbsp;en el Casino de Madrid,&nbsp;durante&nbsp;la Semana de la Libertad.<\/p>\n\n\n\n<p class=\"wp-block-paragraph\"><strong>El \u00faltimo destino ser\u00e1&nbsp;Hamburgo, Alemania<\/strong>,&nbsp;donde su m\u00e1ximo exponente ser\u00e1 galardonado con&nbsp;la medalla Hayek,&nbsp;que se otorga en referencia al Nobel de econom\u00eda&nbsp;Frederic von Hayek el 22 de junio<\/p>\n","protected":false},"excerpt":{"rendered":"<p>El presidente Javier Milei emprende esta noche su cuarto viaje a los Estados Unidos. La agenda de los viajes previstos en junio. El presidente&nbsp;Javier Milei&nbsp;volver\u00e1 esta semana a&nbsp;Estados Unidos&nbsp;por lo que resta de mayo y el 1\u00b0 de junio dar\u00e1 el presente en la renovaci\u00f3n del mando de&nbsp;Nayib&nbsp;Bukele&nbsp;en&nbsp;El Salvador.&nbsp; El mandatario viajar\u00e1 a\u00a0Estados Unidos\u00a0por cuarta&hellip;<\/p>\n","protected":false},"author":1,"featured_media":130792,"comment_status":"open","ping_status":"open","sticky":false,"template":"","format":"standard","meta":{"footnotes":""},"categories":[13],"tags":[5582,2450,141,16477,1790,28812,1100,36537,43006,43007,43005],"class_list":["post-130791","post","type-post","status-publish","format-standard","has-post-thumbnail","hentry","category-politica","tag-apple","tag-diario-el-sindical","tag-eeuu","tag-el-salvador","tag-google","tag-javier-milei","tag-mark-zuckerberg","tag-meta","tag-nayib-bukele","tag-openai","tag-viajes-al-exterior"],"_links":{"self":[{"href":"https:\/\/www.elsindical.com.ar\/notas\/wp-json\/wp\/v2\/posts\/130791","targetHints":{"allow":["GET"]}}],"collection":[{"href":"https:\/\/www.elsindical.com.ar\/notas\/wp-json\/wp\/v2\/posts"}],"about":[{"href":"https:\/\/www.elsindical.com.ar\/notas\/wp-json\/wp\/v2\/types\/post"}],"author":[{"embeddable":true,"href":"https:\/\/www.elsindical.com.ar\/notas\/wp-json\/wp\/v2\/users\/1"}],"replies":[{"embeddable":true,"href":"https:\/\/www.elsindical.com.ar\/notas\/wp-json\/wp\/v2\/comments?post=130791"}],"version-history":[{"count":1,"href":"https:\/\/www.elsindical.com.ar\/notas\/wp-json\/wp\/v2\/posts\/130791\/revisions"}],"predecessor-version":[{"id":130793,"href":"https:\/\/www.elsindical.com.ar\/notas\/wp-json\/wp\/v2\/posts\/130791\/revisions\/130793"}],"wp:featuredmedia":[{"embeddable":true,"href":"https:\/\/www.elsindical.com.ar\/notas\/wp-json\/wp\/v2\/media\/130792"}],"wp:attachment":[{"href":"https:\/\/www.elsindical.com.ar\/notas\/wp-json\/wp\/v2\/media?parent=130791"}],"wp:term":[{"taxonomy":"category","embeddable":true,"href":"https:\/\/www.elsindical.com.ar\/notas\/wp-json\/wp\/v2\/categories?post=130791"},{"taxonomy":"post_tag","embeddable":true,"href":"https:\/\/www.elsindical.com.ar\/notas\/wp-json\/wp\/v2\/tags?post=130791"}],"curies":[{"name":"wp","href":"https:\/\/api.w.org\/{rel}","templated":true}]}}