{"id":130749,"date":"2024-05-24T21:36:50","date_gmt":"2024-05-25T00:36:50","guid":{"rendered":"https:\/\/www.elsindical.com.ar\/notas\/?p=130749"},"modified":"2024-05-24T21:36:57","modified_gmt":"2024-05-25T00:36:57","slug":"patricia-bullrich-y-javier-alonso-cerraron-las-jornadas-de-lucha-contra-el-narcotrafico","status":"publish","type":"post","link":"https:\/\/www.elsindical.com.ar\/notas\/patricia-bullrich-y-javier-alonso-cerraron-las-jornadas-de-lucha-contra-el-narcotrafico\/","title":{"rendered":"Patricia Bullrich y Javier Alonso cerraron las Jornadas de Lucha contra el Narcotr\u00e1fico"},"content":{"rendered":"\n<figure class=\"wp-block-image size-full\"><a href=\"https:\/\/www.elsindical.com.ar\/notas\/var\/www\/html\/notas\/wp-content\/uploads\/2024\/05\/Superintendencia-de-Institutos-de-Formacion-Policial.jpg\"><img loading=\"lazy\" decoding=\"async\" width=\"862\" height=\"572\" src=\"https:\/\/www.elsindical.com.ar\/notas\/var\/www\/html\/notas\/wp-content\/uploads\/2024\/05\/Superintendencia-de-Institutos-de-Formacion-Policial.jpg\" alt=\"\" class=\"wp-image-130750\" srcset=\"https:\/\/www.elsindical.com.ar\/notas\/var\/www\/html\/notas\/wp-content\/uploads\/2024\/05\/Superintendencia-de-Institutos-de-Formacion-Policial.jpg 862w, https:\/\/www.elsindical.com.ar\/notas\/var\/www\/html\/notas\/wp-content\/uploads\/2024\/05\/Superintendencia-de-Institutos-de-Formacion-Policial-300x199.jpg 300w, https:\/\/www.elsindical.com.ar\/notas\/var\/www\/html\/notas\/wp-content\/uploads\/2024\/05\/Superintendencia-de-Institutos-de-Formacion-Policial-768x510.jpg 768w, https:\/\/www.elsindical.com.ar\/notas\/var\/www\/html\/notas\/wp-content\/uploads\/2024\/05\/Superintendencia-de-Institutos-de-Formacion-Policial-452x300.jpg 452w\" sizes=\"auto, (max-width: 862px) 100vw, 862px\" \/><\/a><\/figure>\n\n\n\n<p class=\"wp-block-paragraph\">   En la ciudad de La Plata, los ministros de seguridad de la Naci\u00f3n, Patricia Bullrich y de la provincia de Buenos Aires, Javier Alonso, cerraron la tercera jornada de lucha contra el Narcotr\u00e1fico de las que participaron, las m\u00e1ximas autoridades de las fuerzas de seguridad federales y provinciales, al igual que funcionarios judiciales y de la AFIP por los v\u00ednculos econ\u00f3micos producto del il\u00edcito.<\/p>\n\n\n\n<figure class=\"wp-block-image size-full\"><a href=\"https:\/\/www.elsindical.com.ar\/notas\/var\/www\/html\/notas\/wp-content\/uploads\/2024\/05\/Patricia-Bullrich-en-La-Plata.jpg\"><img loading=\"lazy\" decoding=\"async\" width=\"862\" height=\"558\" src=\"https:\/\/www.elsindical.com.ar\/notas\/var\/www\/html\/notas\/wp-content\/uploads\/2024\/05\/Patricia-Bullrich-en-La-Plata.jpg\" alt=\"\" class=\"wp-image-130751\" srcset=\"https:\/\/www.elsindical.com.ar\/notas\/var\/www\/html\/notas\/wp-content\/uploads\/2024\/05\/Patricia-Bullrich-en-La-Plata.jpg 862w, https:\/\/www.elsindical.com.ar\/notas\/var\/www\/html\/notas\/wp-content\/uploads\/2024\/05\/Patricia-Bullrich-en-La-Plata-300x194.jpg 300w, https:\/\/www.elsindical.com.ar\/notas\/var\/www\/html\/notas\/wp-content\/uploads\/2024\/05\/Patricia-Bullrich-en-La-Plata-768x497.jpg 768w, https:\/\/www.elsindical.com.ar\/notas\/var\/www\/html\/notas\/wp-content\/uploads\/2024\/05\/Patricia-Bullrich-en-La-Plata-463x300.jpg 463w\" sizes=\"auto, (max-width: 862px) 100vw, 862px\" \/><\/a><\/figure>\n\n\n\n<p class=\"wp-block-paragraph\">La ministro de Seguridad <strong>Patricia Bullrich<\/strong> estuvo en la ciudad de la Plata junto con el ministro de la Provincia Javier Alonso en lo que fue la entrega de condecoraciones a 100 efectivos de la polic\u00eda que participaron del Curso Avanzado de la Lucha contra el Narcotr\u00e1fico.\u00a0Patricia Bullrich Fue recibida por el ministro se Seguridad de la Provincia, <strong>Javier Alonso<\/strong> y adem\u00e1s estuvieron\u00a0presentes, <strong>Juan Pablo Allan<\/strong>, <strong>Marcelo Romero<\/strong>, el Jefe de Polic\u00eda provincial <strong>Javier Carlos Villar <\/strong>y distintos referentes provinciales. Todos se fueron\u00a0 sin brindar declaraciones a los medios de prensa.<\/p>\n\n\n<div class=\"wp-block-image\">\n<figure class=\"aligncenter size-full is-resized\"><a href=\"https:\/\/www.elsindical.com.ar\/notas\/var\/www\/html\/notas\/wp-content\/uploads\/2024\/05\/Bullrich-Alonso-Villar.jpg\"><img loading=\"lazy\" decoding=\"async\" width=\"750\" height=\"346\" src=\"https:\/\/www.elsindical.com.ar\/notas\/var\/www\/html\/notas\/wp-content\/uploads\/2024\/05\/Bullrich-Alonso-Villar.jpg\" alt=\"\" class=\"wp-image-130752\" style=\"width:842px;height:auto\" srcset=\"https:\/\/www.elsindical.com.ar\/notas\/var\/www\/html\/notas\/wp-content\/uploads\/2024\/05\/Bullrich-Alonso-Villar.jpg 750w, https:\/\/www.elsindical.com.ar\/notas\/var\/www\/html\/notas\/wp-content\/uploads\/2024\/05\/Bullrich-Alonso-Villar-300x138.jpg 300w, https:\/\/www.elsindical.com.ar\/notas\/var\/www\/html\/notas\/wp-content\/uploads\/2024\/05\/Bullrich-Alonso-Villar-500x231.jpg 500w\" sizes=\"auto, (max-width: 750px) 100vw, 750px\" \/><\/a><\/figure>\n<\/div>\n\n\n<p class=\"wp-block-paragraph\">Participaron efectivos de las Fuerzas\u00a0Federales y Provinciales y distintos organismos judiciales. Tambi\u00e9n personal de\u00a0la AFIP por los delitos econ\u00f3micos vinculados al narcotr\u00e1fico.<\/p>\n\n\n\n<p class=\"wp-block-paragraph\">El ministro de Seguridad bonaerense Javier Alonso, por su parte, volvi\u00f3 a reclamar por\u00a0el Fondo de Incentivo.<\/p>\n\n\n\n<p class=\"wp-block-paragraph\">El <strong>Curso\u00a0Avanzado de la Lucha contra el Narcotr\u00e1fico<\/strong>\u00a0ya gener\u00f3 que se capaciten\u00a0unos 1000 oficiales de la<strong> Polic\u00eda\u00a0Bonaerense<\/strong> y las <strong>Fuerzas Federales<\/strong>. La\u00a0ministra que lleg\u00f3 a eso de las 18:30 viene de juntarse a fines de abril con el gobernador de Entre R\u00edos, Rogelio Frigerio por la misma capacitaci\u00f3n de ir por todos los frente contra el delito de tr\u00e1fico de drogas.<\/p>\n\n\n\n<p class=\"wp-block-paragraph\">En ese momento la ministro hab\u00eda declarado\u00a0que hay que <strong>\u00abprepararse para combatir uno de los delitos m\u00e1s dif\u00edciles y que nos desaf\u00eda todos los d\u00edas en la carrera profesional. El narcotraficante, las organizaciones narcocriminales, intentan todo el tiempo sobrepasar a los funcionarios, a la ley, tomar territorios, corromper polic\u00eda, jueces, pol\u00edticos, y generar un dominio sobre el Estado\u00bb<\/strong>.<\/p>\n","protected":false},"excerpt":{"rendered":"<p>En la ciudad de La Plata, los ministros de seguridad de la Naci\u00f3n, Patricia Bullrich y de la provincia de Buenos Aires, Javier Alonso, cerraron la tercera jornada de lucha contra el Narcotr\u00e1fico de las que participaron, las m\u00e1ximas autoridades de las fuerzas de seguridad federales y provinciales, al igual que funcionarios judiciales y de&hellip;<\/p>\n","protected":false},"author":1,"featured_media":130750,"comment_status":"open","ping_status":"open","sticky":false,"template":"","format":"standard","meta":{"footnotes":""},"categories":[22],"tags":[69,2450,4084,11351,33318,42799,42994,239,42609,1241,42995],"class_list":["post-130749","post","type-post","status-publish","format-standard","has-post-thumbnail","hentry","category-policiales","tag-afip","tag-diario-el-sindical","tag-fuerzas-de-seguridad","tag-fuerzas-federales","tag-javier-alonso","tag-jefe-de-policia-comisario-general-javier-carlos-villar","tag-jornadas-de-lucha-contra-el-narcotrafico","tag-la-plata","tag-noticias-policiales","tag-patricia-bullrich","tag-superintendencia-de-institutos-de-formacion-policial"],"_links":{"self":[{"href":"https:\/\/www.elsindical.com.ar\/notas\/wp-json\/wp\/v2\/posts\/130749","targetHints":{"allow":["GET"]}}],"collection":[{"href":"https:\/\/www.elsindical.com.ar\/notas\/wp-json\/wp\/v2\/posts"}],"about":[{"href":"https:\/\/www.elsindical.com.ar\/notas\/wp-json\/wp\/v2\/types\/post"}],"author":[{"embeddable":true,"href":"https:\/\/www.elsindical.com.ar\/notas\/wp-json\/wp\/v2\/users\/1"}],"replies":[{"embeddable":true,"href":"https:\/\/www.elsindical.com.ar\/notas\/wp-json\/wp\/v2\/comments?post=130749"}],"version-history":[{"count":1,"href":"https:\/\/www.elsindical.com.ar\/notas\/wp-json\/wp\/v2\/posts\/130749\/revisions"}],"predecessor-version":[{"id":130753,"href":"https:\/\/www.elsindical.com.ar\/notas\/wp-json\/wp\/v2\/posts\/130749\/revisions\/130753"}],"wp:featuredmedia":[{"embeddable":true,"href":"https:\/\/www.elsindical.com.ar\/notas\/wp-json\/wp\/v2\/media\/130750"}],"wp:attachment":[{"href":"https:\/\/www.elsindical.com.ar\/notas\/wp-json\/wp\/v2\/media?parent=130749"}],"wp:term":[{"taxonomy":"category","embeddable":true,"href":"https:\/\/www.elsindical.com.ar\/notas\/wp-json\/wp\/v2\/categories?post=130749"},{"taxonomy":"post_tag","embeddable":true,"href":"https:\/\/www.elsindical.com.ar\/notas\/wp-json\/wp\/v2\/tags?post=130749"}],"curies":[{"name":"wp","href":"https:\/\/api.w.org\/{rel}","templated":true}]}}