{"id":130746,"date":"2024-05-24T13:17:28","date_gmt":"2024-05-24T16:17:28","guid":{"rendered":"https:\/\/www.elsindical.com.ar\/notas\/?p=130746"},"modified":"2024-05-24T13:17:33","modified_gmt":"2024-05-24T16:17:33","slug":"christian-rasmussen-y-un-escandalo-en-el-inti","status":"publish","type":"post","link":"https:\/\/www.elsindical.com.ar\/notas\/christian-rasmussen-y-un-escandalo-en-el-inti\/","title":{"rendered":"Christian Rasmussen y un esc\u00e1ndalo en el INTI"},"content":{"rendered":"<div class=\"wp-block-image\">\n<figure class=\"aligncenter size-full\"><a href=\"https:\/\/www.elsindical.com.ar\/notas\/var\/www\/html\/notas\/wp-content\/uploads\/2024\/05\/Christian-Rasmussen.jpg\"><img loading=\"lazy\" decoding=\"async\" width=\"700\" height=\"775\" src=\"https:\/\/www.elsindical.com.ar\/notas\/var\/www\/html\/notas\/wp-content\/uploads\/2024\/05\/Christian-Rasmussen.jpg\" alt=\"\" class=\"wp-image-130747\" srcset=\"https:\/\/www.elsindical.com.ar\/notas\/var\/www\/html\/notas\/wp-content\/uploads\/2024\/05\/Christian-Rasmussen.jpg 700w, https:\/\/www.elsindical.com.ar\/notas\/var\/www\/html\/notas\/wp-content\/uploads\/2024\/05\/Christian-Rasmussen-271x300.jpg 271w\" sizes=\"auto, (max-width: 700px) 100vw, 700px\" \/><\/a><\/figure>\n<\/div>\n\n\n<p>Los trabajadores del Instituto Nacional de Tecnolog\u00eda Industrial (INTI) se encuentran en alerta ante la posibilidad de una reducci\u00f3n de un 30% de la planta laboral, lo que implicar\u00eda unos 900 despidos, y en el medio denunciaron un ins\u00f3lito episodio: el gerente de recursos humanos rompi\u00f3 el mosquitero y se escap\u00f3 corriendo por la venta ante el temor de cruzarse con los gremios, que reclamaban explicaciones.<\/p>\n\n\n\n<p>Se trata del pilarense Christian Rasmussen, exfuncionario de varias gestiones locales y nacionales, adem\u00e1s de candidato por distintos espacios pol\u00edticos en el Distrito al menos desde 2017.<\/p>\n\n\n\n<p>Cuando trascendi\u00f3 la decisi\u00f3n de los despidos, ante una asamblea de trabajadores, Rasmussen rompi\u00f3 el mosquitero de su oficina y se escap\u00f3 corriendo del lugar para no cruzarse a los empleados que reclamaban respuestas.<\/p>\n\n\n\n<p>El INTI es uno de los organismos estatales encargado de la investigaci\u00f3n y desarrollo tecnol\u00f3gico, la certificaci\u00f3n de calidad y la asistencia t\u00e9cnica a empresas.<\/p>\n\n\n\n<p>La noticia de los despidos masivos comenz\u00f3 a circular en la ma\u00f1ana del mi\u00e9rcoles, que se suman a las m\u00e1s de 16 mil desvinculaciones en lo que respecta al trabajo estatal durante el Gobierno de Javier Milei.<\/p>\n","protected":false},"excerpt":{"rendered":"<p>Los trabajadores del Instituto Nacional de Tecnolog\u00eda Industrial (INTI) se encuentran en alerta ante la posibilidad de una reducci\u00f3n de un 30% de la planta laboral, lo que implicar\u00eda unos 900 despidos, y en el medio denunciaron un ins\u00f3lito episodio: el gerente de recursos humanos rompi\u00f3 el mosquitero y se escap\u00f3 corriendo por la venta&hellip;<\/p>\n","protected":false},"author":1,"featured_media":130747,"comment_status":"open","ping_status":"open","sticky":false,"template":"","format":"standard","meta":{"footnotes":""},"categories":[16],"tags":[42992,53,2450,42993,666,11424,28812],"class_list":["post-130746","post","type-post","status-publish","format-standard","has-post-thumbnail","hentry","category-gremiales","tag-christian-rasmussen","tag-despidos","tag-diario-el-sindical","tag-gerente-de-recursos-humanos","tag-gremios","tag-inti","tag-javier-milei"],"_links":{"self":[{"href":"https:\/\/www.elsindical.com.ar\/notas\/wp-json\/wp\/v2\/posts\/130746","targetHints":{"allow":["GET"]}}],"collection":[{"href":"https:\/\/www.elsindical.com.ar\/notas\/wp-json\/wp\/v2\/posts"}],"about":[{"href":"https:\/\/www.elsindical.com.ar\/notas\/wp-json\/wp\/v2\/types\/post"}],"author":[{"embeddable":true,"href":"https:\/\/www.elsindical.com.ar\/notas\/wp-json\/wp\/v2\/users\/1"}],"replies":[{"embeddable":true,"href":"https:\/\/www.elsindical.com.ar\/notas\/wp-json\/wp\/v2\/comments?post=130746"}],"version-history":[{"count":1,"href":"https:\/\/www.elsindical.com.ar\/notas\/wp-json\/wp\/v2\/posts\/130746\/revisions"}],"predecessor-version":[{"id":130748,"href":"https:\/\/www.elsindical.com.ar\/notas\/wp-json\/wp\/v2\/posts\/130746\/revisions\/130748"}],"wp:featuredmedia":[{"embeddable":true,"href":"https:\/\/www.elsindical.com.ar\/notas\/wp-json\/wp\/v2\/media\/130747"}],"wp:attachment":[{"href":"https:\/\/www.elsindical.com.ar\/notas\/wp-json\/wp\/v2\/media?parent=130746"}],"wp:term":[{"taxonomy":"category","embeddable":true,"href":"https:\/\/www.elsindical.com.ar\/notas\/wp-json\/wp\/v2\/categories?post=130746"},{"taxonomy":"post_tag","embeddable":true,"href":"https:\/\/www.elsindical.com.ar\/notas\/wp-json\/wp\/v2\/tags?post=130746"}],"curies":[{"name":"wp","href":"https:\/\/api.w.org\/{rel}","templated":true}]}}